{"id":30488,"date":"2017-11-23T22:22:22","date_gmt":"2017-11-23T21:22:22","guid":{"rendered":"http:\/\/zonenklaus.de\/wordpress\/?p=30488"},"modified":"2017-11-24T02:49:01","modified_gmt":"2017-11-24T01:49:01","slug":"spd-chef-martin-schulz-kaempft-um-sein-amt","status":"publish","type":"post","link":"https:\/\/zonenklaus.de\/wordpress\/?p=30488","title":{"rendered":"SPD-Chef Martin Schulz k\u00e4mpft um sein Amt"},"content":{"rendered":"<p><a href=\"http:\/\/www.tagesspiegel.de\/politik\/spd-chef-martin-schulz-kaempft-um-sein-amt\/20625302.html\">Wie soll das den aussehen?<\/a><br \/>\n<em>Kannnn der dennnne das \u00fcberhaupt<\/em><strong>?<\/strong><br \/>\nVor einigen Monaten hatte er es doch schon mal probiert, allerdings nur mit seiner gro\u00dfen Klappe.<br \/>\nDabei schien er etwas vergessen zuhaben, vielleicht hat man ihm das aber nie vermittelt.<br \/>\nWie hei\u00dft es doch so sch\u00f6n?<br \/>\nErst Gehirn einschalten und dann reden!<br \/>\nAlles sollte so \u00e4hnlich ablaufen, wie bei einer <a href=\"https:\/\/de.wikipedia.org\/wiki\/Stern-Dreieck-Anlaufschaltung\">Stern-Dreieck-Anlaufschaltung<\/a>!<br \/>\nWo ein gro\u00dfer Drehstrommotor mit reduzierter Leistungsaufnahme im Sternmodus startet und nachfolgend auf Dreieckschaltung umgestellt wird.<br \/>\nHierbei handelt es sich lediglich um mehrfache simple physikalische Probleme.<br \/>\nMan kann davon ausgehen, in den grauen Zellen l\u00e4uft es \u00e4hnlich ab, allerdings <i>etwas<\/i> komplizierter!<br \/>\n<i><a href=\"https:\/\/www.dasgehirn.info\/grundlagen\/kommunikation-der-zellen\/nervenzellen-im-gespraech\">Um die 86 Milliarden Neurone<\/a> m\u00fcssen st\u00e4ndig miteinander kommunizieren, damit der Mensch f\u00fchlen, handeln, denken kann. In Millisekunden finden an tausenden Zellen komplexe chemische und elektrische Prozesse statt &#8211; f\u00fcr eine einzige sinnvolle Handlung.<\/i><br \/>\nDie beiden letzten S\u00e4tze geben lediglich die Grundvoraussetzungen wieder, in welch <i>affenartiger<\/i> Geschwindigkeit die Korrespondenzen zwischen den Programmen auf der menschlichen Festplatte ablaufen. Fast jeder k\u00f6nnte sich ja nun vorstellen, was f\u00fcr chaotische Zust\u00e4nde<i> <\/i>entstehen, wenn ganz bestimmte Dateien<b>*<\/b> schlicht fehlen, deren Vermittlung nicht f\u00fcr notwendig erachtet wurden. Weil stattdessen, in vollkommener Ahnungslosigkeit, zu diesem Zweck aber im fr\u00fchkindlichen Stadium bereits, jenes R\u00e4derwerk der unendlichen Verdummung bis hin zur Urne, anlaufen musste. Nicht zu vergessen sind Myriaden von Viren, welche auf Grund schr\u00e4ger Erfahrungen in lebenslangen Sozialisationsprozessen hinzukommen und letztlich f\u00fcr die Laufmaschen am Geflecht der Nervenbahnen sorgen&#8230;<br \/>\nAlso, ehe nicht die volle Leistung ansteht, unbedingt die Klappe halten!<\/p>\n<p>*Meine damit <a href=\"http:\/\/www.jochenolbrich.homepage.t-online.de\/Tugenden.htm\"><i>Tugenden<\/i><\/a>.<br \/>\nWill mich hier aber nicht dar\u00fcber auslassen, welchiger Art ich bei Mr.100%nixKanzler richtiggehend vermisse, was Genossin N. betrifft, wird auch geschwiegen&#8230;<\/p>\n<p><strong>Fu\u00dfnote: <\/strong>Vielleicht quatscht Mr.100%nixKanzler Mutti diesmal besoffen und sie l\u00e4sst sich auf eine GroKoDo<strong>*<\/strong> ein. \u00c4nschie regiert dann an den Tagen mit geraden Zahlen, er an den anderen. Wobei t\u00e4glich nat\u00fcrlich auch die Vizekanzlerschaft getauscht werden muss!<\/p>\n<p><strong>*<\/strong>GroKoDoppelspitzenkanzlerschaft<\/p>\n","protected":false},"excerpt":{"rendered":"<p>Wie soll das den aussehen? Kannnn der dennnne das \u00fcberhaupt? Vor einigen Monaten hatte er es doch schon mal probiert, allerdings nur mit seiner gro\u00dfen Klappe. Dabei schien er etwas vergessen zuhaben, vielleicht hat man ihm das aber nie vermittelt. Wie hei\u00dft es doch so sch\u00f6n? Erst Gehirn einschalten und dann reden! Alles sollte so [&hellip;]<\/p>\n","protected":false},"author":6,"featured_media":0,"comment_status":"open","ping_status":"open","sticky":false,"template":"","format":"standard","meta":{"footnotes":""},"categories":[1,22],"tags":[],"class_list":["post-30488","post","type-post","status-publish","format-standard","hentry","category-allgemeines","category-der-tagesspiegel"],"_links":{"self":[{"href":"https:\/\/zonenklaus.de\/wordpress\/index.php?rest_route=\/wp\/v2\/posts\/30488","targetHints":{"allow":["GET"]}}],"collection":[{"href":"https:\/\/zonenklaus.de\/wordpress\/index.php?rest_route=\/wp\/v2\/posts"}],"about":[{"href":"https:\/\/zonenklaus.de\/wordpress\/index.php?rest_route=\/wp\/v2\/types\/post"}],"author":[{"embeddable":true,"href":"https:\/\/zonenklaus.de\/wordpress\/index.php?rest_route=\/wp\/v2\/users\/6"}],"replies":[{"embeddable":true,"href":"https:\/\/zonenklaus.de\/wordpress\/index.php?rest_route=%2Fwp%2Fv2%2Fcomments&post=30488"}],"version-history":[{"count":3,"href":"https:\/\/zonenklaus.de\/wordpress\/index.php?rest_route=\/wp\/v2\/posts\/30488\/revisions"}],"predecessor-version":[{"id":30491,"href":"https:\/\/zonenklaus.de\/wordpress\/index.php?rest_route=\/wp\/v2\/posts\/30488\/revisions\/30491"}],"wp:attachment":[{"href":"https:\/\/zonenklaus.de\/wordpress\/index.php?rest_route=%2Fwp%2Fv2%2Fmedia&parent=30488"}],"wp:term":[{"taxonomy":"category","embeddable":true,"href":"https:\/\/zonenklaus.de\/wordpress\/index.php?rest_route=%2Fwp%2Fv2%2Fcategories&post=30488"},{"taxonomy":"post_tag","embeddable":true,"href":"https:\/\/zonenklaus.de\/wordpress\/index.php?rest_route=%2Fwp%2Fv2%2Ftags&post=30488"}],"curies":[{"name":"wp","href":"https:\/\/api.w.org\/{rel}","templated":true}]}}