{"id":30542,"date":"2017-11-28T22:14:18","date_gmt":"2017-11-28T21:14:18","guid":{"rendered":"http:\/\/zonenklaus.de\/wordpress\/?p=30542"},"modified":"2025-08-26T08:06:01","modified_gmt":"2025-08-26T07:06:01","slug":"wirklich-ein-alleingang-von-landwirtschaftsminister-christian-schmidt","status":"publish","type":"post","link":"https:\/\/zonenklaus.de\/wordpress\/?p=30542","title":{"rendered":"Wirklich ein Alleingang von Landwirtschaftsminister Christian Schmidt?"},"content":{"rendered":"<p><a href=\"https:\/\/www.gmx.net\/magazine\/politik\/glyphosat-alleingang-landwirtschaftsminister-christian-schmidt-folgt-32652200\">Wer selbigen Notirrtum glaubt<\/a>, erh\u00e4lt im Himmel einen Sozialrabatt! <span style=\"font-size: xx-small;\"><b>(<\/b><\/span><span style=\"font-size: xx-small;\"><i>Einstmals<\/i><\/span><span style=\"font-size: xx-small;\"><i>: Wer\u00b4s glaubt, wird selig!<\/i><\/span><span style=\"font-size: xx-small;\"><b>)<\/b><\/span><br \/>\nNach dem Urnengang ward <strong><em>Mutti<\/em><\/strong> noch leicht irritiert, als <em>100%Martin<\/em> sofort posaunte, es wird keine weitere <em>Gro-Ko<\/em> mit ihm geben und seine agile\u00a0 <em>Wadenbei\u00dferin<\/em> echote den Spruch ewig nach.<br \/>\nDann folgten mehrere Wochen der Jamaika-Traumt\u00e4nzerei, mit ewigen Geplapper nebst den \u00fcblichen Selbstdarstellungen. Nur die <em>Frau Kanzler<\/em> schien dabei ihrer Lieblingsbesch\u00e4ftigung nachzugehen, alles vollkommen F\u00fchrungslos auszusitzen<strong>!<\/strong><br \/>\nDann legte aber der <em>Gelbe<\/em> pl\u00f6tzlich einen R\u00fcckzieher hin, den werden ihm bestimmt nicht viele danken.<br \/>\nDanach kam mir kurz das Gef\u00fchl hoch, <em>\u00c4nschie<\/em> schien ihre Niedergeschlagenheit nicht zuspielen, denn sie schlich regelrecht vor den Kameras herum. F\u00fcr meine Begriffe, gewohnheitsm\u00e4\u00dfig nicht sehr vorteilhaft gekleidet, erinnert mich ihre r\u00fcckw\u00e4rtig ausladende Ansicht oftmals auch an ein belgisches Kaltblut, kommt vielleicht von der vielen Sitzerei&#8230;<br \/>\n\u00dcber eine Woche nun neuerlicher Hickhack, nur keine Neuwahlen!<br \/>\nEs wird aber nicht an der Vermutung liegen, dass sich anschlie\u00dfend alle Vereine blo\u00dfstellen w\u00fcrden, denn letztlich k\u00e4me es auch hier zu polnischen oder ungarischen Verh\u00e4ltnissen, durch den massenhaften Verzicht des Waschzettelausf\u00fcllens. Davon kann n\u00e4mlich nur der rechte Rand profitieren und deren Zuw\u00e4chse passen momentan <i><u>keiner<\/u><\/i><u> <\/u><i><u>Partei<\/u><\/i><u> <\/u>in den Kram!<br \/>\nUm tragf\u00e4hige Koalitionen in der Zukunft einzugehen, frei nach dem heutigen <i>Demokrat<\/i><strong>ur<\/strong><i>verst\u00e4ndnis<\/i>, muss man die AfD unbedingt einplanen und daf\u00fcr m\u00fcssen sie vorgef\u00fchrt werden. Denn an deren Populismus vom Schn\u00e4ppchentisch, der nicht nur rechtslastig ausfallen wird, kommen die <i>sog. etablierten Parteien fr\u00fcherer Tage<\/i>, noch nicht mal ansatzweise vorbei, wenn sie nicht noch die verbliebenen Reste ihrer bereits arg deformierten Gesichter verlieren wollen.<br \/>\nDas <i>rest-linkslastige<\/i><em> Spektrum<\/em> wird aber \u00fcblicherweise so dumm sein und versuchen noch tiefer zu stapeln, um entfleuchte W\u00e4hlerstimmen erneut zu erheischen. Weil es den den <i>K\u00f6ppen<\/i> oben, den <i>Jak\u00f6ppen<\/i>, \u00fcblicherweise wiederum nur um die entsprechenden Kreuzchen gehen wird, nicht um die Menschen, denen sie ihre seltsamen <i>demokrat<\/i><strong>ur<\/strong><i>ischen <\/i>Gepflogenheit immer durchtriebener aufschwatzen&#8230;<\/p>\n<p>Geht weiter<\/p>\n","protected":false},"excerpt":{"rendered":"<p>Wer selbigen Notirrtum glaubt, erh\u00e4lt im Himmel einen Sozialrabatt! (Einstmals: Wer\u00b4s glaubt, wird selig!) Nach dem Urnengang ward Mutti noch leicht irritiert, als 100%Martin sofort posaunte, es wird keine weitere Gro-Ko mit ihm geben und seine agile\u00a0 Wadenbei\u00dferin echote den Spruch ewig nach. Dann folgten mehrere Wochen der Jamaika-Traumt\u00e4nzerei, mit ewigen Geplapper nebst den \u00fcblichen [&hellip;]<\/p>\n","protected":false},"author":6,"featured_media":0,"comment_status":"open","ping_status":"open","sticky":false,"template":"","format":"standard","meta":{"footnotes":""},"categories":[1],"tags":[],"class_list":["post-30542","post","type-post","status-publish","format-standard","hentry","category-allgemeines"],"_links":{"self":[{"href":"https:\/\/zonenklaus.de\/wordpress\/index.php?rest_route=\/wp\/v2\/posts\/30542","targetHints":{"allow":["GET"]}}],"collection":[{"href":"https:\/\/zonenklaus.de\/wordpress\/index.php?rest_route=\/wp\/v2\/posts"}],"about":[{"href":"https:\/\/zonenklaus.de\/wordpress\/index.php?rest_route=\/wp\/v2\/types\/post"}],"author":[{"embeddable":true,"href":"https:\/\/zonenklaus.de\/wordpress\/index.php?rest_route=\/wp\/v2\/users\/6"}],"replies":[{"embeddable":true,"href":"https:\/\/zonenklaus.de\/wordpress\/index.php?rest_route=%2Fwp%2Fv2%2Fcomments&post=30542"}],"version-history":[{"count":4,"href":"https:\/\/zonenklaus.de\/wordpress\/index.php?rest_route=\/wp\/v2\/posts\/30542\/revisions"}],"predecessor-version":[{"id":44127,"href":"https:\/\/zonenklaus.de\/wordpress\/index.php?rest_route=\/wp\/v2\/posts\/30542\/revisions\/44127"}],"wp:attachment":[{"href":"https:\/\/zonenklaus.de\/wordpress\/index.php?rest_route=%2Fwp%2Fv2%2Fmedia&parent=30542"}],"wp:term":[{"taxonomy":"category","embeddable":true,"href":"https:\/\/zonenklaus.de\/wordpress\/index.php?rest_route=%2Fwp%2Fv2%2Fcategories&post=30542"},{"taxonomy":"post_tag","embeddable":true,"href":"https:\/\/zonenklaus.de\/wordpress\/index.php?rest_route=%2Fwp%2Fv2%2Ftags&post=30542"}],"curies":[{"name":"wp","href":"https:\/\/api.w.org\/{rel}","templated":true}]}}