{"id":30688,"date":"2018-01-01T00:11:18","date_gmt":"2017-12-31T23:11:18","guid":{"rendered":"http:\/\/zonenklaus.de\/wordpress\/?p=30688"},"modified":"2018-01-01T23:30:23","modified_gmt":"2018-01-01T22:30:23","slug":"2018","status":"publish","type":"post","link":"https:\/\/zonenklaus.de\/wordpress\/?p=30688","title":{"rendered":"*2018"},"content":{"rendered":"<p><span style=\"font-family: Times New Roman, serif;\"><a href=\"http:\/\/zonenklaus.de\/wordpress\/wp-content\/uploads\/2018\/01\/01.01.mp3\"><strong>01.01.2018<\/strong><\/a><\/span><br \/>\n<a href=\"http:\/\/zonenklaus.de\/wordpress\/?attachment_id=30683\" rel=\"attachment wp-att-30683\"><img loading=\"lazy\" decoding=\"async\" class=\"alignleft size-thumbnail wp-image-30683\" src=\"http:\/\/zonenklaus.de\/wordpress\/wp-content\/uploads\/2017\/12\/2018\u00e4-150x101.jpg\" alt=\"\" width=\"150\" height=\"101\" srcset=\"https:\/\/zonenklaus.de\/wordpress\/wp-content\/uploads\/2017\/12\/2018\u00e4-150x101.jpg 150w, https:\/\/zonenklaus.de\/wordpress\/wp-content\/uploads\/2017\/12\/2018\u00e4-300x203.jpg 300w, https:\/\/zonenklaus.de\/wordpress\/wp-content\/uploads\/2017\/12\/2018\u00e4-624x421.jpg 624w, https:\/\/zonenklaus.de\/wordpress\/wp-content\/uploads\/2017\/12\/2018\u00e4.jpg 758w\" sizes=\"auto, (max-width: 150px) 100vw, 150px\" \/><\/a><\/p>\n<p>&nbsp;<\/p>\n<p>&nbsp;<\/p>\n<p>&nbsp;<\/p>\n<p><!--more--><\/p>\n<p><strong>Nachtrag:<\/strong><br \/>\nDie <i>Passauer Neue Presse<\/i> meldete gestern: <i>Seehofer: <a href=\"http:\/\/www.pnp.de\/nachrichten\/bayern\/2785129_Seehofer-Regierung-muss-allerspaetestens-bis-Ostern-stehen.html\">Regierung muss allersp\u00e4testens bis Ostern stehen<\/a> &#8211;<\/i> in Berlin hie\u00df es dann umgemodelt: <i>Regierungsbildung, Seehofer wartet bis Ostern<\/i><br \/>\nBeide Texte waren auch nicht identisch, im Berliner Teil standen nur die paar anf\u00e4nglichen S\u00e4tze, <span style=\"font-size: xx-small;\">ob die nun dastanden oder nicht&#8230; <\/span><br \/>\nBei der Vorgabe handelt es sich auf den Kopp genau, um 90 Tage! Mit der Oster-Deadline ist Horsti noch gro\u00dfes Pech widerfahren, denn w\u00e4hrend eines Schaltjahres h\u00e4tte ihm sogar ein Tag mehr zur Verf\u00fcgung gestanden!<br \/>\nBis jetzt ist schon wesentlich mehr Zeit verstrichen und wenn Seehofer auf die BER-Vorgaben baut, dann wird es auch im Laufe n\u00e4chsten Jahres <i>n\u00fcscht mit eener neuen Rejierung<\/i>!<br \/>\nAlso, prophylaktisch nannte er wohl den vermeintlichen Tauftermin f\u00fcr ein weiteres, sowieso totgeborenes Kind.<br \/>\nWeil mich diese dauerhafte Herumeierei und das dazugeh\u00f6rige Gelaber aller heldenhaft agierenden wankelm\u00fctigen Propheten mehr als nur noch ankotzt, versuche ich s\u00e4mtliche Tatarenmeldungen in jene Richtung geflissentlich zu \u00fcberh\u00f6ren.<br \/>\nIm Zusammenhang mit einem Schulz <span style=\"font-size: xx-small;\"><b>(<\/b><\/span><span style=\"font-size: xx-small;\"><i>welchem wohl?<\/i><\/span><span style=\"font-size: xx-small;\"><b>)<\/b><\/span><span style=\"font-size: medium;\">, hie\u00df es, dass selbiger Knabe, wie gehabt, doch wohl in Richtung Minderheitsregierung abdriftet. <\/span><br \/>\n<span style=\"font-size: medium;\">Anderweitig schnappte ich etwas auf &#8211; da eine Minderheitsregierung laut UNSERER <\/span><span style=\"font-size: medium;\"><i>behelfsm\u00e4\u00dfigen Verfassung<\/i><\/span><span style=\"font-size: medium;\"> gar nicht vorgesehen ist, deshalb schon l\u00e4ngst und gezwungenerma\u00dfen Neuwahlen h\u00e4tten stattfinden m\u00fcssen! <\/span><br \/>\n<span style=\"font-size: medium;\">Wo bleiben eigentlich die \u00a7\u00a7bedingten Ratschl\u00e4ge, der ach so klugen, hoch dotierten demokraturischen Kaffeesatzleser, aus ihren Elfenbeit\u00fcrmen? <\/span><br \/>\n<span style=\"font-size: medium;\">Alle halten sich in trauter Einigkeit bedeckt! Es sei, sie r\u00e4keln sich vollkommen selbstgerecht in irgendwelchen Talkshows herum, wenn es lediglich um ihre seichte und oftmals prolligen Selbstdarstellungen geht&#8230;<\/span><br \/>\n<span style=\"font-size: medium;\">Hier und jetzt beende ich mein halbfertiges Konstrukt. Denn mir kommen Bedenken, dass ich vielleicht noch beginne r\u00fcckw\u00e4rts zu essen und mit diesen Br\u00f6seln<\/span><span style=\"font-size: medium;\"><b>*<\/b><\/span><span style=\"font-size: medium;\"> meine Tastatur einsauen w\u00fcrde.<\/span><br \/>\n<span style=\"font-size: xx-small;\"><b>*<\/b>Dabei handelte es sich um unverdaute Partikel von einem hervorragend gelungenen Flammkuchen&#8230;<\/span><\/p>\n","protected":false},"excerpt":{"rendered":"<p>01.01.2018 &nbsp; &nbsp; &nbsp;<\/p>\n","protected":false},"author":6,"featured_media":0,"comment_status":"open","ping_status":"open","sticky":false,"template":"","format":"standard","meta":{"footnotes":""},"categories":[1],"tags":[],"class_list":["post-30688","post","type-post","status-publish","format-standard","hentry","category-allgemeines"],"_links":{"self":[{"href":"https:\/\/zonenklaus.de\/wordpress\/index.php?rest_route=\/wp\/v2\/posts\/30688","targetHints":{"allow":["GET"]}}],"collection":[{"href":"https:\/\/zonenklaus.de\/wordpress\/index.php?rest_route=\/wp\/v2\/posts"}],"about":[{"href":"https:\/\/zonenklaus.de\/wordpress\/index.php?rest_route=\/wp\/v2\/types\/post"}],"author":[{"embeddable":true,"href":"https:\/\/zonenklaus.de\/wordpress\/index.php?rest_route=\/wp\/v2\/users\/6"}],"replies":[{"embeddable":true,"href":"https:\/\/zonenklaus.de\/wordpress\/index.php?rest_route=%2Fwp%2Fv2%2Fcomments&post=30688"}],"version-history":[{"count":11,"href":"https:\/\/zonenklaus.de\/wordpress\/index.php?rest_route=\/wp\/v2\/posts\/30688\/revisions"}],"predecessor-version":[{"id":30706,"href":"https:\/\/zonenklaus.de\/wordpress\/index.php?rest_route=\/wp\/v2\/posts\/30688\/revisions\/30706"}],"wp:attachment":[{"href":"https:\/\/zonenklaus.de\/wordpress\/index.php?rest_route=%2Fwp%2Fv2%2Fmedia&parent=30688"}],"wp:term":[{"taxonomy":"category","embeddable":true,"href":"https:\/\/zonenklaus.de\/wordpress\/index.php?rest_route=%2Fwp%2Fv2%2Fcategories&post=30688"},{"taxonomy":"post_tag","embeddable":true,"href":"https:\/\/zonenklaus.de\/wordpress\/index.php?rest_route=%2Fwp%2Fv2%2Ftags&post=30688"}],"curies":[{"name":"wp","href":"https:\/\/api.w.org\/{rel}","templated":true}]}}