{"id":30735,"date":"2018-01-06T23:09:00","date_gmt":"2018-01-06T22:09:00","guid":{"rendered":"http:\/\/zonenklaus.de\/wordpress\/?p=30735"},"modified":"2018-01-07T10:31:25","modified_gmt":"2018-01-07T09:31:25","slug":"frau-kanzler-heute-gestern-standen-wir-vor-einem-tiefen-abgrund-aber-heute-haben-wir-einen-grossen-schritt-nach-vorn-getan","status":"publish","type":"post","link":"https:\/\/zonenklaus.de\/wordpress\/?p=30735","title":{"rendered":"Die Frau Kanzler: \u201eGestern standen wir vor einem tiefen Abgrund, aber heute haben wir einen gro\u00dfen Schritt nach vorn getan!\u201c"},"content":{"rendered":"<p><span style=\"font-family: Times New Roman, serif;\">Was haben denn s\u00e4mtliche Heinze und Heinzinnen UNSERER Eliten<sup><b>+Innen usw.<\/b><\/sup> eigentlich in den vergangenen Monaten veranstaltet, wenn die Unionen nebst der SPD <a href=\"https:\/\/www.gmx.net\/magazine\/politik\/wahlen\/bundestagswahl\/sondierungsgespraeche-union-spd-themen-koepfe-stilfragen-32733998\">schon wieder irgendetwas sondieren wollen?<\/a><\/span>\u00a0 &#8211; (<span style=\"font-family: Times New Roman, serif;\">Ist ihr Stil vielleicht eine grenzenlose Stillosigkeit?)<\/span><br \/>\n<span style=\"font-family: Times New Roman, serif;\"> <a href=\"http:\/\/zonenklaus.de\/wordpress\/?attachment_id=30738\" rel=\"attachment wp-att-30738\"><img loading=\"lazy\" decoding=\"async\" class=\"alignnone size-thumbnail wp-image-30738\" src=\"http:\/\/zonenklaus.de\/wordpress\/wp-content\/uploads\/2018\/01\/KLUFT-150x81.jpg\" alt=\"\" width=\"150\" height=\"81\" srcset=\"https:\/\/zonenklaus.de\/wordpress\/wp-content\/uploads\/2018\/01\/KLUFT-150x81.jpg 150w, https:\/\/zonenklaus.de\/wordpress\/wp-content\/uploads\/2018\/01\/KLUFT-300x162.jpg 300w, https:\/\/zonenklaus.de\/wordpress\/wp-content\/uploads\/2018\/01\/KLUFT.jpg 553w\" sizes=\"auto, (max-width: 150px) 100vw, 150px\" \/><\/a><\/span><br \/>\n<span style=\"font-family: Times New Roman, serif;\">Wozu gen\u00fcgt ihnen eine Kluft nicht? <\/span><br \/>\n<span style=\"font-family: Times New Roman, serif;\">Weshalb m\u00fcssen es unbedingt mehrere sein? <\/span><br \/>\n<span style=\"font-family: Times New Roman, serif;\">Was sucht man eigentlich in den Kl\u00fcften?<\/span><br \/>\n<span style=\"font-family: Times New Roman, serif;\">Vielleicht sollte sie mal einen wirklichen Experten hinzuziehen!<\/span><br \/>\n<!--more--><span style=\"font-family: Times New Roman, serif;\">Gegenw\u00e4rtigen Politikern ist wahrscheinlich nichts mehr heilig, obwohl fast alle auf die Bibel gabeln&#8230;<\/span><br \/>\n<a href=\"http:\/\/zonenklaus.de\/wordpress\/wp-content\/uploads\/2018\/01\/ViVn.jpg\"><img loading=\"lazy\" decoding=\"async\" class=\"alignnone size-thumbnail wp-image-30739\" src=\"http:\/\/zonenklaus.de\/wordpress\/wp-content\/uploads\/2018\/01\/ViVn-150x100.jpg\" alt=\"\" width=\"150\" height=\"100\" srcset=\"https:\/\/zonenklaus.de\/wordpress\/wp-content\/uploads\/2018\/01\/ViVn-150x100.jpg 150w, https:\/\/zonenklaus.de\/wordpress\/wp-content\/uploads\/2018\/01\/ViVn-300x200.jpg 300w, https:\/\/zonenklaus.de\/wordpress\/wp-content\/uploads\/2018\/01\/ViVn-768x512.jpg 768w, https:\/\/zonenklaus.de\/wordpress\/wp-content\/uploads\/2018\/01\/ViVn-1024x683.jpg 1024w, https:\/\/zonenklaus.de\/wordpress\/wp-content\/uploads\/2018\/01\/ViVn-624x416.jpg 624w, https:\/\/zonenklaus.de\/wordpress\/wp-content\/uploads\/2018\/01\/ViVn.jpg 1280w\" sizes=\"auto, (max-width: 150px) 100vw, 150px\" \/><\/a><br \/>\n<span style=\"font-family: Times New Roman, serif;\">Deshalb hat die ehemals knallrote Frau Kanzler endlich die beiden <a href=\"http:\/\/zonenklaus.de\/wordpress\/wp-content\/uploads\/2018\/01\/ViR.mp3\">Adverbien des d\u00fcrftigen Geistesblitzes<\/a> <\/span><span style=\"font-family: Times New Roman, serif;\">ihres damaligen gro\u00dfen F\u00fchrers einfach vertauscht und dadurch dem Ganzen f\u00fcr die heutige Zeit eine entsprechend reale Aussage verpasst.<\/span><\/p>\n","protected":false},"excerpt":{"rendered":"<p>Was haben denn s\u00e4mtliche Heinze und Heinzinnen UNSERER Eliten+Innen usw. eigentlich in den vergangenen Monaten veranstaltet, wenn die Unionen nebst der SPD schon wieder irgendetwas sondieren wollen?\u00a0 &#8211; (Ist ihr Stil vielleicht eine grenzenlose Stillosigkeit?) Wozu gen\u00fcgt ihnen eine Kluft nicht? Weshalb m\u00fcssen es unbedingt mehrere sein? Was sucht man eigentlich in den Kl\u00fcften? Vielleicht [&hellip;]<\/p>\n","protected":false},"author":6,"featured_media":0,"comment_status":"open","ping_status":"open","sticky":false,"template":"","format":"standard","meta":{"footnotes":""},"categories":[1],"tags":[],"class_list":["post-30735","post","type-post","status-publish","format-standard","hentry","category-allgemeines"],"_links":{"self":[{"href":"https:\/\/zonenklaus.de\/wordpress\/index.php?rest_route=\/wp\/v2\/posts\/30735","targetHints":{"allow":["GET"]}}],"collection":[{"href":"https:\/\/zonenklaus.de\/wordpress\/index.php?rest_route=\/wp\/v2\/posts"}],"about":[{"href":"https:\/\/zonenklaus.de\/wordpress\/index.php?rest_route=\/wp\/v2\/types\/post"}],"author":[{"embeddable":true,"href":"https:\/\/zonenklaus.de\/wordpress\/index.php?rest_route=\/wp\/v2\/users\/6"}],"replies":[{"embeddable":true,"href":"https:\/\/zonenklaus.de\/wordpress\/index.php?rest_route=%2Fwp%2Fv2%2Fcomments&post=30735"}],"version-history":[{"count":4,"href":"https:\/\/zonenklaus.de\/wordpress\/index.php?rest_route=\/wp\/v2\/posts\/30735\/revisions"}],"predecessor-version":[{"id":30744,"href":"https:\/\/zonenklaus.de\/wordpress\/index.php?rest_route=\/wp\/v2\/posts\/30735\/revisions\/30744"}],"wp:attachment":[{"href":"https:\/\/zonenklaus.de\/wordpress\/index.php?rest_route=%2Fwp%2Fv2%2Fmedia&parent=30735"}],"wp:term":[{"taxonomy":"category","embeddable":true,"href":"https:\/\/zonenklaus.de\/wordpress\/index.php?rest_route=%2Fwp%2Fv2%2Fcategories&post=30735"},{"taxonomy":"post_tag","embeddable":true,"href":"https:\/\/zonenklaus.de\/wordpress\/index.php?rest_route=%2Fwp%2Fv2%2Ftags&post=30735"}],"curies":[{"name":"wp","href":"https:\/\/api.w.org\/{rel}","templated":true}]}}