{"id":30745,"date":"2018-01-07T22:09:29","date_gmt":"2018-01-07T21:09:29","guid":{"rendered":"http:\/\/zonenklaus.de\/wordpress\/?p=30745"},"modified":"2018-01-08T02:39:02","modified_gmt":"2018-01-08T01:39:02","slug":"berlin-direkt-wir-muessen-umdenken","status":"publish","type":"post","link":"https:\/\/zonenklaus.de\/wordpress\/?p=30745","title":{"rendered":"\u201eBerlin direkt\u201c &#8211; wir m\u00fcssen umdenken!"},"content":{"rendered":"<p>Bin mir wiedermal nicht sicher, in wieweit man jenen <i>ganz wichtigen<\/i> <a href=\"https:\/\/www.zdf.de\/politik\/berlin-direkt\/berlin-direkt-vom-7-januar-2018-100.html\">18min\u00fctigen Pausenf\u00fcller<\/a>\u00a0 in irgendeiner Form ernst nehmen sollte. Scheint sich wohl um eine neuerliche Form von Politkabarett zu handeln, welches einem die Tr\u00e4nen in die Augen treibt, allerdings nicht vom Lachen.<br \/>\nDa jeder f\u00fcr seine Feindbilder pers\u00f6nlich gerade stehen muss, lasse ich nichts weiter ab, oder?<br \/>\nIrgendwie berauschte es mich doch etwas, meine damit das Geplapper der Mumien im letzten Viertel der Sendung. Was da urpl\u00f6tzlich noch hochkommt, so kurz vor der Urne, schon bemerkenswert!<br \/>\nLeider habe die Plepse ja vergessen, mit welchen Malaisen man jeden der dort aufgetauchten Schnacker in Verbindung bringen k\u00f6nnte, viel positives l\u00e4sst sich da nicht zusammenklauben!<!--more--><br \/>\n<a href=\"http:\/\/zonenklaus.de\/wordpress\/wp-content\/uploads\/2018\/01\/GRO-KO.jpg\"><img loading=\"lazy\" decoding=\"async\" class=\"alignnone size-thumbnail wp-image-30746\" src=\"http:\/\/zonenklaus.de\/wordpress\/wp-content\/uploads\/2018\/01\/GRO-KO-150x78.jpg\" alt=\"\" width=\"150\" height=\"78\" srcset=\"https:\/\/zonenklaus.de\/wordpress\/wp-content\/uploads\/2018\/01\/GRO-KO-150x78.jpg 150w, https:\/\/zonenklaus.de\/wordpress\/wp-content\/uploads\/2018\/01\/GRO-KO-300x157.jpg 300w, https:\/\/zonenklaus.de\/wordpress\/wp-content\/uploads\/2018\/01\/GRO-KO.jpg 569w\" sizes=\"auto, (max-width: 150px) 100vw, 150px\" \/><\/a><a href=\"http:\/\/zonenklaus.de\/wordpress\/wp-content\/uploads\/2018\/01\/Hauch.png\"><img loading=\"lazy\" decoding=\"async\" class=\"alignnone size-thumbnail wp-image-30747\" src=\"http:\/\/zonenklaus.de\/wordpress\/wp-content\/uploads\/2018\/01\/Hauch-150x79.png\" alt=\"\" width=\"150\" height=\"79\" srcset=\"https:\/\/zonenklaus.de\/wordpress\/wp-content\/uploads\/2018\/01\/Hauch-150x79.png 150w, https:\/\/zonenklaus.de\/wordpress\/wp-content\/uploads\/2018\/01\/Hauch-300x157.png 300w, https:\/\/zonenklaus.de\/wordpress\/wp-content\/uploads\/2018\/01\/Hauch.png 568w\" sizes=\"auto, (max-width: 150px) 100vw, 150px\" \/><\/a><br \/>\nAn der Front s\u00e4mtlicher <i>Sondi<\/i>nisten &#8211; <i>Im Westen nichts Neues!<\/i> Stimmt, deren Fressen <span style=\"font-size: xx-small;\"><b>(<\/b><\/span><span style=\"font-family: Times New Roman, serif;\"><span style=\"font-size: xx-small;\"><b>\u00a9<\/b><\/span><\/span><span style=\"font-family: Times New Roman, serif;\"><span style=\"font-size: xx-small;\"><i>Ronald Pofalla<\/i><\/span><\/span><span style=\"font-family: Times New Roman, serif;\"><span style=\"font-size: xx-small;\"><b>) <\/b><\/span><\/span><span style=\"font-family: Times New Roman, serif;\"><span style=\"font-size: medium;\">gleichen sich, hinzukommt ein liebreizendes, politisch \u00e4u\u00dferst korrektes Geherze und eine best\u00e4ndig tr\u00fcbe Sicht, was die Realit\u00e4t in den hiesigen Landstrichen betrifft&#8230;<\/span><\/span><\/p>\n<p><strong>&#8211;<\/strong> <span style=\"font-family: Times New Roman, serif;\">Im <\/span><span style=\"font-family: Times New Roman, serif;\"><i>ideenlosen<\/i><\/span> <span style=\"font-family: Times New Roman, serif;\">Auge keine Tr\u00e4ne,<br \/>\nSie <\/span><span style=\"font-family: Times New Roman, serif;\"><i>hocken an Tischen<\/i><\/span> <span style=\"font-family: Times New Roman, serif;\">und fletschen die Z\u00e4hne:<br \/>\n&#8220;Deutschland, wir <\/span><span style=\"font-family: Times New Roman, serif;\"><i>kleben<\/i><\/span> <span style=\"font-family: Times New Roman, serif;\"><i>aus kruden Vorstellungsfetzen<\/i><\/span> <span style=\"font-family: Times New Roman, serif;\">dein Leichentuch, <\/span><br \/>\n<span style=\"font-family: Times New Roman, serif;\">Wir <\/span><span style=\"font-family: Times New Roman, serif;\"><i>kleben<\/i><\/span> <span style=\"font-family: Times New Roman, serif;\">hinein auch <\/span><span style=\"font-family: Times New Roman, serif;\"><i>jeden nachhaltig idiotischen Widerspruch<\/i><\/span> <span style=\"font-family: Times New Roman, serif;\">&#8211;<br \/>\nWir <\/span><span style=\"font-family: Times New Roman, serif;\"><i>kleben<\/i><\/span><span style=\"font-family: Times New Roman, serif;\">, wir <\/span><span style=\"font-family: Times New Roman, serif;\"><i>kleben<\/i><\/span><span style=\"font-family: Times New Roman, serif;\">! <\/span><br \/>\n<strong><span style=\"font-family: Times New Roman, serif;\">&#8211;<\/span><\/strong><span style=\"font-family: Times New Roman, serif;\"> Ein Fluch dem falschen Vaterlande,<br \/>\nWo nur gedeihen Schmach und Schande,<br \/>\nWo jede Blume fr\u00fch geknickt,<br \/>\nWo F\u00e4ulnis und Moder den Wurm erquickt &#8211;<br \/>\nWir <\/span><span style=\"font-family: Times New Roman, serif;\"><i>kleben<\/i><\/span><span style=\"font-family: Times New Roman, serif;\">, wir <\/span><span style=\"font-family: Times New Roman, serif;\"><i>kleben<\/i><\/span><span style=\"font-family: Times New Roman, serif;\">!<br \/>\n<\/span><strong><span style=\"font-family: Times New Roman, serif;\">\u00a0 &#8211;<\/span><\/strong><span style=\"font-family: Times New Roman, serif;\"> Das Schiffchen fliegt, der Webstuhl kracht,<br \/>\nWir <\/span><span style=\"font-family: Times New Roman, serif;\"><i>sondieren<\/i><\/span> <span style=\"font-family: Times New Roman, serif;\">emsig Tag und Nacht &#8211;<br \/>\n<\/span><span style=\"font-family: Times New Roman, serif;\"><i>Neu<\/i><\/span><span style=\"font-family: Times New Roman, serif;\">deutschland, wir <\/span><em><span style=\"font-family: Times New Roman, serif;\">kleben<\/span><\/em><span style=\"font-family: Times New Roman, serif;\"> dein Leichentuch,<br \/>\nWir weben hinein <\/span><span style=\"font-family: Times New Roman, serif;\"><i>f\u00fcr ewig<\/i><\/span> <span style=\"font-family: Times New Roman, serif;\">den Fluch &#8211;<br \/>\nWir <\/span><span style=\"font-family: Times New Roman, serif;\"><i>kleben<\/i><\/span><span style=\"font-family: Times New Roman, serif;\">, wir <\/span><span style=\"font-family: Times New Roman, serif;\"><i>kleben<\/i><\/span><span style=\"font-family: Times New Roman, serif;\">!&#8221; <\/span><br \/>\n<span style=\"font-family: Times New Roman, serif;\"><span style=\"font-size: xx-small;\">Sehr frei nach Heinz Heine usw.<\/span><\/span><\/p>\n<p>&nbsp;<\/p>\n","protected":false},"excerpt":{"rendered":"<p>Bin mir wiedermal nicht sicher, in wieweit man jenen ganz wichtigen 18min\u00fctigen Pausenf\u00fcller\u00a0 in irgendeiner Form ernst nehmen sollte. Scheint sich wohl um eine neuerliche Form von Politkabarett zu handeln, welches einem die Tr\u00e4nen in die Augen treibt, allerdings nicht vom Lachen. Da jeder f\u00fcr seine Feindbilder pers\u00f6nlich gerade stehen muss, lasse ich nichts weiter [&hellip;]<\/p>\n","protected":false},"author":6,"featured_media":0,"comment_status":"open","ping_status":"open","sticky":false,"template":"","format":"standard","meta":{"footnotes":""},"categories":[1],"tags":[],"class_list":["post-30745","post","type-post","status-publish","format-standard","hentry","category-allgemeines"],"_links":{"self":[{"href":"https:\/\/zonenklaus.de\/wordpress\/index.php?rest_route=\/wp\/v2\/posts\/30745","targetHints":{"allow":["GET"]}}],"collection":[{"href":"https:\/\/zonenklaus.de\/wordpress\/index.php?rest_route=\/wp\/v2\/posts"}],"about":[{"href":"https:\/\/zonenklaus.de\/wordpress\/index.php?rest_route=\/wp\/v2\/types\/post"}],"author":[{"embeddable":true,"href":"https:\/\/zonenklaus.de\/wordpress\/index.php?rest_route=\/wp\/v2\/users\/6"}],"replies":[{"embeddable":true,"href":"https:\/\/zonenklaus.de\/wordpress\/index.php?rest_route=%2Fwp%2Fv2%2Fcomments&post=30745"}],"version-history":[{"count":1,"href":"https:\/\/zonenklaus.de\/wordpress\/index.php?rest_route=\/wp\/v2\/posts\/30745\/revisions"}],"predecessor-version":[{"id":30748,"href":"https:\/\/zonenklaus.de\/wordpress\/index.php?rest_route=\/wp\/v2\/posts\/30745\/revisions\/30748"}],"wp:attachment":[{"href":"https:\/\/zonenklaus.de\/wordpress\/index.php?rest_route=%2Fwp%2Fv2%2Fmedia&parent=30745"}],"wp:term":[{"taxonomy":"category","embeddable":true,"href":"https:\/\/zonenklaus.de\/wordpress\/index.php?rest_route=%2Fwp%2Fv2%2Fcategories&post=30745"},{"taxonomy":"post_tag","embeddable":true,"href":"https:\/\/zonenklaus.de\/wordpress\/index.php?rest_route=%2Fwp%2Fv2%2Ftags&post=30745"}],"curies":[{"name":"wp","href":"https:\/\/api.w.org\/{rel}","templated":true}]}}