{"id":30802,"date":"2018-01-14T21:45:26","date_gmt":"2018-01-14T20:45:26","guid":{"rendered":"http:\/\/zonenklaus.de\/wordpress\/?p=30802"},"modified":"2018-01-15T02:52:17","modified_gmt":"2018-01-15T01:52:17","slug":"csu-landesgruppenscheffchen-alexander-dobrindt-don-seehofers-sancho-pansa-zieht-blank-gegen-den-imaginaeren-zwergenaufstand","status":"publish","type":"post","link":"https:\/\/zonenklaus.de\/wordpress\/?p=30802","title":{"rendered":"CSU-Landesgruppenscheffchen Alexander Dobrindt, Don Seehofer\u00b4s Sancho Pansa, zieht blank gegen den imagin\u00e4ren \u201eZwergenaufstand\u201c"},"content":{"rendered":"<p><i>Wir m\u00fcssen uns von einem gesch\u00e4ftsf\u00fchrenden Mautminister einer bayerischen Regionalpartei keine Ratschl\u00e4ge in innerparteilicher Demokratie geben lassen<\/i>, meinte nicht nur Juso-Landesvorsitzende Tina Rosner und ich k\u00f6nnte ihr sogar Recht geben.<br \/>\nZumal s\u00e4mtliche, vermeintlich pflichtbewusst agierenden Parteien-H\u00e4uptlinge<sup><b>+In<\/b><\/sup> w\u00e4hrend ihres monatelange Hickhack\u00b4s die noch vorhandenen Best\u00e4nde hiesiger Politmoral m\u00e4chtig angefressen haben. Was aber den bundergermanischen Massen schlicht an ihren fetten \u00c4rschen vorbeizugehen scheint. Au\u00dferdem will die Mehrheit \u00fcberhaupt<a href=\"http:\/\/www.faz.net\/aktuell\/politik\/inland\/umfrage-mehrheit-der-deutschen-lehnt-groko-ab-15398258.html\"> keine GroKo<\/a>, <em>denn die Plebse wollen bereits jetzt AfD w\u00e4hlen und nicht erst in vier Jahren! <\/em><br \/>\nIrgendwie merkw\u00fcrdig, wie sich <a href=\"https:\/\/www.n-tv.de\/politik\/Aussicht-auf-neue-GroKo-spaltet-SPD-article20230175.html\">Meister Dobrindt<\/a> momentan die Ehre gibt und nebenher ganz unbeirrt den Witzbold der Nation spielt.<br \/>\nSchon lustig, wenn ein ebenfalls zu kurz geratene Zeitgenosse, ausgerechnet zu einem bildlichen Vergleich Zwergwuchs heranzieht.<br \/>\nSo sind sie halt, die Kleinformatigen! M\u00fcssen lebenslang kompensieren, dass sie im richtigen Augenblick vergessen haben: Hier! zurufen, als der Liebe Gott haufenweise Wachstumshormone verteilte.<br \/>\nFast k\u00f6nnte man bei Abgebrochenen eine allgemeing\u00fcltige Erkenntnis herleiten, denn sie verf\u00fcgen in der Regel zwar \u00fcber eine so gro\u00dfe Klappe, dass man annehmen m\u00f6chte, sie k\u00f6nnten ein Zweipfundbrot mit einem Biss quer fressen, nix da, oftmals nur ein typischer Fall von denkste!<br \/>\nMan blicke deshalb bei solchen Leuten besonders auf deren Lebensleistungen, da klaffen zwischen Theorie und Praxis vielfach m\u00e4chtige L\u00fccken. Will keine Namen nennen, da jeder f\u00fcr seine Feindbilder selbst zust\u00e4ndig sein sollte!<br \/>\nHatte fast eine wichtige Bemerkung vergessen. Denn weltweit irren n\u00e4mlich zuhauf Leute herum, denen muss man nach ihrem Ableben, ihre vormals gro\u00dfe Schnauze anschlie\u00dfend noch extra totschlagen.<br \/>\nF\u00fcr die rasante Verbreitung jener widerlichen Gepflogenheit auf UNSERER ERDENSCHEIBE, scheint in heutigen Zeiten eine Art Mikroorganismus verantwortlich zu sein. Schlimm ist die Tatsache, dass gerade Politiker und Manager sehr anf\u00e4llig f\u00fcr diesen Virus sind, der bereits mutierte, denn die menschliche K\u00f6rpergr\u00f6\u00dfe spielt \u00fcberhaupt keine Rolle mehr!<br \/>\nDeshalb wartet auf die nachfolgenden Generationen unermesslich viel Arbeit, um hinterher endlich wieder Ruhe zu schaffen&#8230;<\/p>\n","protected":false},"excerpt":{"rendered":"<p>Wir m\u00fcssen uns von einem gesch\u00e4ftsf\u00fchrenden Mautminister einer bayerischen Regionalpartei keine Ratschl\u00e4ge in innerparteilicher Demokratie geben lassen, meinte nicht nur Juso-Landesvorsitzende Tina Rosner und ich k\u00f6nnte ihr sogar Recht geben. Zumal s\u00e4mtliche, vermeintlich pflichtbewusst agierenden Parteien-H\u00e4uptlinge+In w\u00e4hrend ihres monatelange Hickhack\u00b4s die noch vorhandenen Best\u00e4nde hiesiger Politmoral m\u00e4chtig angefressen haben. Was aber den bundergermanischen Massen schlicht [&hellip;]<\/p>\n","protected":false},"author":6,"featured_media":0,"comment_status":"open","ping_status":"open","sticky":false,"template":"","format":"standard","meta":{"footnotes":""},"categories":[1],"tags":[],"class_list":["post-30802","post","type-post","status-publish","format-standard","hentry","category-allgemeines"],"_links":{"self":[{"href":"https:\/\/zonenklaus.de\/wordpress\/index.php?rest_route=\/wp\/v2\/posts\/30802","targetHints":{"allow":["GET"]}}],"collection":[{"href":"https:\/\/zonenklaus.de\/wordpress\/index.php?rest_route=\/wp\/v2\/posts"}],"about":[{"href":"https:\/\/zonenklaus.de\/wordpress\/index.php?rest_route=\/wp\/v2\/types\/post"}],"author":[{"embeddable":true,"href":"https:\/\/zonenklaus.de\/wordpress\/index.php?rest_route=\/wp\/v2\/users\/6"}],"replies":[{"embeddable":true,"href":"https:\/\/zonenklaus.de\/wordpress\/index.php?rest_route=%2Fwp%2Fv2%2Fcomments&post=30802"}],"version-history":[{"count":2,"href":"https:\/\/zonenklaus.de\/wordpress\/index.php?rest_route=\/wp\/v2\/posts\/30802\/revisions"}],"predecessor-version":[{"id":30804,"href":"https:\/\/zonenklaus.de\/wordpress\/index.php?rest_route=\/wp\/v2\/posts\/30802\/revisions\/30804"}],"wp:attachment":[{"href":"https:\/\/zonenklaus.de\/wordpress\/index.php?rest_route=%2Fwp%2Fv2%2Fmedia&parent=30802"}],"wp:term":[{"taxonomy":"category","embeddable":true,"href":"https:\/\/zonenklaus.de\/wordpress\/index.php?rest_route=%2Fwp%2Fv2%2Fcategories&post=30802"},{"taxonomy":"post_tag","embeddable":true,"href":"https:\/\/zonenklaus.de\/wordpress\/index.php?rest_route=%2Fwp%2Fv2%2Ftags&post=30802"}],"curies":[{"name":"wp","href":"https:\/\/api.w.org\/{rel}","templated":true}]}}