{"id":30870,"date":"2018-01-17T22:35:08","date_gmt":"2018-01-17T21:35:08","guid":{"rendered":"http:\/\/zonenklaus.de\/wordpress\/?p=30870"},"modified":"2018-02-18T17:47:05","modified_gmt":"2018-02-18T16:47:05","slug":"entscheidung-zu-grosse-koalition","status":"publish","type":"post","link":"https:\/\/zonenklaus.de\/wordpress\/?p=30870","title":{"rendered":"Entscheidung &#8220;zu Gro\u00dfe Koalition&#8221;"},"content":{"rendered":"<p style=\"margin-bottom: 0cm;\" align=\"LEFT\"><span style=\"font-family: Times New Roman, serif;\"><a href=\"https:\/\/www.focus.de\/politik\/deutschland\/entscheidung-zu-grosse-koalition-vorstand-wuerde-weggefegt-so-massiv-waere-der-linksruck-in-der-spd-nach-groko-nein_id_8316826.html\">&#8220;Vorstand w\u00fcrde weggefegt&#8221;<\/a>: <em>So massiv w\u00e4re der Linksruck in der SPD nach GroKo-Nein<\/em><\/span><\/p>\n<p style=\"margin-bottom: 0cm;\" align=\"LEFT\"><span style=\"font-family: Times New Roman, serif;\">Frage mich nur, welchiger Art w\u00e4re eigentlich der erahnte LINKSRUCK? Soll es ideologisch gemeint sein oder legen die Jungs ihre <i>edlen Teile<\/i> im Schritt nur auf die andere Seite? <\/span><\/p>\n<p style=\"margin-bottom: 0cm;\" align=\"LEFT\"><span style=\"font-family: Times New Roman, serif;\">Schon klar, immer mal verkauft sich jemand vor und im Parlament als LINKS, das war&#8217;s dann aber auch schon, zur Genossin Nahles geh\u00f6rt ja auch jenes Richtungspr\u00e4dikat. <\/span><\/p>\n<p style=\"margin-bottom: 0cm;\" align=\"LEFT\"><span style=\"font-family: Times New Roman, serif;\">Dass ich sie abgrundtief verachte hat aber ganz andere Gr\u00fcnde. <\/span><\/p>\n<p style=\"margin-bottom: 0cm;\" align=\"LEFT\"><span style=\"font-family: Times New Roman, serif;\">Bei bestimmten seitlichen Betrachtungen erinnert sie mich vom Aussehen her, verdammt an die Mutter meiner Schwester. Wenn es nur dies w\u00e4re, \u00fcberh\u00f6re ich den Dialekt der SPD-Tante, sehe sie agieren und vernehme dazu ihre oftmals kreischende Art, dann k\u00f6nnte ich nur noch kotzen. <\/span><\/p>\n<p style=\"margin-bottom: 0cm;\" align=\"LEFT\"><span style=\"font-family: Times New Roman, serif;\">Original meine ehemalige Erziehungsberechtigte, deren Verhalten ich als Kind besonders schlimm fand! Ewig anderen Leuten im Fressen rumm\u00e4hren, sich f\u00fcr alleinerziehende Frauen einsetzen und deren Situationen ver\u00e4ndern helfen, aber nichts f\u00fcr die eigenen G\u00f6ren unternehmen. Daf\u00fcr drei Jahre Fernstudium, jedes Wochenende in die Nachbarkreisstadt, Parteilehrjahre, ewige Versammlungen und irgendwelchen ehrenamtlichen Schei\u00df sich ans Bein binden. <\/span><\/p>\n<p style=\"margin-bottom: 0cm;\" align=\"LEFT\"><span style=\"font-family: Times New Roman, serif;\">Gab es Auseinandersetzungen mit mir, welche sehr h\u00e4ufig an der Tagesordnung waren, dann agitierte mich die Alte in ihrem ML-Parteichinesisch&#8230;<\/span><\/p>\n<p style=\"margin-bottom: 0cm;\" align=\"LEFT\"><span style=\"font-family: Times New Roman, serif;\"><a href=\"http:\/\/zonenklaus.de\/wordpress\/?attachment_id=30900\" rel=\"attachment wp-att-30900\"><img loading=\"lazy\" decoding=\"async\" class=\"size-thumbnail wp-image-30900 alignleft\" src=\"http:\/\/zonenklaus.de\/wordpress\/wp-content\/uploads\/2018\/01\/Das-Muttertier-aus-Stasisicht-150x67.jpg\" alt=\"Das Muttertier aus Stasisicht\" width=\"150\" height=\"67\" srcset=\"https:\/\/zonenklaus.de\/wordpress\/wp-content\/uploads\/2018\/01\/Das-Muttertier-aus-Stasisicht-150x67.jpg 150w, https:\/\/zonenklaus.de\/wordpress\/wp-content\/uploads\/2018\/01\/Das-Muttertier-aus-Stasisicht-300x135.jpg 300w, https:\/\/zonenklaus.de\/wordpress\/wp-content\/uploads\/2018\/01\/Das-Muttertier-aus-Stasisicht.jpg 549w\" sizes=\"auto, (max-width: 150px) 100vw, 150px\" \/><\/a><\/span><span style=\"font-family: Times New Roman, serif;\">Auf der anderen Seite schob sie permanent ihre<i> gesellschaftliche T\u00e4tigkeiten<\/i> vor, dass sie deshalb sehr wenig Zeit f\u00fcr ihren Nachwuchs investieren konnte&#8230;<\/span><\/p>\n<p style=\"margin-bottom: 0cm;\" align=\"LEFT\"><span style=\"font-family: Times New Roman, serif;\">Bei Frau Nahles scheint es \u00e4hnlich zu sein, ist irgendwie zu einem Kind gekommen und d\u00fcst nur in der Weltgeschichte umher, ihre Ableger tut mir deshalb auch unglaublich leid. <\/span><\/p>\n<p style=\"margin-bottom: 0cm;\" align=\"LEFT\"><span style=\"font-family: Times New Roman, serif;\">Inst\u00e4ndig hoffe ich ja auf den GAU, frage mich allerdings, was er letztlich f\u00fcr die Masse bringt, n\u00e4mlich nichts! Zumindest w\u00fcrde jenes uns\u00e4gliche Duo in der \u00d6ffentlichkeit verschwinden und noch einige andere Leute im Strudel mitrei\u00dfen. Allerdings k\u00e4me es anschlie\u00dfend zu keinem Wechsel innerhalb des hellroten Vereins, denn s\u00e4mtliche H\u00f6flinge in ihren Startl\u00f6chern sind bekanntlich aus dem gleichen Holz geschnitzt, wie das momentane Galionsfiguren-Duo. <\/span><\/p>\n<p style=\"margin-bottom: 0cm; font-style: normal;\" align=\"LEFT\"><span style=\"font-family: Times New Roman, serif;\"><a href=\"http:\/\/zonenklaus.de\/wordpress\/wp-content\/uploads\/2018\/01\/m3.png\"><img loading=\"lazy\" decoding=\"async\" class=\"size-thumbnail wp-image-30837 alignleft\" src=\"http:\/\/zonenklaus.de\/wordpress\/wp-content\/uploads\/2018\/01\/m3-150x83.png\" alt=\"\" width=\"150\" height=\"83\" srcset=\"https:\/\/zonenklaus.de\/wordpress\/wp-content\/uploads\/2018\/01\/m3-150x83.png 150w, https:\/\/zonenklaus.de\/wordpress\/wp-content\/uploads\/2018\/01\/m3-300x166.png 300w, https:\/\/zonenklaus.de\/wordpress\/wp-content\/uploads\/2018\/01\/m3.png 572w\" sizes=\"auto, (max-width: 150px) 100vw, 150px\" \/><\/a><\/span><span style=\"font-family: Times New Roman, serif;\">Was sind es denn f\u00fcr Leute, die den Genossen 100% ersetzen sollten? Alles ein identischer Pulk! Wie gehabt, respektlose Empork\u00f6mmlinge darunter, zwar mit Diplomen, Magistern und Titeln ausgestattet, aber&#8230;<\/span><\/p>\n<p style=\"margin-bottom: 0cm;\" align=\"LEFT\"><span style=\"font-family: Times New Roman, serif;\">Ob die \u00fcberhaupt wissen wo der Bartel seinen Most holt? <\/span><\/p>\n<p style=\"margin-bottom: 0cm;\" align=\"LEFT\"><span style=\"font-family: Times New Roman, serif;\">Mehrheitlich werden auch sie plappernd durch die Weltgeschichte m\u00e4andern, tun sich dabei ganz wichtig, verunsichern nebenher ebenso den Hofstaat und ihre leichtgl\u00e4ubigen Untertanen mit ewigen <i>H\u00fc<\/i> und <i>Hott <\/i><i><b>&#8211;<\/b><\/i> wobei gerade <i><b>Brr<\/b><\/i> angesagt ist! Allerdings hoffen viele GroKo-Verweigerer auf ein sehr laute <b>H\u00fc<\/b> in den kommenden Jahren &#8211; sicherlich nur wieder Traumt\u00e4nzerei!<\/span><!--more--><\/p>\n<p style=\"margin-bottom: 0cm;\" align=\"LEFT\"><span style=\"font-family: Times New Roman, serif;\">Wie war das noch vor einigen Monaten? <\/span><\/p>\n<p style=\"margin-bottom: 0cm;\" align=\"LEFT\"><span style=\"font-family: Times New Roman, serif;\">Tante Nahles t\u00f6nte damals: <i>&#8220;Ab morgen kriegen sie in die Fresse&#8221;<\/i> und ihr 100% M\u00f6chtegern-Kanzler hatte keine Hemmungen und br\u00fcllte unisono gro\u00dfm\u00e4ulig mit, nach dem verwonnenen Sieg: Jetzt probieren wir <i>konsequent Opposition!<\/i> <\/span><\/p>\n<p style=\"margin-bottom: 0cm;\" align=\"LEFT\"><span style=\"font-family: Times New Roman, serif;\">Es folgte die Wende auf die Wende! <\/span><\/p>\n<p style=\"margin-bottom: 0cm;\" align=\"LEFT\"><span style=\"font-family: Times New Roman, serif;\">Mir f\u00e4llt gerade etwas ein. Da die SPD in solch affenartiger Geschwindigkeit ihre Richtungen wechselt, kann heutzutage ein Stottere gar keine Auskunft mehr erheischen, denn bevor er seine Frage beendet hat, liegt bereits etwas ganz anderes an&#8230; <\/span><\/p>\n<p style=\"margin-bottom: 0cm;\" align=\"LEFT\"><span style=\"font-family: Times New Roman, serif;\">Nicht nur deshalb finde ich die Tour von Andrea Nahles schlicht unversch\u00e4mt: <a href=\"https:\/\/www.gmx.net\/magazine\/politik\/wahlen\/bundestagswahl\/andrea-nahles-groko-gegner-spd-reden-sondierungsergebnis-mutwillig-schlecht-32747886\"><i>GroKo-Gegner in der SPD reden Sondierungsergebnis &#8220;mutwilligschlecht&#8221;.<\/i><\/a><span style=\"font-style: normal;\"> Was ist bei einem so langwierigen Defekt eigentlich noch zu zerreden? <\/span><\/span><\/p>\n<p style=\"margin-bottom: 0cm;\" align=\"LEFT\"><span style=\"font-family: Times New Roman, serif;\"><span style=\"font-style: normal;\">Da baut die F\u00fchrungsriege <\/span><i>nachhaltig<\/i><span style=\"font-style: normal;\"> exorbitante Schei\u00dfe und sucht anschlie\u00dfend die Schuldigen unter den irritierten Mitl\u00e4ufern! <\/span><\/span><\/p>\n<p style=\"margin-bottom: 0cm; font-style: normal;\" align=\"LEFT\"><span style=\"font-family: Times New Roman, serif;\">Kann in dem Fall sogar nachvollziehen, weshalb die Massen eine GroKo ablehnen, auch wenn sie dabei untergehen sollten, aber mit einem anderen K\u00e4pt&#8217;n. Weil sich der Untergang f\u00fcr alle relativ einfach gestalten w\u00fcrde, denn der ginge wirklich nur in eine Richtung. <\/span><\/p>\n<p style=\"margin-bottom: 0cm;\" align=\"LEFT\"><span style=\"font-family: Times New Roman, serif;\"><span style=\"font-style: normal;\">Hoffentlich wird es in vier Tagen zu einer <\/span><i>nachhaltig<\/i><span style=\"font-style: normal;\"> durchschaubaren <\/span><i>E<\/i><del><span style=\"font-style: normal;\">nd<\/span><\/del><i>rl\u00f6sung<\/i><span style=\"font-style: normal;\"> kommen! Allerdings fangen in dem Augenblick die Probleme erst richtig an, weil niemand auf der Matte steht, dem man zutrauen w\u00fcrde, dass er die Karre vollst\u00e4ndig aus dem Dreck ziehen lassen k\u00f6nnte. <\/span><\/span><\/p>\n<p lang=\"de-DE\" align=\"LEFT\"><a href=\"http:\/\/zonenklaus.de\/wordpress\/?attachment_id=30879\" rel=\"attachment wp-att-30879\"><img loading=\"lazy\" decoding=\"async\" class=\"size-thumbnail wp-image-30879 alignleft\" src=\"http:\/\/zonenklaus.de\/wordpress\/wp-content\/uploads\/2018\/01\/SN-150x100.jpg\" alt=\"\" width=\"150\" height=\"100\" srcset=\"https:\/\/zonenklaus.de\/wordpress\/wp-content\/uploads\/2018\/01\/SN-150x100.jpg 150w, https:\/\/zonenklaus.de\/wordpress\/wp-content\/uploads\/2018\/01\/SN-300x200.jpg 300w, https:\/\/zonenklaus.de\/wordpress\/wp-content\/uploads\/2018\/01\/SN-624x416.jpg 624w, https:\/\/zonenklaus.de\/wordpress\/wp-content\/uploads\/2018\/01\/SN.jpg 640w\" sizes=\"auto, (max-width: 150px) 100vw, 150px\" \/><\/a>A<span style=\"font-family: Times New Roman, serif;\"><span style=\"font-style: normal;\">ugenblicklich gelingt dem Polit<em>star <\/em><\/span><i>Martin<\/i><span style=\"font-style: normal;\"> endlich mal wieder eine optimal ausgeknautschte Blendershow, bei der er f\u00fcr seine selbstdarstellerische Eleganz s\u00e4mtliche Register ziehen darf! Schlenzt als Hausierer durch die Lande und f\u00e4hrt dabei als Klinken putzender Treppenterrier viel H\u00e4me ein, weil er pl\u00f6tzlich <\/span><i>marxistisch orientiert<\/i><span style=\"font-style: normal;\">, von seinen Untertanen kurzfristig und nat\u00fcrlich nicht von Dauer, allerdings f\u00fcr seine ganz pers\u00f6nlichen Belange, <\/span><i>Einsicht in die Notwendigkeit<\/i><span style=\"font-style: normal;\"> verlangt, die aber morgen bereits ganz anders aussehen wird!<\/span><\/span><\/p>\n<p>&nbsp;<\/p>\n<p style=\"margin-bottom: 0cm;\" align=\"LEFT\">\n","protected":false},"excerpt":{"rendered":"<p>&#8220;Vorstand w\u00fcrde weggefegt&#8221;: So massiv w\u00e4re der Linksruck in der SPD nach GroKo-Nein Frage mich nur, welchiger Art w\u00e4re eigentlich der erahnte LINKSRUCK? Soll es ideologisch gemeint sein oder legen die Jungs ihre edlen Teile im Schritt nur auf die andere Seite? Schon klar, immer mal verkauft sich jemand vor und im Parlament als LINKS, [&hellip;]<\/p>\n","protected":false},"author":6,"featured_media":0,"comment_status":"open","ping_status":"open","sticky":false,"template":"","format":"standard","meta":{"footnotes":""},"categories":[1],"tags":[],"class_list":["post-30870","post","type-post","status-publish","format-standard","hentry","category-allgemeines"],"_links":{"self":[{"href":"https:\/\/zonenklaus.de\/wordpress\/index.php?rest_route=\/wp\/v2\/posts\/30870","targetHints":{"allow":["GET"]}}],"collection":[{"href":"https:\/\/zonenklaus.de\/wordpress\/index.php?rest_route=\/wp\/v2\/posts"}],"about":[{"href":"https:\/\/zonenklaus.de\/wordpress\/index.php?rest_route=\/wp\/v2\/types\/post"}],"author":[{"embeddable":true,"href":"https:\/\/zonenklaus.de\/wordpress\/index.php?rest_route=\/wp\/v2\/users\/6"}],"replies":[{"embeddable":true,"href":"https:\/\/zonenklaus.de\/wordpress\/index.php?rest_route=%2Fwp%2Fv2%2Fcomments&post=30870"}],"version-history":[{"count":19,"href":"https:\/\/zonenklaus.de\/wordpress\/index.php?rest_route=\/wp\/v2\/posts\/30870\/revisions"}],"predecessor-version":[{"id":31107,"href":"https:\/\/zonenklaus.de\/wordpress\/index.php?rest_route=\/wp\/v2\/posts\/30870\/revisions\/31107"}],"wp:attachment":[{"href":"https:\/\/zonenklaus.de\/wordpress\/index.php?rest_route=%2Fwp%2Fv2%2Fmedia&parent=30870"}],"wp:term":[{"taxonomy":"category","embeddable":true,"href":"https:\/\/zonenklaus.de\/wordpress\/index.php?rest_route=%2Fwp%2Fv2%2Fcategories&post=30870"},{"taxonomy":"post_tag","embeddable":true,"href":"https:\/\/zonenklaus.de\/wordpress\/index.php?rest_route=%2Fwp%2Fv2%2Ftags&post=30870"}],"curies":[{"name":"wp","href":"https:\/\/api.w.org\/{rel}","templated":true}]}}