{"id":30888,"date":"2018-01-18T22:14:29","date_gmt":"2018-01-18T21:14:29","guid":{"rendered":"http:\/\/zonenklaus.de\/wordpress\/?p=30888"},"modified":"2020-10-18T12:52:53","modified_gmt":"2020-10-18T11:52:53","slug":"nils-heinrich-probt-den-aufstand-vorpremiere","status":"publish","type":"post","link":"https:\/\/zonenklaus.de\/wordpress\/?p=30888","title":{"rendered":"Nils Heinrich: &#8230;probt den Aufstand! &#8211; Vorpremiere!"},"content":{"rendered":"<p><span style=\"font-family: Times New Roman, serif;\">Heute lag der <a href=\"http:\/\/www.zebrano-theater.de\/\">Newsletter vom Zebrano<\/a> im Elektrobriefkasten, fand gleich den Hinweis zum Progamm meines jungen Landsmannes aus Sangersdorf.<\/span><br \/>\n<span style=\"font-family: Times New Roman, serif;\">Als er mir erz\u00e4hlte, wo er dort gelandet war, fiel mir zu dem Haus noch eine<a href=\"http:\/\/zonenklaus.de\/wordpress\/?p=3230\"> Geschichte<\/a> ein. Damals wohnte dort eine Le<\/span><span style=\"font-family: Times New Roman, serif;\"><i>e<\/i><\/span><span style=\"font-family: Times New Roman, serif;\">rekraft. Wei\u00df garnicht mehr, ob er lediglich einer der vielen Idioten der Th\u00e4lmann-Schule war oder ein Sadist&#8230;<\/span><br \/>\n<a href=\"http:\/\/zonenklaus.de\/wordpress\/?attachment_id=30897\" rel=\"attachment wp-att-30897\"><img loading=\"lazy\" decoding=\"async\" class=\"size-thumbnail wp-image-30897 alignleft\" src=\"http:\/\/zonenklaus.de\/wordpress\/wp-content\/uploads\/2018\/01\/KW19-150x84.jpg\" alt=\"\" width=\"150\" height=\"84\" srcset=\"https:\/\/zonenklaus.de\/wordpress\/wp-content\/uploads\/2018\/01\/KW19-150x84.jpg 150w, https:\/\/zonenklaus.de\/wordpress\/wp-content\/uploads\/2018\/01\/KW19-300x169.jpg 300w, https:\/\/zonenklaus.de\/wordpress\/wp-content\/uploads\/2018\/01\/KW19-768x432.jpg 768w, https:\/\/zonenklaus.de\/wordpress\/wp-content\/uploads\/2018\/01\/KW19-624x351.jpg 624w, https:\/\/zonenklaus.de\/wordpress\/wp-content\/uploads\/2018\/01\/KW19.jpg 924w\" sizes=\"auto, (max-width: 150px) 100vw, 150px\" \/><\/a><span style=\"font-family: Times New Roman, serif;\">Also, der Nils mag Genossen <em>Chulz<\/em> auch nicht. Mittlerweile ist mir in meinem Umfeld niemand mehr bekannt, der dem Typen etwas positives abgewinnen kann. Scheinbar gibt es nur noch Fans von ihm, die alle im Besitz von Mitgliedsb\u00fcchern seines Vereins sind. Und auch da h\u00e4ngen ein Haufen Leute herum die ihn absolut nicht m\u00f6gen. <\/span><br \/>\n<span style=\"font-family: Times New Roman, serif;\">Hoffentlich halten <\/span><span style=\"font-family: Times New Roman, serif;\"><i><a href=\"http:\/\/www.tagesspiegel.de\/politik\/grosse-koalition-juso-chef-kevin-kuehnert-der-gegenspieler\/20849618.html\">Kevin K\u00fchnert<\/a>, <\/i><\/span><span style=\"font-family: Times New Roman, serif;\">seine <a href=\"http:\/\/www.bild.de\/politik\/inland\/jusos\/rebell-kevin-kuehnert-54492554.bild.html\">Mannen und Frau<\/a><\/span><span style=\"font-family: Times New Roman, serif;\"><i>ens<\/i><\/span><span style=\"font-family: Times New Roman, serif;\"> wirklich durch!<\/span><br \/>\n<span style=\"font-family: Times New Roman, serif;\">Lustig agiert das Meck-Pom-Blondchen, kein Wunder, hat sie doch vor mal Kanzlerin zu werden&#8230;<\/span><br \/>\n<span style=\"font-family: Times New Roman, serif;\">Vielleicht sollte sie mal dar\u00fcber nachdenken, weshalb 100%St.Martin die heutige SPD zerschroten will. Auch mit j\u00fcngerer Zonensozialisation k\u00f6nnte sie selbst draufkommen. Will es kurz machen, aus nostalgischen Erw\u00e4gungen hatte es, 2017, zum 100sten Jahrestag der Spaltung vom damaligen Sozenvereins noch nicht geklappt. Was noch nicht ist, kann ja hoffentlich noch werden!<\/span><br \/>\n<span style=\"font-family: Times New Roman, serif;\">GMX titelte: <\/span><span style=\"font-family: Times New Roman, serif;\"><i><a href=\"https:\/\/www.gmx.net\/magazine\/politik\/martin-schulz-bremst-talfahrt-spd-droht-absturz-sozialdemokraten-32755238\">Martin Chulz<\/a> bremst die Talfahrt der SPD nicht &#8211; es droht der Absturz der Sozialdemokraten<\/i><\/span><br \/>\n<span style=\"font-family: Times New Roman, serif;\">Wie sollte er das bewerkstelligen, schlie\u00dflich ist er nicht Goliath, ihm w\u00e4chst auch keine Blume aus dem Ohr. Hier noch ein tr\u00f6stender Tip von mir, <\/span><span style=\"font-family: Times New Roman, serif;\"><i>der Martin<\/i><\/span><span style=\"font-family: Times New Roman, serif;\"> muss alles nur positiv betrachten. Statistisch gesehen, braucht er nur die entsprechenden Diagramme um 180 Grad drehen u<\/span><span style=\"font-family: Times New Roman, serif;\">nd schon l\u00e4uft alles wieder aufw\u00e4rts. <\/span><\/p>\n","protected":false},"excerpt":{"rendered":"<p>Heute lag der Newsletter vom Zebrano im Elektrobriefkasten, fand gleich den Hinweis zum Progamm meines jungen Landsmannes aus Sangersdorf. Als er mir erz\u00e4hlte, wo er dort gelandet war, fiel mir zu dem Haus noch eine Geschichte ein. Damals wohnte dort eine Leerekraft. Wei\u00df garnicht mehr, ob er lediglich einer der vielen Idioten der Th\u00e4lmann-Schule war [&hellip;]<\/p>\n","protected":false},"author":6,"featured_media":0,"comment_status":"open","ping_status":"open","sticky":false,"template":"","format":"standard","meta":{"footnotes":""},"categories":[1],"tags":[],"class_list":["post-30888","post","type-post","status-publish","format-standard","hentry","category-allgemeines"],"_links":{"self":[{"href":"https:\/\/zonenklaus.de\/wordpress\/index.php?rest_route=\/wp\/v2\/posts\/30888","targetHints":{"allow":["GET"]}}],"collection":[{"href":"https:\/\/zonenklaus.de\/wordpress\/index.php?rest_route=\/wp\/v2\/posts"}],"about":[{"href":"https:\/\/zonenklaus.de\/wordpress\/index.php?rest_route=\/wp\/v2\/types\/post"}],"author":[{"embeddable":true,"href":"https:\/\/zonenklaus.de\/wordpress\/index.php?rest_route=\/wp\/v2\/users\/6"}],"replies":[{"embeddable":true,"href":"https:\/\/zonenklaus.de\/wordpress\/index.php?rest_route=%2Fwp%2Fv2%2Fcomments&post=30888"}],"version-history":[{"count":5,"href":"https:\/\/zonenklaus.de\/wordpress\/index.php?rest_route=\/wp\/v2\/posts\/30888\/revisions"}],"predecessor-version":[{"id":35287,"href":"https:\/\/zonenklaus.de\/wordpress\/index.php?rest_route=\/wp\/v2\/posts\/30888\/revisions\/35287"}],"wp:attachment":[{"href":"https:\/\/zonenklaus.de\/wordpress\/index.php?rest_route=%2Fwp%2Fv2%2Fmedia&parent=30888"}],"wp:term":[{"taxonomy":"category","embeddable":true,"href":"https:\/\/zonenklaus.de\/wordpress\/index.php?rest_route=%2Fwp%2Fv2%2Fcategories&post=30888"},{"taxonomy":"post_tag","embeddable":true,"href":"https:\/\/zonenklaus.de\/wordpress\/index.php?rest_route=%2Fwp%2Fv2%2Ftags&post=30888"}],"curies":[{"name":"wp","href":"https:\/\/api.w.org\/{rel}","templated":true}]}}