{"id":31287,"date":"2018-03-27T22:42:34","date_gmt":"2018-03-27T21:42:34","guid":{"rendered":"http:\/\/zonenklaus.de\/wordpress\/?p=31287"},"modified":"2018-03-28T02:54:19","modified_gmt":"2018-03-28T01:54:19","slug":"zitat-zum-thema-charakter","status":"publish","type":"post","link":"https:\/\/zonenklaus.de\/wordpress\/?p=31287","title":{"rendered":"Zitat zum Thema: Charakter"},"content":{"rendered":"<p>F\u00fcr jeden etwas Passendes dabei, man muss es sich nur aussuchen!<br \/>\n<a href=\"https:\/\/web.de\/magazine\/politik\/trump-telefoniert-merkel-zoellen-china-russland-32891026\"><i>Gestern anders und heute so oder gestern so und heute anders&#8230;<\/i><\/a><br \/>\n<a href=\"http:\/\/zonenklaus.de\/wordpress\/?attachment_id=31294\" rel=\"attachment wp-att-31294\"><img loading=\"lazy\" decoding=\"async\" class=\"size-thumbnail wp-image-31294 alignleft\" src=\"http:\/\/zonenklaus.de\/wordpress\/wp-content\/uploads\/2018\/03\/06-150x79.jpg\" alt=\"\" width=\"150\" height=\"79\" srcset=\"https:\/\/zonenklaus.de\/wordpress\/wp-content\/uploads\/2018\/03\/06-150x79.jpg 150w, https:\/\/zonenklaus.de\/wordpress\/wp-content\/uploads\/2018\/03\/06-300x158.jpg 300w, https:\/\/zonenklaus.de\/wordpress\/wp-content\/uploads\/2018\/03\/06.jpg 475w\" sizes=\"auto, (max-width: 150px) 100vw, 150px\" \/><\/a>Ist jener launenhaft <i>konstruktive<\/i> Verbald\u00fcnnschiss \u00fcberhaupt irgendwie belegbar?<br \/>\nWas wurde denn <b>eigentlich<\/b> ausgeknautscht<b>? <\/b><br \/>\nHier l\u00e4sst sich lediglich der Refrain von Dylans dusseligsten Liedchens anbringen, deren schlichte Denkungsart immer zu solch undurchsichtigen Momenten angesagt ist: <em>The answer, my friend, is blowin\u2019 in the wind &#8211; The answer is blowin\u2019 in the wind&#8230;&#8230;&#8230;&#8230;.<\/em><br \/>\nAllerdings k\u00f6nnte man das Fazit dieses <a href=\"https:\/\/www.google.de\/search?q=merkel+karikatur&amp;num=20&amp;newwindow=1&amp;dcr=0&amp;tbm=isch&amp;tbo=u&amp;source=univ&amp;sa=X&amp;ved=0ahUKEwjlsveC5o3aAhXGDpoKHeETAo4QsAQIJg&amp;biw=1280&amp;bih=565#imgrc=idU2iZe1WbNwWM:\">deutsch<\/a><strong>\/<\/strong><a href=\"https:\/\/www.google.de\/search?q=merkel+karikatur&amp;num=20&amp;newwindow=1&amp;dcr=0&amp;tbm=isch&amp;tbo=u&amp;source=univ&amp;sa=X&amp;ved=0ahUKEwjlsveC5o3aAhXGDpoKHeETAo4QsAQIJg&amp;biw=1280&amp;bih=565#imgrc=dywSLXOQIAg3mM:\">amerikanischen<\/a> Duetts, ihr uns\u00e4gliches Fl\u00f6t-fl\u00f6t <i>demokraturischer<\/i> Beschwichtigungsnotwahrheiten, auch von einer anderen Seite ausleuchten, m\u00fcsste dazu die entsprechende Frage <i>UNSERER <a href=\"https:\/\/www.google.de\/search?q=merkel+karikatur&amp;num=20&amp;newwindow=1&amp;dcr=0&amp;tbm=isch&amp;tbo=u&amp;source=univ&amp;sa=X&amp;ved=0ahUKEwjlsveC5o3aAhXGDpoKHeETAo4QsAQIJg&amp;biw=1280&amp;bih=565#imgrc=i-YtM8NvujvegM:\">Bundesmutti<\/a><\/i> stellen&#8230;<br \/>\nDer <i>olle Jeheimrath <\/i>brachte vor \u00fcber zweihundert Jahren so auf den Punkt:<br \/>\n<i>Sage mir, mit wem du umgehst, so sage ich dir, wer du bist; wei\u00df ich, womit du dich besch\u00e4ftigst, so wei\u00df ich, was aus dir werden kann.<\/i><\/p>\n<p><span style=\"font-size: xx-small;\">Johann Wolfgang von Goethe<\/span><br \/>\n<span style=\"font-size: xx-small;\">(1749 &#8211; 1832), gilt als einer der bedeutendsten Repr\u00e4sentanten deutschsprachiger Dichtung<\/span><br \/>\n<span style=\"font-size: xx-small;\">Quelle: Goethe, Wilhelm Meisters Wanderjahre, 1821; erw. Form 1829. 2. Buch, 11. Kap.<\/span><\/p>\n","protected":false},"excerpt":{"rendered":"<p>F\u00fcr jeden etwas Passendes dabei, man muss es sich nur aussuchen! Gestern anders und heute so oder gestern so und heute anders&#8230; Ist jener launenhaft konstruktive Verbald\u00fcnnschiss \u00fcberhaupt irgendwie belegbar? Was wurde denn eigentlich ausgeknautscht? Hier l\u00e4sst sich lediglich der Refrain von Dylans dusseligsten Liedchens anbringen, deren schlichte Denkungsart immer zu solch undurchsichtigen Momenten angesagt [&hellip;]<\/p>\n","protected":false},"author":6,"featured_media":0,"comment_status":"open","ping_status":"open","sticky":false,"template":"","format":"standard","meta":{"footnotes":""},"categories":[1],"tags":[],"class_list":["post-31287","post","type-post","status-publish","format-standard","hentry","category-allgemeines"],"_links":{"self":[{"href":"https:\/\/zonenklaus.de\/wordpress\/index.php?rest_route=\/wp\/v2\/posts\/31287","targetHints":{"allow":["GET"]}}],"collection":[{"href":"https:\/\/zonenklaus.de\/wordpress\/index.php?rest_route=\/wp\/v2\/posts"}],"about":[{"href":"https:\/\/zonenklaus.de\/wordpress\/index.php?rest_route=\/wp\/v2\/types\/post"}],"author":[{"embeddable":true,"href":"https:\/\/zonenklaus.de\/wordpress\/index.php?rest_route=\/wp\/v2\/users\/6"}],"replies":[{"embeddable":true,"href":"https:\/\/zonenklaus.de\/wordpress\/index.php?rest_route=%2Fwp%2Fv2%2Fcomments&post=31287"}],"version-history":[{"count":8,"href":"https:\/\/zonenklaus.de\/wordpress\/index.php?rest_route=\/wp\/v2\/posts\/31287\/revisions"}],"predecessor-version":[{"id":31295,"href":"https:\/\/zonenklaus.de\/wordpress\/index.php?rest_route=\/wp\/v2\/posts\/31287\/revisions\/31295"}],"wp:attachment":[{"href":"https:\/\/zonenklaus.de\/wordpress\/index.php?rest_route=%2Fwp%2Fv2%2Fmedia&parent=31287"}],"wp:term":[{"taxonomy":"category","embeddable":true,"href":"https:\/\/zonenklaus.de\/wordpress\/index.php?rest_route=%2Fwp%2Fv2%2Fcategories&post=31287"},{"taxonomy":"post_tag","embeddable":true,"href":"https:\/\/zonenklaus.de\/wordpress\/index.php?rest_route=%2Fwp%2Fv2%2Ftags&post=31287"}],"curies":[{"name":"wp","href":"https:\/\/api.w.org\/{rel}","templated":true}]}}