{"id":31368,"date":"2018-04-17T21:36:12","date_gmt":"2018-04-17T20:36:12","guid":{"rendered":"http:\/\/zonenklaus.de\/wordpress\/?p=31368"},"modified":"2018-04-18T03:01:45","modified_gmt":"2018-04-18T02:01:45","slug":"skandaelchen-um-kollegah-und-farid-bang","status":"publish","type":"post","link":"https:\/\/zonenklaus.de\/wordpress\/?p=31368","title":{"rendered":"Skand\u00e4lchen um Kollegah und Farid Bang"},"content":{"rendered":"<p>Und alle bekennenden Pharis\u00e4er, Gutmenschen, politisch korrekten Flachzangen, Schw\u00e4tzer, im lo\u00adkalen Slang jodelnde <em>Berufsbetroffenheitslyrike<\/em>r, <i>Promis<\/i>, Medienknechte und wer noch alles zuge\u00adz\u00e4hlt werden m\u00f6chte, aus <a href=\"https:\/\/www.cicero.de\/kultur\/echo-verleihung-skandal-niedecken-antissemitismus-farid-bang-kollegah-protest\">UNSERER mitteleurop\u00e4ischen KULTURHEMISPH\u00c4RE<\/a>, haben mit ihrem oftmals kruden Selbstverst\u00e4ndnis nun wieder wochenlang etwas davon. Wobei sich parallel dazu, s\u00e4mtliche Medienhaie nun woll\u00fcstig auf die hausgemachte <em>Schande<\/em> st\u00fcrzen werden, und dann ihr <i>S\u00fcppchen langfristig <\/i><em><i>a<\/i><\/em><em>m Kochen halten<\/em>, ent\u00adsprechend gew\u00fcrzt mit der Problematik, wegen des billigen Effektes hinsichtlich ihrer verkaufsf\u00f6r\u00addernder Quoten,<br \/>\nVornweg die <strong><i>BILD f\u00fcr Intellektuelle<\/i><\/strong> und deren <i>politisch interessierten<\/i> <i>F\u00e4nz, <\/i>so titeln sie z.B.:<br \/>\n<span style=\"font-size: small;\"><i><b><a href=\"http:\/\/www.spiegel.de\/kultur\/musik\/echo-2018-kulturratspraesident-christian-hoeppner-verlaesst-beirat-a-1203313.html\">&#8211; Skandal<\/a> um Kollegah und Farid Bang<\/b><\/i><\/span><br \/>\n<i><b>Kulturratspr\u00e4sident verl\u00e4sst Echo-Beirat<\/b><\/i><br \/>\n<i>&#8220;Die Texte finde ich widerlich&#8221;: Kulturratspr\u00e4sident Christian H\u00f6ppner tritt aus dem Beirat des Echo aus &#8211; und k\u00fcndigt einen Runden Tisch zu den Grenzen der Kunstfreiheit an.<\/i><br \/>\n<i><a href=\"http:\/\/www.spiegel.de\/kultur\/musik\/echo-2018-die-aufrechten-sind-zu-wenige-und-zu-alt-kommentar-a-1203218.html\"><b>&#8211; Emp\u00f6rung<\/b><\/a><span style=\"font-size: small;\"><b> \u00fcber Echo <\/b><\/span><\/i><br \/>\n<i><b>Die Aufrechten sind zu wenige &#8211; und zu alt<\/b><\/i><br \/>\n<i>Nach dem Antisemitismus-Eklat beim Echo geben Preistr\u00e4ger ihre Auszeichnung zur\u00fcck und emp\u00f6\u00adren sich \u00f6ffentlich. Das ist gut und wichtig &#8211; aber es erreicht nicht das Publikum, um das es geht.<\/i><br \/>\n<!--more-->Wei\u00df nicht, ob ich zum Geschehen lachen soll, wusste zwar etwas \u00fcber jene Echo-Fete, was es mit jenem <i>kulturellen<\/i> Brimborium eigentlich auf sich hat, war mir bisher nicht bekannt. Wird mich auch weiterhin nicht interessieren. Es treffen sich an eben einem Tag im Jahr <i>ville<\/i> K\u00fcnstler und solche, die sich daf\u00fcr halten, wobei dem einen oder anderen mit fadenscheinigen Begr\u00fcndungen solch Ob\u00adjekt zugeschanzt wird, f\u00fcr ihre <i>kulturellen<\/i> Verdienste beim ewigen Tanz ums Goldene Kalb. Als n\u00e4chstes wird immer noch viel gefetet, mit all den vielen K\u00f6stlichkeiten, die der illegale und geset\u00adzeskonforme Markt so hergibt. V\u00f6gelei scheint anschlie\u00dfend wohl nicht mehr so angesagt zu sein &#8211; <i>zu wenig <\/i><i>Aufrechte &#8211; und zu alt.<\/i> Wie mir aus gut unterrichteten Kreisen gesteckt wurde, stehen im Rahmen des Bobbele-Effektes, an solchen Abenden Besenkammern unter strengster Bewachung&#8230;<br \/>\nWer solch <i>m\u00e4chtig gewaltiges <\/i><a href=\"https:\/\/de.wikipedia.org\/wiki\/Echo_(Musikpreis)\">schrottiges Stehr\u00fcmchen<\/a> erh\u00e4lt, der Auswahlvorgang obliegt sogar ei\u00adnem <i>Kulturrat <\/i><b>(<\/b><span style=\"font-size: small;\"><i>Klingt <\/i><\/span><span style=\"font-size: small;\">affenscharf!<\/span><span style=\"font-size: medium;\"><b>)<\/b><\/span>, dessen Scheffoberpr\u00e4sident letztens alles peinlich vorkam, selbi\u00adger daher aus dem Verein austrat. Verga\u00df aber nicht, in ferner Zukunft eine Masturbationsperfor\u00admance anzudrohen, wo die angekarrten Leute<sup><b>*INNEN usw.<\/b><\/sup> sich an einem Runden Tisch, verbal einen von der Palme wedeln d\u00fcrfen&#8230;<br \/>\nBezeichnend ist folgende Tatsache, dass in vielen Rap-Texten bereits lange Zeit menschenverachtende Lyrik getr\u00e4llert wird, aber alles erst ins Rutschen kam, als <i>politisch korrekte Sittenw\u00e4chter<\/i> einschritten, weil sie <i>antisemitische Tendenzen<\/i> erkannten. <a href=\"https:\/\/de.wikipedia.org\/wiki\/Godwin%E2%80%99s_law\"><i>Godwin\u2019s law <\/i><\/a>kann nun auch um <i>Auschwitz<\/i> erweitert werden!<br \/>\nFand bisher den gesamten Text nirgendwo, muss sagen, er interessiert dar\u00fcber hinaus wirklich nicht.<br \/>\nMuss hier ebenso einen KZ-spezifischen Zusammenhang herstellen, weil es dem Rest der reichen Welt vollkommen an ihren fetten \u00c4rschen vorbei geht, dass weltweit tausende Kilometer n\u00f6rdlich und s\u00fcdlich des \u00c4quators, Millionen Menschen vegetieren, die den Vergleich mit H\u00e4ftlingen aus Buchenwald nicht scheuen m\u00fcssen&#8230;<br \/>\nNoch etwas zum ECHO, wobei ich sogar deren <a href=\"http:\/\/www.echopop.de\/pop-startseite\/\">Heimat-Startseite<\/a> \u00e4u\u00dferst unangenehm empfinde, gelinde ausgedr\u00fcckt! Bei meiner immer gepflegten Lebenseinstellung, w\u00e4re mir niemals eingefallen, mich mit den Leuten gleichzustellen, die immer auf dieses merkw\u00fcrdig Teil erpicht waren. Sind ja peinliche Nasen bei WIKI aufgelistet, denen ich noch nicht mal im Mondschein begegnen m\u00f6chte.<br \/>\nF\u00fcr begnadete E-F\u00e4nz noch die <a href=\"http:\/\/www.eventim.de\/helene-fischer-tickets.html?affiliate=EVE&amp;doc=artistPages\/tickets&amp;fun=artist&amp;action=tickets&amp;erid=1751537&amp;kuid=19344\">Gastspieldaten<\/a> der <em>passgermanischen<\/em> ECHO-Prinzessin mit Migrationshintergrund, so als Beispiel einer gelungenen Integration&#8230;<br \/>\nMit ihren Mucken k\u00f6nnte man mich foltern, muss sie mir ja nicht einziehen. Selbst stehe ich mehr auf den Gesang <a href=\"https:\/\/www.youtube.com\/watch?v=EkPq3UaCLpg\">jener Frau<\/a> oder <a href=\"https:\/\/www.youtube.com\/watch?v=yoHDrzw-RPg\">auch der.<\/a><\/p>\n","protected":false},"excerpt":{"rendered":"<p>Und alle bekennenden Pharis\u00e4er, Gutmenschen, politisch korrekten Flachzangen, Schw\u00e4tzer, im lo\u00adkalen Slang jodelnde Berufsbetroffenheitslyriker, Promis, Medienknechte und wer noch alles zuge\u00adz\u00e4hlt werden m\u00f6chte, aus UNSERER mitteleurop\u00e4ischen KULTURHEMISPH\u00c4RE, haben mit ihrem oftmals kruden Selbstverst\u00e4ndnis nun wieder wochenlang etwas davon. Wobei sich parallel dazu, s\u00e4mtliche Medienhaie nun woll\u00fcstig auf die hausgemachte Schande st\u00fcrzen werden, und dann ihr [&hellip;]<\/p>\n","protected":false},"author":6,"featured_media":0,"comment_status":"open","ping_status":"open","sticky":false,"template":"","format":"standard","meta":{"footnotes":""},"categories":[1],"tags":[],"class_list":["post-31368","post","type-post","status-publish","format-standard","hentry","category-allgemeines"],"_links":{"self":[{"href":"https:\/\/zonenklaus.de\/wordpress\/index.php?rest_route=\/wp\/v2\/posts\/31368","targetHints":{"allow":["GET"]}}],"collection":[{"href":"https:\/\/zonenklaus.de\/wordpress\/index.php?rest_route=\/wp\/v2\/posts"}],"about":[{"href":"https:\/\/zonenklaus.de\/wordpress\/index.php?rest_route=\/wp\/v2\/types\/post"}],"author":[{"embeddable":true,"href":"https:\/\/zonenklaus.de\/wordpress\/index.php?rest_route=\/wp\/v2\/users\/6"}],"replies":[{"embeddable":true,"href":"https:\/\/zonenklaus.de\/wordpress\/index.php?rest_route=%2Fwp%2Fv2%2Fcomments&post=31368"}],"version-history":[{"count":2,"href":"https:\/\/zonenklaus.de\/wordpress\/index.php?rest_route=\/wp\/v2\/posts\/31368\/revisions"}],"predecessor-version":[{"id":31370,"href":"https:\/\/zonenklaus.de\/wordpress\/index.php?rest_route=\/wp\/v2\/posts\/31368\/revisions\/31370"}],"wp:attachment":[{"href":"https:\/\/zonenklaus.de\/wordpress\/index.php?rest_route=%2Fwp%2Fv2%2Fmedia&parent=31368"}],"wp:term":[{"taxonomy":"category","embeddable":true,"href":"https:\/\/zonenklaus.de\/wordpress\/index.php?rest_route=%2Fwp%2Fv2%2Fcategories&post=31368"},{"taxonomy":"post_tag","embeddable":true,"href":"https:\/\/zonenklaus.de\/wordpress\/index.php?rest_route=%2Fwp%2Fv2%2Ftags&post=31368"}],"curies":[{"name":"wp","href":"https:\/\/api.w.org\/{rel}","templated":true}]}}