{"id":31419,"date":"2018-04-18T23:56:42","date_gmt":"2018-04-18T22:56:42","guid":{"rendered":"http:\/\/zonenklaus.de\/wordpress\/?p=31419"},"modified":"2018-04-26T11:48:03","modified_gmt":"2018-04-26T10:48:03","slug":"warum-das-verborgene-museum-in-berlin-einzigartig-ist-und-auch-bleiben-soll","status":"publish","type":"post","link":"https:\/\/zonenklaus.de\/wordpress\/?p=31419","title":{"rendered":"Warum das VERBORGENE MUSEUM in Berlin einzigartig ist und auch bleiben soll"},"content":{"rendered":"<p>Kenne dieses<a href=\"https:\/\/www.morgenpost.de\/kultur\/berlin-kultur\/article124100731\/Warum-das-Verborgene-Museum-in-Berlin-einzigartig-ist.html\"> l\u00fctte Museum<\/a> von den ersten Stunden an.<br \/>\nWar zwar nicht bei jeder Vernissage anwesend, allerdings auch zwischendurch bei vielen Ausstellungen. Schon faszinierend, was Marion und Elisabeth immer wieder auftrieben an abgelichteten und gemalten Werken. Ebenso wurden dar\u00fcber hinaus oftmals ganz pers\u00f6nlich Dinge der K\u00fcnstler in den kleinen Vitrinen pr\u00e4sentiert.<br \/>\nWas man fast regelm\u00e4\u00dfig erleben darf anl\u00e4sslich solcher<em> Events<\/em>, sind die witzlos plappernden Kulturfuzzis, die nicht nur dort, ewig auf der Pisse von bildenden K\u00fcnstlern und den Ausstellungsmachern Kahn fahren wollen. Registriere es permanent, dass gerade jene Figuren, in deren Verantwortlichkeit s\u00e4mtliche finanziellen Kahlschl\u00e4ge obliegen, solche Veranstaltungen ausnutzen und sich ebenda, im Schatten der zur Schau gestellten Kunstschaffenden, aberwitzig und dreist sonnen wollen.<br \/>\nGerade heute wieder vorgef\u00fchrt bekommen!<br \/>\nBin mir sehr sicher, viele der Anwesenden, bestimmt \u00fcber ein dreiviertel Anwesen<i>dinne<\/i>n, gingen doch zu jener <i>Feierstunde <\/i>wegen eines schlichten Bed\u00fcrfnisses, um den verantwortlichen Frauen vom Museum Achtung zu zollen, auch ein Anlass, mal wieder alte Bekannte zutreffen, die ihnen in den ganzen Jahren ab und zu \u00fcber den Weg liefen.<br \/>\nUnd was passierte?<br \/>\nWar mir eigentlich klar, <em>Monsieur le Pr\u00e9sident<\/em> musste die Chance nutzen und die G\u00e4ste ewig mit der Biographie von Louise Schr\u00f6der nerven. Dachte er etwa, unter seinem Publikum hocken nur politisch desinteressierte Blindfische, denen er es unbedingt zeigen musste, von denen niemand etwas anfangen konnte mit der Namensgebung des etwas gr\u00f6\u00dferen Pucks aus einer Metallegierung? Tut mir nicht leid, wenn ich in dem Zusammenhang ablasse, eine gewisse Notwendigkeit streiften schon meine Ohren. Als Politikerin mit Visionen, die permanent versuchte etwas davon umzusetzen, was ihr recht selten gelang, wegen der \u00fcberall anzutreffenden Ignoranz ihrer Umgebung, da besitzt Genossin Schr\u00f6der schon den Status einer Quotenfrau des letzten Jahrhunderts. Wenn man nur die momentanen Abziehbilder von Genossinnen ihrer Partei betrachtet, da sehe ich keine Frau, die ihr heutzutage ann\u00e4hernd das Wasser reichen k\u00f6nnte, auch nicht von der obersten Stufe eines Tripp Trapp\u00b4s&#8230;<br \/>\nHoffentlich wiederholt sich n\u00e4chste Woche solch identisches Gelaber nicht schon wieder. Dem Himmel sei Dank, nicht nur mir geht es h\u00e4ufig so, weil mich \u00f6fters ein Gef\u00fchl beschleicht, dass Vernissage-Plapperer gar nicht wissen, was sie da eigentlich ablassen. Weil deren Vortr\u00e4ge von wesentlich fachkundigeren Knechten oder B\u00fcroklammern verfasst werden.<br \/>\nKuratorenmentalit\u00e4t geht mir vollends ab, w\u00fcrde anschlie\u00dfend n\u00e4mlich immer in die Luft gehen. Wenn ich daran denke, da muss man mit steinerner Mine, erst den ganzen Stuss \u00fcber sich ergehen lassen und dann wegen der <em>Etikette<\/em>, anschlie\u00dfend noch eine h\u00fcndisch ergebene Danksagung fl\u00f6ten&#8230;<br \/>\nHier ist Sense!!!<br \/>\nNun folgen noch zwei Links: Eine <a href=\"https:\/\/www.youtube.com\/watch?v=1QtA0t3IUnM&amp;t=110s\">La-La-Collage,<\/a> weil mir das Vijo-Erstellungsprogramm n\u00fcscht sagte und etwas aus vergangenen Tagen von <a href=\"https:\/\/www.flickr.com\/photos\/zonenklaus\/11950177483\/in\/album-72157635054582245\/\">M.B.&amp;E.M<\/a>.<\/p>\n<p><b>Fu\u00dfnote:<\/b> Eigentlich ist es nicht so prickelnd, wenn man auf zwei Hochzeiten tanzt, war aber gegen 21:30 Uhr noch in der Zionskirche, da ging es open end mit <a href=\"http:\/\/zionskirche-berlin.de\/event\/suedafrikanischer-chor-vulingoma\">Percussion und Gesang aus S\u00fcdafrika<\/a> weiter&#8230;.<\/p>\n","protected":false},"excerpt":{"rendered":"<p>Kenne dieses l\u00fctte Museum von den ersten Stunden an. War zwar nicht bei jeder Vernissage anwesend, allerdings auch zwischendurch bei vielen Ausstellungen. Schon faszinierend, was Marion und Elisabeth immer wieder auftrieben an abgelichteten und gemalten Werken. Ebenso wurden dar\u00fcber hinaus oftmals ganz pers\u00f6nlich Dinge der K\u00fcnstler in den kleinen Vitrinen pr\u00e4sentiert. Was man fast regelm\u00e4\u00dfig [&hellip;]<\/p>\n","protected":false},"author":6,"featured_media":0,"comment_status":"open","ping_status":"open","sticky":false,"template":"","format":"standard","meta":{"footnotes":""},"categories":[1],"tags":[],"class_list":["post-31419","post","type-post","status-publish","format-standard","hentry","category-allgemeines"],"_links":{"self":[{"href":"https:\/\/zonenklaus.de\/wordpress\/index.php?rest_route=\/wp\/v2\/posts\/31419","targetHints":{"allow":["GET"]}}],"collection":[{"href":"https:\/\/zonenklaus.de\/wordpress\/index.php?rest_route=\/wp\/v2\/posts"}],"about":[{"href":"https:\/\/zonenklaus.de\/wordpress\/index.php?rest_route=\/wp\/v2\/types\/post"}],"author":[{"embeddable":true,"href":"https:\/\/zonenklaus.de\/wordpress\/index.php?rest_route=\/wp\/v2\/users\/6"}],"replies":[{"embeddable":true,"href":"https:\/\/zonenklaus.de\/wordpress\/index.php?rest_route=%2Fwp%2Fv2%2Fcomments&post=31419"}],"version-history":[{"count":6,"href":"https:\/\/zonenklaus.de\/wordpress\/index.php?rest_route=\/wp\/v2\/posts\/31419\/revisions"}],"predecessor-version":[{"id":31425,"href":"https:\/\/zonenklaus.de\/wordpress\/index.php?rest_route=\/wp\/v2\/posts\/31419\/revisions\/31425"}],"wp:attachment":[{"href":"https:\/\/zonenklaus.de\/wordpress\/index.php?rest_route=%2Fwp%2Fv2%2Fmedia&parent=31419"}],"wp:term":[{"taxonomy":"category","embeddable":true,"href":"https:\/\/zonenklaus.de\/wordpress\/index.php?rest_route=%2Fwp%2Fv2%2Fcategories&post=31419"},{"taxonomy":"post_tag","embeddable":true,"href":"https:\/\/zonenklaus.de\/wordpress\/index.php?rest_route=%2Fwp%2Fv2%2Ftags&post=31419"}],"curies":[{"name":"wp","href":"https:\/\/api.w.org\/{rel}","templated":true}]}}