{"id":31426,"date":"2018-04-25T21:49:02","date_gmt":"2018-04-25T20:49:02","guid":{"rendered":"http:\/\/zonenklaus.de\/wordpress\/?p=31426"},"modified":"2018-04-26T23:55:31","modified_gmt":"2018-04-26T22:55:31","slug":"debatte-um-erklaerung-2018-was-verraet-der-beruf-ueber-die-politische-haltung","status":"publish","type":"post","link":"https:\/\/zonenklaus.de\/wordpress\/?p=31426","title":{"rendered":"Debatte um &#8220;Erkl\u00e4rung 2018&#8221; &#8211; Was verr\u00e4t der Beruf \u00fcber die politische Haltung?"},"content":{"rendered":"<p><i>Pl\u00f6tzlich stehen sich zwei b\u00fcrgerliche Lager gegen\u00fcber: Die Unterzeichner der &#8220;Erkl\u00e4rung 2018&#8221; kritisieren Merkels Fl\u00fcchtlingspolitik. Die Unterzeichner der &#8220;Antwort 2018&#8221; wiederum distanzieren sich von der &#8220;Erkl\u00e4rung 2018&#8221; &#8211; zwei Eliten im Vergleich.<\/i><br \/>\n<i>&#8211; <\/i>Zwei M\u00fcnzen haben vier Seiten!<br \/>\nFinde es schon recht merkw\u00fcrdig, wie leichtfertig <a href=\"http:\/\/www.deutschlandfunkkultur.de\/debatte-um-erklaerung-2018-was-verraet-der-beruf-ueber-die.1005.de.html?dram:article_id=416437\">Meister Tschechne<\/a> mit dem Begriff ELITEN <i>herumfuchtelt<\/i> &#8211; benutze dieses Mal lediglich ein weichgesp\u00fcltes Verb f\u00fcr seine Art, wie er s\u00e4mtliche Angeh\u00f6rigen jener beiden Rudel laufend klassifiziert.<br \/>\nFand im Bermudadreieck des Netzes keine ausreichende Definition des Begriffes, der alles auf den Punkt bringt, letztlich wurde irgendwann in s\u00e4mtlichen Texten rumgeeiert.<br \/>\n<a href=\"https:\/\/de.wikipedia.org\/wiki\/Elite\">WIKI meint irgendwo<\/a>: <i>Im Alltag und in den Massenmedien werden unter \u201eElite\u201c in der Regel Personen verstanden, die sich in politischen, wirtschaftlichen, sportlichen, k\u00fcnstlerischen, akademischen o. \u00e4. Spitzenpositionen befinden. <\/i><br \/>\nMit Hilfe<i> <\/i>der <i>politisch korrekten<\/i> Betrachtungsweise k\u00f6nnte man Fachidioten nat\u00fcrlich so bezeichnen, was aber in der Regel, f\u00fcr jene zu definierenden Personenkreise absolut nicht zutrifft.<br \/>\nDa jeder f\u00fcr seine Feindbilder selber sorgen muss, gebe ich noch <a href=\"http:\/\/www.bpb.de\/apuz\/28476\/elite?p=all\">zwei Links<\/a>. In dem ellenlangen Beitrag kann man sich entsprechend brauchbaren Passagen selbst zusammenklauben.<br \/>\nAllerdings m\u00fcssten auch dort die soziologischen Aspekte viel tiefgr\u00fcndiger aufgedr\u00f6selt werden!<br \/>\nSchon mal dar\u00fcber nachgedacht, was mit hartn\u00e4ckiger Political Correctness und permanenter Genderhurerei in UNSERER kranken Gesellschaft alles <i>nachhaltig<\/i> gedeckelt wird und warum in dem Zusammenhang gerade jetzt mal wieder massenhaft <a href=\"https:\/\/www.elitepartner.de\/magazin\/elite.html\">Eliteriche<sup><b>*INNEN usw.<\/b><\/sup><\/a>, wie Pilze aus dem Boden schie\u00dfen?<\/p>\n","protected":false},"excerpt":{"rendered":"<p>Pl\u00f6tzlich stehen sich zwei b\u00fcrgerliche Lager gegen\u00fcber: Die Unterzeichner der &#8220;Erkl\u00e4rung 2018&#8221; kritisieren Merkels Fl\u00fcchtlingspolitik. Die Unterzeichner der &#8220;Antwort 2018&#8221; wiederum distanzieren sich von der &#8220;Erkl\u00e4rung 2018&#8221; &#8211; zwei Eliten im Vergleich. &#8211; Zwei M\u00fcnzen haben vier Seiten! Finde es schon recht merkw\u00fcrdig, wie leichtfertig Meister Tschechne mit dem Begriff ELITEN herumfuchtelt &#8211; benutze dieses [&hellip;]<\/p>\n","protected":false},"author":6,"featured_media":0,"comment_status":"open","ping_status":"open","sticky":false,"template":"","format":"standard","meta":{"footnotes":""},"categories":[1],"tags":[],"class_list":["post-31426","post","type-post","status-publish","format-standard","hentry","category-allgemeines"],"_links":{"self":[{"href":"https:\/\/zonenklaus.de\/wordpress\/index.php?rest_route=\/wp\/v2\/posts\/31426","targetHints":{"allow":["GET"]}}],"collection":[{"href":"https:\/\/zonenklaus.de\/wordpress\/index.php?rest_route=\/wp\/v2\/posts"}],"about":[{"href":"https:\/\/zonenklaus.de\/wordpress\/index.php?rest_route=\/wp\/v2\/types\/post"}],"author":[{"embeddable":true,"href":"https:\/\/zonenklaus.de\/wordpress\/index.php?rest_route=\/wp\/v2\/users\/6"}],"replies":[{"embeddable":true,"href":"https:\/\/zonenklaus.de\/wordpress\/index.php?rest_route=%2Fwp%2Fv2%2Fcomments&post=31426"}],"version-history":[{"count":1,"href":"https:\/\/zonenklaus.de\/wordpress\/index.php?rest_route=\/wp\/v2\/posts\/31426\/revisions"}],"predecessor-version":[{"id":31427,"href":"https:\/\/zonenklaus.de\/wordpress\/index.php?rest_route=\/wp\/v2\/posts\/31426\/revisions\/31427"}],"wp:attachment":[{"href":"https:\/\/zonenklaus.de\/wordpress\/index.php?rest_route=%2Fwp%2Fv2%2Fmedia&parent=31426"}],"wp:term":[{"taxonomy":"category","embeddable":true,"href":"https:\/\/zonenklaus.de\/wordpress\/index.php?rest_route=%2Fwp%2Fv2%2Fcategories&post=31426"},{"taxonomy":"post_tag","embeddable":true,"href":"https:\/\/zonenklaus.de\/wordpress\/index.php?rest_route=%2Fwp%2Fv2%2Ftags&post=31426"}],"curies":[{"name":"wp","href":"https:\/\/api.w.org\/{rel}","templated":true}]}}