{"id":31428,"date":"2018-04-26T22:12:54","date_gmt":"2018-04-26T21:12:54","guid":{"rendered":"http:\/\/zonenklaus.de\/wordpress\/?p=31428"},"modified":"2018-04-27T01:17:49","modified_gmt":"2018-04-27T00:17:49","slug":"verborgenes-museum-inge-morath-1923-2002","status":"publish","type":"post","link":"https:\/\/zonenklaus.de\/wordpress\/?p=31428","title":{"rendered":"VERBORGENES MUSEUM, INGE MORATH 1923 &#8211; 2002"},"content":{"rendered":"<p><a href=\"https:\/\/www.dasverborgenemuseum.de\/ausstellungen\/aktuell\">Aus einem fotografischen Kosmos<\/a><br \/>\nAnl\u00e4sslich vieler Ausstellungen kam mir immer wieder hoch, welch irrwitzigen Kahlschlag willf\u00e4hrige Beamte im <i>Dritten Reich<\/i> betrieben, den mehrheitlich die Bev\u00f6lkerung nicht nur stillschweigend akzeptierte, sondern euphorisch unterst\u00fctzte und deren<i> reichsdeutsche<\/i> Nachwehen man allerorten recht <i>nachhaltig <\/i>sp\u00fcren konnte<i>,<\/i> bis weit in die 1970er hinein.<br \/>\nDar\u00fcber hinaus, gleich anschlie\u00dfend eine neue Qualit\u00e4t von jenem identischen Gedankengut gedieh, was wiederum nur eine Minderheit registrierte.<br \/>\nAuch \u00fcber 70 Jahre, nach dem letzten infernalischen Weltbrand, laboriert nun Gesamtdeutschland an den damals aufgerissenen und niemals verheilten Wunden, welche haupts\u00e4chlich Kunst und Wissenschaft betrafen. Mittlerweile versucht bereits die dritte Generation, ebenfalls halbherzig jene d\u00fcstere \u00c4ra etwas aufzuarbeiten und wird ebenso scheitern. Weil heutzutage alles noch genauso an den Verlusten krankt und die damals entstandenen L\u00f6cher nicht zu beseitigen sind.<br \/>\nGut, Inge Morath geh\u00f6rte nicht zu den Opfern, sie war zu jung, allerdings besa\u00df sie als \u00d6si sogar einen gewissen Hang zum System, au\u00dferdem kam sie erst relativ sp\u00e4t zur Photographie.<br \/>\nDiese Winzausstellung belegt aber ihr grenzenloses Talent.<br \/>\nIm Zusammenhang mit <a href=\"https:\/\/www.inhaltsangabe.de\/autoren\/miller\/\">Arthur Miller<\/a> und <a href=\"https:\/\/pro.magnumphotos.com\/C.aspx?VP3=CMS3&amp;VF=MAGO31_10_VForm&amp;ERID=24KL535353\">Robert Capa<\/a> war sie mir ein Begriff, wusste aber nicht mehr auf welchem Gebiet sie sich schaffte. Mit dem <a href=\"https:\/\/www.flickr.com\/photos\/zonenklaus\/41722986601\/in\/datetaken-public\/\"><i>Lama <\/i>auf dem<i> Times Square, NYC 1957<\/i><\/a> fielen mir etliche Sachen von ihr wieder ein, au\u00dferdem sah ich vor Jahren bereits eine andere Ausstellung.<br \/>\nBesonders gefiel mir gestern, dass mal wieder kein Kulturfuzzi herum laberte.<br \/>\nLediglich Elisabeth Moortgat lie\u00df kurze biographische Highlights \u00fcber die K\u00fcnstlerin ab, ebenso Kurt Kaindl als Kollege, der seinen Vortrag noch mit einigen Schnurren w\u00fcrzte&#8230;<br \/>\nEs lohnt sich, auch etwas in der Heimatseite vom Museum zu st\u00f6bern!<\/p>\n","protected":false},"excerpt":{"rendered":"<p>Aus einem fotografischen Kosmos Anl\u00e4sslich vieler Ausstellungen kam mir immer wieder hoch, welch irrwitzigen Kahlschlag willf\u00e4hrige Beamte im Dritten Reich betrieben, den mehrheitlich die Bev\u00f6lkerung nicht nur stillschweigend akzeptierte, sondern euphorisch unterst\u00fctzte und deren reichsdeutsche Nachwehen man allerorten recht nachhaltig sp\u00fcren konnte, bis weit in die 1970er hinein. Dar\u00fcber hinaus, gleich anschlie\u00dfend eine neue Qualit\u00e4t [&hellip;]<\/p>\n","protected":false},"author":6,"featured_media":0,"comment_status":"open","ping_status":"open","sticky":false,"template":"","format":"standard","meta":{"footnotes":""},"categories":[1],"tags":[],"class_list":["post-31428","post","type-post","status-publish","format-standard","hentry","category-allgemeines"],"_links":{"self":[{"href":"https:\/\/zonenklaus.de\/wordpress\/index.php?rest_route=\/wp\/v2\/posts\/31428","targetHints":{"allow":["GET"]}}],"collection":[{"href":"https:\/\/zonenklaus.de\/wordpress\/index.php?rest_route=\/wp\/v2\/posts"}],"about":[{"href":"https:\/\/zonenklaus.de\/wordpress\/index.php?rest_route=\/wp\/v2\/types\/post"}],"author":[{"embeddable":true,"href":"https:\/\/zonenklaus.de\/wordpress\/index.php?rest_route=\/wp\/v2\/users\/6"}],"replies":[{"embeddable":true,"href":"https:\/\/zonenklaus.de\/wordpress\/index.php?rest_route=%2Fwp%2Fv2%2Fcomments&post=31428"}],"version-history":[{"count":1,"href":"https:\/\/zonenklaus.de\/wordpress\/index.php?rest_route=\/wp\/v2\/posts\/31428\/revisions"}],"predecessor-version":[{"id":31429,"href":"https:\/\/zonenklaus.de\/wordpress\/index.php?rest_route=\/wp\/v2\/posts\/31428\/revisions\/31429"}],"wp:attachment":[{"href":"https:\/\/zonenklaus.de\/wordpress\/index.php?rest_route=%2Fwp%2Fv2%2Fmedia&parent=31428"}],"wp:term":[{"taxonomy":"category","embeddable":true,"href":"https:\/\/zonenklaus.de\/wordpress\/index.php?rest_route=%2Fwp%2Fv2%2Fcategories&post=31428"},{"taxonomy":"post_tag","embeddable":true,"href":"https:\/\/zonenklaus.de\/wordpress\/index.php?rest_route=%2Fwp%2Fv2%2Ftags&post=31428"}],"curies":[{"name":"wp","href":"https:\/\/api.w.org\/{rel}","templated":true}]}}