{"id":31521,"date":"2018-06-04T22:11:51","date_gmt":"2018-06-04T21:11:51","guid":{"rendered":"http:\/\/zonenklaus.de\/wordpress\/?p=31521"},"modified":"2018-06-05T00:26:42","modified_gmt":"2018-06-04T23:26:42","slug":"3-juni-2018-anlaesslich-des-weltfahrradtages-flughafen-ausser-betrieb","status":"publish","type":"post","link":"https:\/\/zonenklaus.de\/wordpress\/?p=31521","title":{"rendered":"3. Juni 2018, anl\u00e4sslich des Weltfahrradtages &#8211; Flughafen au\u00dfer Betrieb!"},"content":{"rendered":"<p><b>(<\/b>&#8230;<span style=\"font-size: small;\"><i>Der <a href=\"https:\/\/de.wikipedia.org\/wiki\/Weltfahrradtag\">Weltfahrradtag<\/a> ist am 3. Juni. Er wurde am 12. April 2018 als ein offizieller UN-Tag des Bewusstseins \u00fcber die gesellschaftlichen Vorteile der Fahrradnutzung verabschiedet.<\/i><\/span> <span style=\"font-size: small;\">Ist es nicht brennend hei\u00df, was die UN-Fuzzis da wieder ausbaldowert haben? Daf\u00fcr muss es n\u00e4chstes Jahr irgendeinen Nobelpreis geben!<\/span><b>)<\/b><br \/>\n<strong><em><a href=\"https:\/\/www.abendblatt.de\/hamburg\/article214463287\/Stromausfall-legt-Terminal-am-Hamburg-Airport-lahm.html\">&#8230;L\u00f6ste eine defekte Leitung den Stromausfall am Airport aus?<\/a><\/em><\/strong><br \/>\nZu den 19Uhr-<i>Meldungen<\/i><b>(<\/b>?!?<b>)<\/b> des ZDF\u00b4s durfte sich Schefffchen Michael Eggenschwiler, hier wurde untertitelt: <i>Vorsitzender Gesch\u00e4ftsf\u00fchrung Hamburg Airport, <\/i>langatmig wahrnehmbar, allerdings mit inhaltsleerer Bravour, gekonnt einen verbal von der Palme wedeln&#8230;<br \/>\nAnhand der Besonderheit seines Zungenschlages und Namens konnte man erkennen, bei ihm handelt es sich wahrscheinlich um einen Zeitgenossen mit Migrationshintergrund, der seinen Weg hiesiger Assimilation vollendet hat.<br \/>\nWeil ich im Netz die ZDF-Schose nicht fand, ging\u00b4s zur <a href=\"https:\/\/www.tagesschau.de\/multimedia\/video\/video-410163.html\">Konkurrenz<\/a>, deren Aussagen keinen Deut inhaltsreicher \u00fcber deren Sender gingen.<br \/>\nAllerdings \u00fcberschlugen sich die Printmedien daf\u00fcr wesentlich mehr. Wegen der Secondhand-Infos aus unmittelbarer N\u00e4he, wurde auf das gestrige <a href=\"https:\/\/www.abendblatt.de\/hamburg\/article214463287\/Stromausfall-legt-Terminal-am-Hamburg-Airport-lahm.html\"><b>H A<\/b> <\/a>zur\u00fcckgegriffen. Selbiges Bl\u00e4ttchen bem\u00fchte sogar f\u00fcnf Schreiberlinge*<sup><b>Innen usw.<\/b><\/sup>, allerdings vermisste ich dabei eine gewisse Ausgewogenheit, weil drei Frauen gegen zwei M\u00e4nnchen antraten!<br \/>\nGeschlechtsspezifische Interpretation waren nicht direkt erkennbar, der Abschnitt: <i><b>&#8230;Alte Isolierung Grund f\u00fcr Kurzschluss? &#8211;<\/b><\/i> k\u00f6nnte ebenso von einem Typen stammen, der als Kind weder eine elektrische Eisenbahn besa\u00df und auch noch w\u00e4hrend seiner Abi-Phase Physik abgew\u00e4hlt hatte. <b> <\/b><br \/>\n<i>&#8230;Ursache des Stromausfalls ist offenbar eine veraltete Leitung in der Hauptstromversorgung. Aus dem Umfeld des Flughafens verlautet, dass ein 20 Jahre altes Kabel den Defekt ausgel\u00f6st haben soll. Die Zuleitung eines Transformators sei daher verschmort. <\/i><br \/>\n<i>Die Leitungen seien in einem Brandschutzkanal gelegt und wegen mangelnder K\u00fchlung wohl \u00fcber Jahre hin zu hei\u00df geworden. Es ist fraglich, ob dieser Mangel nicht zuvor h\u00e4tte entdeckt werden k\u00f6nnen. <\/i><br \/>\nEs liegt mir sehr fern, hier auf die Erkl\u00e4rung technischer Details der Starkstromtechnik einzugehen. Zumindest w\u00e4re es interessant gewesen, wann der T\u00dcV letztmalig alles checkte.<br \/>\nKann es au\u00dferdem nicht sein, wenn ein Kabel nach 20 Jahren auf solche Art den Geist aufgibt, es sich schlicht um die schon l\u00e4nger bevorzugte <a href=\"https:\/\/de.wikipedia.org\/wiki\/Obsoleszenz\">Obsoleszenz<\/a> handelt?<br \/>\nAnders kann ich mir diese Malaise nicht erkl\u00e4ren.<br \/>\nWenn ich dabei an die <a href=\"https:\/\/de.wikipedia.org\/wiki\/DniproHES\">\u0414\u043d\u0456\u043f\u0440\u043e\u0432\u0441\u044c\u043a\u0430 <b>\u0413<\/b>\u0456\u0434\u0440\u043e <b>\u0415<\/b>\u043b\u0435\u043a\u0442\u0440\u043e <b>\u0421<\/b>\u0442\u0430\u043d\u0446\u0456\u044f<\/a> denke, zwar lieferten die USA damals die Generatoren und Turbinen an das Wasserkraftwerk, allerdings kamen die elektrischen Leitungen aus eigener Produktion! Tausende politische Gefangene des ersten kommunistischen Schlaraffenlandes der Arbeiter und Bauern, schnitzten in den Gulag\u00b4s aus riesigen Kupferbl\u00f6cken die entsprechenden Dr\u00e4hte und h\u00e4kelten sie anschlie\u00dfend zu den ben\u00f6tigten Querschnitten zusammen. Man will es kaum glauben, aber nach \u00fcber 80 Jahren funktioniert das Kraftwerk immer noch!<br \/>\nIm Gegenzug stellt sich nat\u00fcrlich die Frage, was ist eigentlich aus <i>Made in Germany<\/i> geworden?<br \/>\nVielleicht ging es ja dortigen Angestellten einfach nur darum, zu beweisen, dass man jene Berlin\/Brandenburgische Handlungsweisen vom BER, ohne weiteres auch sonst wo ausprobieren kann&#8230;<br \/>\nWas soll eigentlich mit den ganzen Daherplappern, Spekulationen und Irref\u00fchrungen gedeckelt werden?<br \/>\nIst wohl eher ein ausgebuffter Cyberanschlag gewesen, darum tappe alle im Dunkeln und deshalb ist totale Verschleierungstaktik angesagt.<br \/>\nLustig kommt die Tagesschau-Tante daher, als etwas wegen nicht zahlbarer Entsch\u00e4digungen ablie\u00df, nebst der bereits jetzt geltenden <i>au\u00dfergew\u00f6hnlichen Umst\u00e4nden&#8230;<\/i><br \/>\nAus gut unterrichteter Kreise wurde mir ein Photo zugestellt, alles verbunden mit dem Hinweis auf den erfolgten Anschlag, hinter dem der russische Pr\u00e4sident Putin vermutet wird. In einem geheimen Kamp in Kamtschatka werden Kamikaze-Marder darauf gedrillt, Hochspannungskupferleitungen anzunagen! Der abgelichtete <a href=\"https:\/\/www.flickr.com\/photos\/zonenklaus\/9059336210\/in\/album-72157627519220651\/\">Terrornager<\/a> wurde in besagtem Kabelkanal sichergestellt.<br \/>\nAbschlie\u00dfend noch etwas aus dem Text: <b>Wie geht es weiter f\u00fcr die Passagiere?<\/b><br \/>\n<i>&#8230;Passagiere mit Lufthansa-Tickets k\u00f6nnen ihre Flugtickets als Bahntickets verwenden und mit dem Zug fahren, teilte die Lufthansa mit. <\/i><br \/>\nWer <i>janz<\/i> weit nach Osten will, der kann ja die <i>Bagdadbahn<\/i> oder die <em>Transsibirische Eisenbahn<\/em> benutzen&#8230;<!--more--><\/p>\n","protected":false},"excerpt":{"rendered":"<p>(&#8230;Der Weltfahrradtag ist am 3. Juni. Er wurde am 12. April 2018 als ein offizieller UN-Tag des Bewusstseins \u00fcber die gesellschaftlichen Vorteile der Fahrradnutzung verabschiedet. Ist es nicht brennend hei\u00df, was die UN-Fuzzis da wieder ausbaldowert haben? Daf\u00fcr muss es n\u00e4chstes Jahr irgendeinen Nobelpreis geben!) &#8230;L\u00f6ste eine defekte Leitung den Stromausfall am Airport aus? Zu [&hellip;]<\/p>\n","protected":false},"author":6,"featured_media":0,"comment_status":"open","ping_status":"open","sticky":false,"template":"","format":"standard","meta":{"footnotes":""},"categories":[1],"tags":[],"class_list":["post-31521","post","type-post","status-publish","format-standard","hentry","category-allgemeines"],"_links":{"self":[{"href":"https:\/\/zonenklaus.de\/wordpress\/index.php?rest_route=\/wp\/v2\/posts\/31521","targetHints":{"allow":["GET"]}}],"collection":[{"href":"https:\/\/zonenklaus.de\/wordpress\/index.php?rest_route=\/wp\/v2\/posts"}],"about":[{"href":"https:\/\/zonenklaus.de\/wordpress\/index.php?rest_route=\/wp\/v2\/types\/post"}],"author":[{"embeddable":true,"href":"https:\/\/zonenklaus.de\/wordpress\/index.php?rest_route=\/wp\/v2\/users\/6"}],"replies":[{"embeddable":true,"href":"https:\/\/zonenklaus.de\/wordpress\/index.php?rest_route=%2Fwp%2Fv2%2Fcomments&post=31521"}],"version-history":[{"count":2,"href":"https:\/\/zonenklaus.de\/wordpress\/index.php?rest_route=\/wp\/v2\/posts\/31521\/revisions"}],"predecessor-version":[{"id":31523,"href":"https:\/\/zonenklaus.de\/wordpress\/index.php?rest_route=\/wp\/v2\/posts\/31521\/revisions\/31523"}],"wp:attachment":[{"href":"https:\/\/zonenklaus.de\/wordpress\/index.php?rest_route=%2Fwp%2Fv2%2Fmedia&parent=31521"}],"wp:term":[{"taxonomy":"category","embeddable":true,"href":"https:\/\/zonenklaus.de\/wordpress\/index.php?rest_route=%2Fwp%2Fv2%2Fcategories&post=31521"},{"taxonomy":"post_tag","embeddable":true,"href":"https:\/\/zonenklaus.de\/wordpress\/index.php?rest_route=%2Fwp%2Fv2%2Ftags&post=31521"}],"curies":[{"name":"wp","href":"https:\/\/api.w.org\/{rel}","templated":true}]}}