{"id":31635,"date":"2018-07-17T23:02:51","date_gmt":"2018-07-17T22:02:51","guid":{"rendered":"http:\/\/zonenklaus.de\/wordpress\/?p=31635"},"modified":"2018-07-27T00:56:23","modified_gmt":"2018-07-26T23:56:23","slug":"ard-sportkoordinator-kritisiert-tv-experte-lahm","status":"publish","type":"post","link":"https:\/\/zonenklaus.de\/wordpress\/?p=31635","title":{"rendered":"ARD-Sportkoordinator kritisiert TV-Experte Lahm"},"content":{"rendered":"<p><i><a href=\"https:\/\/www.welt.de\/sport\/article179527310\/Haetten-uns-mehr-gewuenscht-ARD-Sportkoordinator-kritisiert-TV-Experte-Lahm.html\">ARD-Sportkoordinator Axel Balkausky<\/a> hat Philipp Lahm f\u00fcr seine E<\/i>ks<i>perten-T\u00e4tigkeit w\u00e4hrend der Fu\u00dfball-Weltmeisterschaft in Russland kritisiert. <\/i><br \/>\nIst doch mein Reden seit Nine-Eleven, heutige E<em>ks<\/em>perten sind doch oftmals Vollpfosten und Luschen. Weshalb erkennt eine ARD-Schlaftablette dies so sp\u00e4t und bekommt f\u00fcr jenen lauen Durchblick auch noch Kohle von den Steuerzahlern in seinen Rachen geschmissen?<br \/>\nIch raffe es wiedermal nicht.<br \/>\nBalka<i>n<\/i>sky ist aber ebenso schr\u00e4g drauf, wegen seiner Sicht der Dinge und der pl\u00f6tzlich aufsteigenden Sprechblase: <i>sehr belebenden Erfahrung im Team.<\/i><br \/>\nMuss dazu sagen, wei\u00df gar nicht, wer jener agile <i>ARD-Sportkoordinator<\/i> \u00fcberhaupt ist. Interessiert mich au\u00dferdem einen feuchten Kehricht, eine Frage taucht trotzdem auf, was hat er denn <b>koordinieren<\/b> d\u00fcrfen?<br \/>\nWie soll man den Begriff eines heutigen <i>Koordinators<\/i> eigentlich interpretieren? Ist es so etwas \u00e4hnliches wie ein Do<i>c<\/i>ktortitel, nur ohne ein daf\u00fcr <i>hinterlegtes<\/i> Plagiat? Jedenfalls muss es sich um eine ganz wichtige, vollkommen unverzichtbare Position handeln. Scheinbar auch irgendwie so eine Art Schleudersitz f\u00fcr h\u00f6here Sph\u00e4ren.<\/p>\n<p>Denke dabei nur an <i>Hasi<\/i> Altmaier, der ehemalige Kanzleramtschef wurde nebenher immer noch als Fl\u00fcchtlings<i>koordinator<\/i> gepriesen. Mir fiel er ewig nur auf, wenn er unauff\u00e4llig hinter seiner gro\u00dfen Schefffffin<i> <\/i>hertrotte<i>l<\/i>te, da erinnerte er lediglich an ihren verl\u00e4ngerten Schatten. Kann mich wirklich nicht erinnern, jemals etwas zum Thema vernommen zuhaben, geschweige denn das Ger\u00e4usch einer implodierenden Sprechblase, welche man in irgendeiner Form mit Fl\u00fcchtlingen und deren etwaigen <i>Koordinierungen<\/i> in Verbindung bringen konnte.<br \/>\nM\u00f6glicherweise handelte es sich um einen ganz diskreten Job, wobei die heutzutage inflation\u00e4r vergebene und nichtssagende Berufsbezeichnung mit den <a href=\"https:\/\/karrierebibel.de\/handzeichen-okay\/\">drei O\u00b4s<\/a> lediglich dazu dient, einen billigen Grund zu haben f\u00fcr die folgende Absegnung der n\u00e4chst h\u00f6heren Gehaltsstufe.<br \/>\nBei Peti A. scheint es vielleicht etwas anderes zu sein, offenkundig zieht er im Auftrag von ganz oben die F\u00e4den. Eventuell geht die BAMF-Hudelei sogar auf seine Kappe, weil sie nat\u00fcrlich aus dem Ruder laufen musste, parierte er sofort und reichte den Kelch prompt an de Maizi\u00e8re weiter. Selbstherrlich wie immer, nicht nur vor laufenden Kameras, \u00fcbernahm der sonderbare Parteisoldat nat\u00fcrlich die <i>Verantwortung, <\/i>selbstverst\u00e4ndlich ohne irgendwelche Konsequenzen hinterher, als ob es nur darum ging, dass zur gleichen Zeit in Peking ein Sack Reis umfiel.<br \/>\n<i>&#8230;der 59-j\u00e4hrige Kanzleramtsminister und gesch\u00e4ftsf\u00fchrende Finanzminister geh\u00f6rt zu den wichtigsten Vertrauten der Bundeskanzlerin.<\/i><br \/>\nAls Belohnung gab es f\u00fcr Hasi nun endlich auch einen Posten in der neuen Regierung, den eines Arbeitsministers <i>unter ferner liefen<\/i>&#8230;<br \/>\nIn dem Amt scheint es lediglich darum zugehen, als \u00e4u\u00dferst wichtige Galionsfigur den <i>Lieben Herrgott <\/i>einen braven Mann seinzulassen.<br \/>\nDenn alles l\u00e4uft wie gehabt, sein Vorg\u00e4nger machte es bereits gekonnt vor, und dessen Vorl\u00e4ufer ebenso.<br \/>\nSchlie\u00dflich verwaltet dieses Ministerium lediglich, s\u00e4mtliche marktpolitischen Folgen die sich zwangsl\u00e4ufig aus dem \u00f6konomischen Selbstlauf des Handlings vom Kapital ergeben. Jenes, daraus resultierende undurchsichtige Chaos wird hernach sofort entsprechend statistisch frisiert und dann best\u00e4ndig in nichtssagenden Prozentpunkten den Plebsen als immerw\u00e4hrender Erfolg pr\u00e4sentiert.<br \/>\nSchon bin ich wieder bei der <i>Koordination <\/i>gelandet.<br \/>\nWobei das <i>Scheffchen vonz janze<\/i> sowieso keinen Einfluss gelten macht, denn die entsprechenden Vorarbeiten daf\u00fcr leisten bekanntlich verbeamteten <i>Knechte<sup><b>*INNEN<\/b><\/sup><\/i><b> <\/b><i><sup><b>usw<\/b><\/sup><\/i><sup><b>.<\/b><\/sup>, er muss letztlich nur als Verk\u00fcnder klarkommen und alles mit Leib und Seele zur Schau stellen.<br \/>\nFreue mich bereits auf seinen ersten Auftritt. Denn die bisherige Art seiner <i>euphorisch<\/i> vorgetragenen Statements erinnerten mich immer wieder an jenen <a href=\"https:\/\/wortwuchs.net\/fabeltiere-eigenschaften\/petz\/\">Meister Petz<\/a>, der gegen nie vorhandene Z\u00fcgellosigkeit, bereits im Ansatz etwas unternimmt und deshalb den beginnenden Tag mit einem Cocktail aus <a href=\"http:\/\/flexikon.doccheck.com\/de\/Tranquilizer\">Tranquilizern<\/a> beginnt&#8230;<\/p>\n","protected":false},"excerpt":{"rendered":"<p>ARD-Sportkoordinator Axel Balkausky hat Philipp Lahm f\u00fcr seine Eksperten-T\u00e4tigkeit w\u00e4hrend der Fu\u00dfball-Weltmeisterschaft in Russland kritisiert. Ist doch mein Reden seit Nine-Eleven, heutige Eksperten sind doch oftmals Vollpfosten und Luschen. Weshalb erkennt eine ARD-Schlaftablette dies so sp\u00e4t und bekommt f\u00fcr jenen lauen Durchblick auch noch Kohle von den Steuerzahlern in seinen Rachen geschmissen? Ich raffe es [&hellip;]<\/p>\n","protected":false},"author":6,"featured_media":0,"comment_status":"open","ping_status":"open","sticky":false,"template":"","format":"standard","meta":{"footnotes":""},"categories":[1],"tags":[],"class_list":["post-31635","post","type-post","status-publish","format-standard","hentry","category-allgemeines"],"_links":{"self":[{"href":"https:\/\/zonenklaus.de\/wordpress\/index.php?rest_route=\/wp\/v2\/posts\/31635","targetHints":{"allow":["GET"]}}],"collection":[{"href":"https:\/\/zonenklaus.de\/wordpress\/index.php?rest_route=\/wp\/v2\/posts"}],"about":[{"href":"https:\/\/zonenklaus.de\/wordpress\/index.php?rest_route=\/wp\/v2\/types\/post"}],"author":[{"embeddable":true,"href":"https:\/\/zonenklaus.de\/wordpress\/index.php?rest_route=\/wp\/v2\/users\/6"}],"replies":[{"embeddable":true,"href":"https:\/\/zonenklaus.de\/wordpress\/index.php?rest_route=%2Fwp%2Fv2%2Fcomments&post=31635"}],"version-history":[{"count":3,"href":"https:\/\/zonenklaus.de\/wordpress\/index.php?rest_route=\/wp\/v2\/posts\/31635\/revisions"}],"predecessor-version":[{"id":31639,"href":"https:\/\/zonenklaus.de\/wordpress\/index.php?rest_route=\/wp\/v2\/posts\/31635\/revisions\/31639"}],"wp:attachment":[{"href":"https:\/\/zonenklaus.de\/wordpress\/index.php?rest_route=%2Fwp%2Fv2%2Fmedia&parent=31635"}],"wp:term":[{"taxonomy":"category","embeddable":true,"href":"https:\/\/zonenklaus.de\/wordpress\/index.php?rest_route=%2Fwp%2Fv2%2Fcategories&post=31635"},{"taxonomy":"post_tag","embeddable":true,"href":"https:\/\/zonenklaus.de\/wordpress\/index.php?rest_route=%2Fwp%2Fv2%2Ftags&post=31635"}],"curies":[{"name":"wp","href":"https:\/\/api.w.org\/{rel}","templated":true}]}}