{"id":31717,"date":"2018-09-04T22:52:46","date_gmt":"2018-09-04T21:52:46","guid":{"rendered":"http:\/\/zonenklaus.de\/wordpress\/?p=31717"},"modified":"2018-09-05T01:10:05","modified_gmt":"2018-09-05T00:10:05","slug":"kultur-wirsindmehr-in-chemnitz","status":"publish","type":"post","link":"https:\/\/zonenklaus.de\/wordpress\/?p=31717","title":{"rendered":"Kultur \u201e#wirsindmehr\u201c in Chemnitz"},"content":{"rendered":"<p>\u201e<span style=\"font-size: medium;\">Wir\u201c, sagt Casper, \u201eschreiben heute Geschichte\u201c<\/span><br \/>\n<span style=\"font-size: medium;\">Recht hatte er, Herr Darwin! Der Mensch stammt von tierischen Lebewesen ab. Andere bezeichnen jenes Konstrukt sogar als Krone der Sch\u00f6pfung, jener Vergleich stammt aber aus einer anderen Ecke, ist auch egal.<\/span><br \/>\n<span style=\"font-size: medium;\">Jedenfalls kommt Darwins Aussage meiner Interpretation wesentlich n\u00e4her. <\/span><br \/>\n<span style=\"font-size: medium;\">Will aber vorher noch etwas einschieben, wie Angeh\u00f6rige sp\u00e4terer Generationen, m\u00f6glicherweise den gestrigen Spruch von <i>Kasper <\/i>interpretieren werden. Der dann noch nicht mal die geringste Wertigkeit einer x-beliebigen damaligen Polit-Fu\u00dfnote entsprechen wird und sie werden anschlie\u00dfend in Lachkr\u00e4mpfe ausbrechen. <\/span><br \/>\n<span style=\"font-size: medium;\">Den veranstalteten <i>musischen Krach<\/i> werden E<i>ks<\/i>perten sp\u00e4ter, lediglich als hilfloses Pfeifen im Walde, einer <i>linkslastigen<\/i> Minderheit, leichtsinniger \u00fcberm\u00fctiger und recht unbedarfter junger Traumt\u00e4nzer, interpretieren. <\/span><br \/>\n<span style=\"font-size: medium;\">Bei einer Herde von Schafen kann man es sehr gut beobachten, wie sie bereits flugs zusammenr\u00fccken, wenn es in gro\u00dfer Entfernung donnert, ist das f\u00fcr sie nicht nachvollziehbare Ph\u00e4nomen endlich vor\u00fcber, widmen sich sich wieder ihrer ureigenen Bestimmung, grasen friedfertig weit verstreut vor sich hin, bis irgendwann der Metzger erscheint, dem sie dann nichts entgegensetzen k\u00f6nnen&#8230; <\/span><br \/>\n<span style=\"font-size: medium;\">Bei G\u00e4nsen verh\u00e4lt es sich \u00e4hnlich, bei denen kommt hinzu, dass sie in solchen Momenten, gemeinschaftlich mit schiefen H\u00e4lsen und saudoofen Blicken in Richtung des Donnergrollens glotzen&#8230;<\/span><\/p>\n<p><!--more--><span style=\"font-size: medium;\">Letztendlich konnte jeder den Tod eines vollkommen unbekannten Mannes f\u00fcr seine Zwecke ausnutzen. Deshalb l\u00e4uft seit Tagen eine Maschinerie an, wobei sich jede Seite, f\u00fcr ihre kurzfristigen Belange, bedenkenlos etwas von dem perforierten M\u00e4rtyrer abs\u00e4belt, um damit entsprechende S\u00fcppchen zu k\u00f6cheln und die Medien als willf\u00e4hrige K\u00fcchenbullen mittenmang, bei der Zubereitung des <i>Chemnitzer Allerlei\u00b4s. <\/i> <\/span><br \/>\n<span style=\"font-size: medium;\">Besonders in der Glotze finde ich die HDTV-Vijos, um die momentane <i>Kranz-Blumen-&amp;-Kerzen-Abwurfstelle<\/i>, immer sehr gelungen. Man munkelt, dass Frau Kanzler auch die Gunst der Stunde nutzen will und dort auftauchen m\u00f6chte. <\/span><br \/>\n<span style=\"font-size: medium;\"><a href=\"http:\/\/zonenklaus.de\/wordpress\/?attachment_id=31720\" rel=\"attachment wp-att-31720\"><img loading=\"lazy\" decoding=\"async\" class=\"alignleft size-thumbnail wp-image-31720\" src=\"http:\/\/zonenklaus.de\/wordpress\/wp-content\/uploads\/2018\/09\/Screenshot_2018-09-04-chemnitz-news-Google-Suche-60x150.png\" alt=\"\" width=\"60\" height=\"150\" srcset=\"https:\/\/zonenklaus.de\/wordpress\/wp-content\/uploads\/2018\/09\/Screenshot_2018-09-04-chemnitz-news-Google-Suche-60x150.png 60w, https:\/\/zonenklaus.de\/wordpress\/wp-content\/uploads\/2018\/09\/Screenshot_2018-09-04-chemnitz-news-Google-Suche-120x300.png 120w, https:\/\/zonenklaus.de\/wordpress\/wp-content\/uploads\/2018\/09\/Screenshot_2018-09-04-chemnitz-news-Google-Suche-768x1926.png 768w, https:\/\/zonenklaus.de\/wordpress\/wp-content\/uploads\/2018\/09\/Screenshot_2018-09-04-chemnitz-news-Google-Suche-408x1024.png 408w, https:\/\/zonenklaus.de\/wordpress\/wp-content\/uploads\/2018\/09\/Screenshot_2018-09-04-chemnitz-news-Google-Suche-624x1565.png 624w, https:\/\/zonenklaus.de\/wordpress\/wp-content\/uploads\/2018\/09\/Screenshot_2018-09-04-chemnitz-news-Google-Suche.png 1222w\" sizes=\"auto, (max-width: 60px) 100vw, 60px\" \/><\/a>Fand bei Google <i>ungef\u00e4hr 39.400.000 Ergebnisse (0,46 Sekunden) <\/i>zum Charly-Marx-Town-Politsyndrom (siehe Sreeenshot!). Denn so richtig passt gegenw\u00e4rtig der Name <i>Chemnitz<\/i> gar nicht zur Berichterstattung, da permanent \u041b\u0435\u0432 \u0415\u0444\u0438\u043c\u043e\u0432\u0438\u0447 \u041a\u0435\u0440\u0431\u0435\u043b\u044c\u00b4 uns\u00e4glicher N\u00fcschel in den Berichten auftaucht. Fand in dem Zusammenhang ein Photo der Merkel<i>in. <\/i>Mann, hat die Tante da eine <a href=\"https:\/\/www.merkur.de\/politik\/chemnitz-nach-fremdenfeindlichen-uebergriffen-merkel-kuendigt-besuch-in-chemnitz-an-zr-10199172.html\">k\u00e4mpferischen Blick<\/a> drauf, mal sehen, wie sie dann mit Betroffenheitslarve an der <i>M\u00e4rtyrer-Blumenwiese <\/i>aussieht. <\/span><br \/>\n<span style=\"font-size: medium;\">Was ich absolut nicht verstehe, ewig wird darauf spekuliert, was nach der n\u00e4chsten <i>demokratischen Wahl<\/i> werden soll. Denn augenblicklich l\u00e4uft ja alles <i>au\u00dfergew\u00f6hnlich gut <\/i>f\u00fcr AfD &#8211; wer dann mit wem koalieren soll. <\/span><br \/>\n<span style=\"font-size: medium;\">Wird kein Problem sein, hatten wir doch alles schon mal, vor knapp 100 Jahren. Da kungelten die Kommunisten mit den Nazis, das r\u00fcckgratlose katholischen Zentrum wurde zum Steigb\u00fcgelhalter f\u00fcr <i>Adolf den G\u00fctigen<\/i>&#8230;<\/span><br \/>\n<span style=\"font-size: medium;\">Vielleicht prescht die neuerliche Jeanne d&#8217;Arc der Neobolschewisten vor mit ihrer frischgebacken Truppe der\u201eAufstehen<i>den<\/i>\u201c. Wie will sie ihren Kleingartenverband \u00fcberhaupt nennen? Etwa auch AfD &#8211; Aufstehen f\u00fcr Deutschland &#8211; da g\u00e4be es bestimmt schwere Hudeleien wegen des Copyright\u00b4s. <\/span><br \/>\n<span style=\"font-size: medium;\">Die folgenden M\u00e4rtyrer der Weimarer Zeit wird heute fast keiner mehr kennen, es handelte sich dabei um Matthias Erzberger 1921, Walther Rathenau 1922, Leo Schlageter 1923, Fritz Weineck 1925, Horst Wessel 1930. Alle waren jedoch in irgendwelchen politischen Gruppierungen eingebunden. <\/span><br \/>\n<span style=\"font-size: medium;\">Wobei \u00fcber <\/span><span style=\"font-size: medium;\"><a href=\"https:\/\/www.focus.de\/politik\/deutschland\/haftbefehl-landete-im-netz-totschlag-in-chemnitz-was-wir-ueber-tatverdaechtige-und-opfer-daniel-h-wissen_id_9495676.html\">Daniel H. (\u2020 35)<\/a>, den nun pl\u00f6tzlich alle Seiten f\u00fcr sich vereinnahmen wollen, ist bisher fast nichts bekannt, sehr merkw\u00fcrdig&#8230;<\/span><\/p>\n","protected":false},"excerpt":{"rendered":"<p>\u201eWir\u201c, sagt Casper, \u201eschreiben heute Geschichte\u201c Recht hatte er, Herr Darwin! Der Mensch stammt von tierischen Lebewesen ab. Andere bezeichnen jenes Konstrukt sogar als Krone der Sch\u00f6pfung, jener Vergleich stammt aber aus einer anderen Ecke, ist auch egal. Jedenfalls kommt Darwins Aussage meiner Interpretation wesentlich n\u00e4her. Will aber vorher noch etwas einschieben, wie Angeh\u00f6rige sp\u00e4terer [&hellip;]<\/p>\n","protected":false},"author":6,"featured_media":0,"comment_status":"open","ping_status":"open","sticky":false,"template":"","format":"standard","meta":{"footnotes":""},"categories":[1],"tags":[],"class_list":["post-31717","post","type-post","status-publish","format-standard","hentry","category-allgemeines"],"_links":{"self":[{"href":"https:\/\/zonenklaus.de\/wordpress\/index.php?rest_route=\/wp\/v2\/posts\/31717","targetHints":{"allow":["GET"]}}],"collection":[{"href":"https:\/\/zonenklaus.de\/wordpress\/index.php?rest_route=\/wp\/v2\/posts"}],"about":[{"href":"https:\/\/zonenklaus.de\/wordpress\/index.php?rest_route=\/wp\/v2\/types\/post"}],"author":[{"embeddable":true,"href":"https:\/\/zonenklaus.de\/wordpress\/index.php?rest_route=\/wp\/v2\/users\/6"}],"replies":[{"embeddable":true,"href":"https:\/\/zonenklaus.de\/wordpress\/index.php?rest_route=%2Fwp%2Fv2%2Fcomments&post=31717"}],"version-history":[{"count":5,"href":"https:\/\/zonenklaus.de\/wordpress\/index.php?rest_route=\/wp\/v2\/posts\/31717\/revisions"}],"predecessor-version":[{"id":31724,"href":"https:\/\/zonenklaus.de\/wordpress\/index.php?rest_route=\/wp\/v2\/posts\/31717\/revisions\/31724"}],"wp:attachment":[{"href":"https:\/\/zonenklaus.de\/wordpress\/index.php?rest_route=%2Fwp%2Fv2%2Fmedia&parent=31717"}],"wp:term":[{"taxonomy":"category","embeddable":true,"href":"https:\/\/zonenklaus.de\/wordpress\/index.php?rest_route=%2Fwp%2Fv2%2Fcategories&post=31717"},{"taxonomy":"post_tag","embeddable":true,"href":"https:\/\/zonenklaus.de\/wordpress\/index.php?rest_route=%2Fwp%2Fv2%2Ftags&post=31717"}],"curies":[{"name":"wp","href":"https:\/\/api.w.org\/{rel}","templated":true}]}}