{"id":31743,"date":"2018-09-08T21:42:42","date_gmt":"2018-09-08T20:42:42","guid":{"rendered":"http:\/\/zonenklaus.de\/wordpress\/?p=31743"},"modified":"2026-04-21T11:55:47","modified_gmt":"2026-04-21T10:55:47","slug":"der-kitt-der-demokratie-heutiger-tagesspiegel-hannes-soltau","status":"publish","type":"post","link":"https:\/\/zonenklaus.de\/wordpress\/?p=31743","title":{"rendered":"\u201eDer Kitt der Demokratie\u201c &#8211; heutiger Tagesspiegel, Hannes Soltau"},"content":{"rendered":"<p>Eigentlich ein recht <a href=\"http:\/\/www.pressreader.com\/germany\/der-tagesspiegel\/20180908\/281539406844768\">vern\u00fcnftiger Artikel<\/a>, Adorno h\u00e4tte man aber nicht erw\u00e4hnen brauchen, die wenigsten Leute k\u00f6nne ja noch nicht mal etwas mit dem Namen anfangen. Viele werden ihn sicher f\u00fcr eine italienische Automarke oder eine dortige Apfelsorte halten&#8230;<br \/>\nAu\u00dferdem wurden bereits vor tausenden von Jahren <em>fundierte philosophische\u00a0 \u00a0Verhaltensma\u00dfregelungen, <\/em>mit seltsam verbr\u00e4mten humanistsichen Touch, in Tontafeln gekratzt&#8230;<br \/>\nAls den witzigsten Typ, in jene moralische Richtung, muss man allerdings, den viel sp\u00e4ter aufgetauchten <a href=\"https:\/\/www.philomag.de\/philosophen\/immanuel-kant\"><em>Immanuel<\/em> <i>Cu<\/i>nt<\/a> sehen\u00a0<span style=\"font-family: Times New Roman, serif;\"><b>(\u263a??)!!! <\/b><\/span><br \/>\nEr verzapfte zwar, wie viele andere <em>ausgebufft gel\u00e4uterte Schreiberlinge<\/em>, wiederholt unendlich viele Denkans\u00e4tze, war aber als<em> gebildetes<\/em> <em>Menschenskind<\/em> eine recht armen Kreatur!<br \/>\nP\u00e4pste und entsprechende Popen sind so \u00e4hnlich, lassen sich permanent \u00fcber V\u00f6gelei und deren Folgen aus, d\u00fcrfen aber selber noch nicht mal Hand an sich legen! Predigen aber allesamt Wasser und saufen dazu erlesene Weine&#8230;<br \/>\n<strong>Hier zeigt sich die ewige un\u00fcberwindbare Kluft zwischen Theorie und Praxis.<\/strong><br \/>\n<em>Meister Immanuel<\/em> \u00fcbertrieb alles auch noch, jedoch in seinen letzten Jahrzehnten.<br \/>\nSeine Parole des <a href=\"https:\/\/de.wikipedia.org\/wiki\/Kategorischer_Imperativ\"><i>kategorische Imperativ <\/i><\/a>klingt im ersten Moment richtig gut: \u201eHandle nur nach derjenigen Maxime, durch die du zugleich wollen kannst, dass sie ein allgemeines Gesetz werde.\u201c<br \/>\n<i>Er ist im System Immanuel Kants das grundlegende Prinzip der Ethik. Er gebietet allen endlichen vernunftbegabten Wesen und damit allen Menschen, ihre Handlungen darauf zu pr\u00fcfen, ob sie einer f\u00fcr alle, jederzeit und ohne Ausnahme geltenden Maxime <\/i>dienen <em>k\u00f6nnen,<\/em> auf ihren lustwandelnden Pfaden in Richtung Urne&#8230;<!--more--><br \/>\n<i>Fuck<\/i>t ist doch bei n\u00e4herer Betrachtung auch, es blieb in der Praxis nie viel \u00fcbrig von den edlen Gedankenspr\u00fcngen, letztlich nur seichte fromme W\u00fcnsche, von Ekel erregende <em>Stief<\/em>v\u00e4ter der Gedanken&#8230;<br \/>\n<b>&#8211; <\/b>Vor rund 1800 Jahren hatte sich<a href=\"http:\/\/gutenberg.spiegel.de\/buch\/des-kaisers-marcus-aurelius-antonius-selbstbetrachtungen-1479\/1\"> Marc Aurel<\/a> bereits zur identischer Problematik ge\u00e4u\u00dfert. Er fasste sich dabei wesentlich k\u00fcrzer <span style=\"font-size: small;\"><b>(<\/b><\/span><span style=\"font-size: small;\"><i>Sicherlich deshalb, weil nicht gen\u00fcgend Viecher vorhanden waren f\u00fcr die Pergamentherstellung<\/i><\/span><span style=\"font-size: small;\">.<\/span><span style=\"font-size: small;\"><b>)<\/b><\/span> und verst\u00e4ndlicher, in seinen <i>Selbstbetrachtungen &#8211;<\/i> trotzdem h\u00e4rtere Kost!<br \/>\nAuch <em>Hannes Soltau<\/em> outet sich in seinem Artikel abschlie\u00dfend noch als <em>hoffnungsfroher Traumt\u00e4nzer mit humanistischen Touch.<\/em>..<br \/>\nSurfte anschlie\u00dfen noch etwas im Netz zum Thema.<br \/>\n<span style=\"font-size: medium;\"><span style=\"font-family: Times New Roman, serif;\">\u25baHier eine bedeutungs\u00e4hnlich Definition aus dem Netz, zusammengekleistert mit <\/span><span style=\"font-family: Times New Roman, serif;\"><b>KI. <\/b><\/span><span style=\"font-family: Times New Roman, serif;\">Deren neuzeit\u00adlich kultivierten Ebenen, wie immer nur dazu benutzt werden, um den P\u00f6bel<\/span><b> <\/b><span style=\"font-family: Times New Roman, serif;\">entsprechend bei Lau\u00adne zuhalten. <\/span><\/span><\/p>\n<p><i><span style=\"font-family: Times New Roman, serif;\"><span style=\"font-size: medium;\">Die Philosophie des 18. Jahrhunderts, dominiert von der Aufkl\u00e4rung, <\/span><\/span><span style=\"font-family: Times New Roman, serif;\"><span style=\"font-size: medium;\"><b>stellte die menschliche Vernunft als prim\u00e4re Quelle von Wissen und Legitimit\u00e4t in den Mittelpunkt<\/b><\/span><\/span><span style=\"font-family: Times New Roman, serif;\"><span style=\"font-size: medium;\">. <\/span><\/span><span style=\"font-family: Times New Roman, serif;\"><span style=\"font-size: medium;\"><b>Sie zielte darauf ab, Dogmen, Vorurteile und den Absolutismus durch Bildung und kritisches Denken zu \u00fcberwinden.<\/b><\/span><\/span><span style=\"font-family: Times New Roman, serif;\"><span style=\"font-size: medium;\"> Zentrale Str\u00f6mungen waren der Ratio<\/span><\/span><span style=\"font-family: Times New Roman, serif;\">nalismus, Empirismus und die Entstehung der Kritik der reinen Vernunft durch Kant.<\/span><\/i><br \/>\nGott noch mal! Wie viel Leute gerade in heutigen schwerertr\u00e4glichen Tagen, pl\u00f6tzlich einen Hang zur Heimwerkelei entwickeln, <em>sie alle wollen aber nur noch kitten<\/em>, <strong>zu Kotzen&#8230;<\/strong><br \/>\nBenutzten hierf\u00fcr zwar g<em>egenderte politisch korrekte Verbalhurerei<\/em>, aber alles endet nur in gedruckter Dampfplauderei. Besonders belustigend, das Salbadern, meiner im Mansfeldischen geborenen Landsm\u00e4nnin <a href=\"https:\/\/kreuzberger-chronik.de\/bibliothek\/2011\/juli\/mensch.html\">Genossin Simone Barrientos.<\/a> Dem Namen nach, handelt es sich bei ihr garantiert um alteingesessenen Adel aus den dortigen <a href=\"https:\/\/www.welt.de\/regionales\/sachsen-anhalt\/article239135997\/Finkenmanoever-und-Dreckschweinfest-Pfingstbraeuche.html\"><em>Grundd\u00f6rfern<\/em><\/a>&#8230;<\/p>\n<p><b>&#8211; <\/b>Hier mehrere weitere Netzausz\u00fcge:<br \/>\n<i><a href=\"https:\/\/www.sueddeutsche.de\/politik\/vertrauen-in-der-politik-kitt-fuer-die-demokratie-1.1562430\">Kitt f\u00fcr die Demokratie<\/a> <\/i><br \/>\n<a href=\"http:\/\/www.bpb.de\/presse\/246169\/der-kitt-der-unsere-gesellschaft-zusammenhaelt\"><i>Der Kitt, der unsere Gesellschaft zusammenh\u00e4lt<\/i><\/a><br \/>\n<a href=\"http:\/\/www.kas.de\/wf\/de\/33.48228\/\"><i>Der Kitt<\/i><\/a><br \/>\n<a href=\"https:\/\/www.lokale-demokratie.de\/modell\/der-kitt-der-gesellschaft\/\"><i>Der Kitt der Gesellschaft<\/i><\/a><\/p>\n<p>Vielleicht sollte ich hier noch einschieben, dass Kitt nicht gerade ein sehr haltbares und dauerhaftes Verbindungsmittel darstellt, schon gar nicht, wenn er auf Zug, Druck oder Drehung dauerhaft beansprucht werden soll! Bei mir kommt jener Dichtstoff nur kurzfristig zum Einsatz, wenn nichts weiter an entsprechend haltbarer Masse vorhanden ist, da beide Ingredienzien in meinem Keller vorr\u00e4tig sind. Stelle mir dieses Zeug dann selber her, es besteht eigentlich nur aus Schl\u00e4mmkrede <span style=\"font-size: small;\"><b>(<\/b><\/span><span style=\"font-size: small;\"><i>nehme stattdessen Gips, die getrocknete Pampe ist anschlie\u00dfend H\u00e4rter und haltbare<\/i><\/span><span style=\"font-size: small;\">r<\/span><span style=\"font-size: small;\"><b>)<\/b><\/span> und Lein\u00f6lfirnis.<br \/>\nDiese <em>politisch korrekt klugschei\u00dfenden<\/em> Jungs und M\u00e4dels wollen meine <em>befristet Notl\u00f6sung<\/em> allerdings dauerhaft einsetzen.<br \/>\nSchon klar, denn es gibt nichts best\u00e4ndigeres als ein Provisorium!<\/p>\n","protected":false},"excerpt":{"rendered":"<p>Eigentlich ein recht vern\u00fcnftiger Artikel, Adorno h\u00e4tte man aber nicht erw\u00e4hnen brauchen, die wenigsten Leute k\u00f6nne ja noch nicht mal etwas mit dem Namen anfangen. Viele werden ihn sicher f\u00fcr eine italienische Automarke oder eine dortige Apfelsorte halten&#8230; Au\u00dferdem wurden bereits vor tausenden von Jahren fundierte philosophische\u00a0 \u00a0Verhaltensma\u00dfregelungen, mit seltsam verbr\u00e4mten humanistsichen Touch, in Tontafeln [&hellip;]<\/p>\n","protected":false},"author":6,"featured_media":0,"comment_status":"open","ping_status":"open","sticky":false,"template":"","format":"standard","meta":{"footnotes":""},"categories":[1,55],"tags":[],"class_list":["post-31743","post","type-post","status-publish","format-standard","hentry","category-allgemeines","category-alltaeglicher-wahnwitz"],"_links":{"self":[{"href":"https:\/\/zonenklaus.de\/wordpress\/index.php?rest_route=\/wp\/v2\/posts\/31743","targetHints":{"allow":["GET"]}}],"collection":[{"href":"https:\/\/zonenklaus.de\/wordpress\/index.php?rest_route=\/wp\/v2\/posts"}],"about":[{"href":"https:\/\/zonenklaus.de\/wordpress\/index.php?rest_route=\/wp\/v2\/types\/post"}],"author":[{"embeddable":true,"href":"https:\/\/zonenklaus.de\/wordpress\/index.php?rest_route=\/wp\/v2\/users\/6"}],"replies":[{"embeddable":true,"href":"https:\/\/zonenklaus.de\/wordpress\/index.php?rest_route=%2Fwp%2Fv2%2Fcomments&post=31743"}],"version-history":[{"count":9,"href":"https:\/\/zonenklaus.de\/wordpress\/index.php?rest_route=\/wp\/v2\/posts\/31743\/revisions"}],"predecessor-version":[{"id":45305,"href":"https:\/\/zonenklaus.de\/wordpress\/index.php?rest_route=\/wp\/v2\/posts\/31743\/revisions\/45305"}],"wp:attachment":[{"href":"https:\/\/zonenklaus.de\/wordpress\/index.php?rest_route=%2Fwp%2Fv2%2Fmedia&parent=31743"}],"wp:term":[{"taxonomy":"category","embeddable":true,"href":"https:\/\/zonenklaus.de\/wordpress\/index.php?rest_route=%2Fwp%2Fv2%2Fcategories&post=31743"},{"taxonomy":"post_tag","embeddable":true,"href":"https:\/\/zonenklaus.de\/wordpress\/index.php?rest_route=%2Fwp%2Fv2%2Ftags&post=31743"}],"curies":[{"name":"wp","href":"https:\/\/api.w.org\/{rel}","templated":true}]}}