{"id":31747,"date":"2018-09-09T23:35:11","date_gmt":"2018-09-09T22:35:11","guid":{"rendered":"http:\/\/zonenklaus.de\/wordpress\/?p=31747"},"modified":"2018-09-10T17:46:56","modified_gmt":"2018-09-10T16:46:56","slug":"wir-brauchen-einen-mietenstopp-fuer-fuenf-jahre","status":"publish","type":"post","link":"https:\/\/zonenklaus.de\/wordpress\/?p=31747","title":{"rendered":"&#8220;Wir brauchen einen Mietenstopp f\u00fcr f\u00fcnf Jahre&#8221;"},"content":{"rendered":"<p>Wenn es sich bei dem Artikel nicht um<a href=\"https:\/\/www.tagesspiegel.de\/politik\/spd-chefin-nahles-im-interview-wir-brauchen-einen-mietenstopp-fuer-fuenf-jahre\/23013764.html\"> Gef\u00e4lligkeitsjournalismus<\/a> handelt, was Stephan Haselberger + Hans Monath mit ihrer Hilfe auf fast einer gesamten Seite pr\u00e4sentiert haben, dann wei\u00df ich n\u00fcscht mehr! Sicherlich haben sie der gro\u00dfen <i>Vorsitzendenin<\/i> auch vorher noch die Fragen irgenwie zukommen lassen und die anschlie\u00dfenden Antworten verzapfte jemand aus ihrem Redenschreiberstab&#8230;<br \/>\nGut geknurrt Miezekatze! Vor einigen Monaten sprang sich noch wie eine wild gewordene L\u00f6win herum, nervte gro\u00dfkotzig mit proletarischer Lautmalerei auf ihren Lippen, nun kommt sie mir schon vor, als ob sie eine unschickliche Landung als Bettvorleger hinlegte. Wahrscheinlich waren die beiden Schreiber auch in jener Richtung beseelt und mitleidig artete deshalb alles in einen seichten Cocktail-Small-Talk aus.<br \/>\nWill mich nicht \u00fcber den Inhalt dieser Plapperei auslassen, mir fiel blo\u00df auf, dass Madame die politisch korrekte Verbalhurerei nicht fehlerlos beherrscht, man muss dazu die ansatzweisen anderen populistischen Verk\u00fcndigungen mit einbeziehen.<br \/>\nEine TAGESSPITZEL-Seite voller Bla Bla und <em>f\u00fcnf Jahren Mietzinsstop<\/em> in G\u00e4nsef\u00fc\u00dfchen, icke wee\u00df nich, keine Glanzleistung aller Beteiligten!<\/p>\n","protected":false},"excerpt":{"rendered":"<p>Wenn es sich bei dem Artikel nicht um Gef\u00e4lligkeitsjournalismus handelt, was Stephan Haselberger + Hans Monath mit ihrer Hilfe auf fast einer gesamten Seite pr\u00e4sentiert haben, dann wei\u00df ich n\u00fcscht mehr! Sicherlich haben sie der gro\u00dfen Vorsitzendenin auch vorher noch die Fragen irgenwie zukommen lassen und die anschlie\u00dfenden Antworten verzapfte jemand aus ihrem Redenschreiberstab&#8230; Gut [&hellip;]<\/p>\n","protected":false},"author":6,"featured_media":0,"comment_status":"open","ping_status":"open","sticky":false,"template":"","format":"standard","meta":{"footnotes":""},"categories":[1],"tags":[],"class_list":["post-31747","post","type-post","status-publish","format-standard","hentry","category-allgemeines"],"_links":{"self":[{"href":"https:\/\/zonenklaus.de\/wordpress\/index.php?rest_route=\/wp\/v2\/posts\/31747","targetHints":{"allow":["GET"]}}],"collection":[{"href":"https:\/\/zonenklaus.de\/wordpress\/index.php?rest_route=\/wp\/v2\/posts"}],"about":[{"href":"https:\/\/zonenklaus.de\/wordpress\/index.php?rest_route=\/wp\/v2\/types\/post"}],"author":[{"embeddable":true,"href":"https:\/\/zonenklaus.de\/wordpress\/index.php?rest_route=\/wp\/v2\/users\/6"}],"replies":[{"embeddable":true,"href":"https:\/\/zonenklaus.de\/wordpress\/index.php?rest_route=%2Fwp%2Fv2%2Fcomments&post=31747"}],"version-history":[{"count":1,"href":"https:\/\/zonenklaus.de\/wordpress\/index.php?rest_route=\/wp\/v2\/posts\/31747\/revisions"}],"predecessor-version":[{"id":31748,"href":"https:\/\/zonenklaus.de\/wordpress\/index.php?rest_route=\/wp\/v2\/posts\/31747\/revisions\/31748"}],"wp:attachment":[{"href":"https:\/\/zonenklaus.de\/wordpress\/index.php?rest_route=%2Fwp%2Fv2%2Fmedia&parent=31747"}],"wp:term":[{"taxonomy":"category","embeddable":true,"href":"https:\/\/zonenklaus.de\/wordpress\/index.php?rest_route=%2Fwp%2Fv2%2Fcategories&post=31747"},{"taxonomy":"post_tag","embeddable":true,"href":"https:\/\/zonenklaus.de\/wordpress\/index.php?rest_route=%2Fwp%2Fv2%2Ftags&post=31747"}],"curies":[{"name":"wp","href":"https:\/\/api.w.org\/{rel}","templated":true}]}}