{"id":31749,"date":"2018-09-10T22:35:12","date_gmt":"2018-09-10T21:35:12","guid":{"rendered":"http:\/\/zonenklaus.de\/wordpress\/?p=31749"},"modified":"2020-11-24T22:02:17","modified_gmt":"2020-11-24T21:02:17","slug":"deutschlandfunk-kultur-ddr-umerziehungsheim-torgau-1-5-ihr-koennt-mich-umbringen-wie-kinder-zu-moerdern-gemacht-werden","status":"publish","type":"post","link":"https:\/\/zonenklaus.de\/wordpress\/?p=31749","title":{"rendered":"Deutschland\u201cfunk\u201c Kultur, DDR-Umerziehungsheim Torgau (1\/5) &#8211; \u201eIhr k\u00f6nnt mich umbringen\u201c &#8211; Wie Kinder zu M\u00f6rdern gemacht werden"},"content":{"rendered":"<p><a href=\"https:\/\/www.deutschlandfunkkultur.de\/ihr-koennt-mich-umbringen-folge-1-der-mordversuch.2165.de.html?dram:article_id=425431\"><i>Der Mordversuch<\/i><\/a>, von <i>Nathalie Nad-Abonji <\/i>und <i>Alexander Kr\u00fctzfeldt. <\/i><br \/>\nSch\u00f6n gemacht, auch toll, dass sich ein Sender findet, der solch ein Feigenblatt in den digitalen \u00c4ther ejakuliert &#8211; aber weshalb und f\u00fcr wen?<br \/>\nVielleicht haben N.N.-A. + A.K., wobei erstere, ihre nicht nachvollziehbaren Jahre, zwangsl\u00e4ufig auch in einem absterbenden stalinistischen Schlaraffenland erlebte. Schlie\u00dflich, auch wieder zwangsweise, ihre weiter Sozialisation in einem sog. <i>freiheitlich\/demokratischen<\/i> Staatengebilde genie\u00dfen musste&#8230;<br \/>\n\u00dcber Meister Kr\u00fctzfeld findet man nichts weiter im Netz.Liegt sicher daran, dass er sich vielmals abduckte und deshalb \u00f6fters unter Pseudonym Schreibereien produzierte&#8230;<br \/>\nJener Begriff, eines <em>Umerziehungsheimes<\/em>, macht sich aber gut. Erinnert er doch an permanente Gehirnw\u00e4sche und f\u00fchrt dadurch zu wesentlich mehr Betroffenheit bei Unwissenden. Dem war aber, zumindest in Heimen der sog. offenen Art und Jugendkn\u00e4sten, nie so. Dort regierte die latente und offen ausgetragene Gewalt, von oben und untereinander, die man dann als <i>Kollektiverziehung<\/i> <i>erfahren <\/i>durfte. Dort wurde nirgends, auch nur in Ans\u00e4tzen, der Versuch von Resozialisierung unternommen, s\u00e4mtliche<em> Opfer<\/em> sollten n\u00e4mlich seelisch zerbrochen werden!<br \/>\nAm schlimmsten traf es in solchen sog. offenen Heimen, wie der Stolberger Bleibe, Halb- und Vollwaisen. Welche sich dem perfiden <i>Erziehungs<\/i>system absolut nicht entziehen konnten. In der Gemeinschaft wurden sie ebenso maltr\u00e4tiert! Hinzu kam die t\u00e4gliche Mobberei von vielen <i>P\u00e4dagochen<\/i> und den anwesenden Stadtkindern in der Schule&#8230;<br \/>\nAls l\u00e4ngerer, eigentlich bis zum 65sten Lebensjahr verdonnerte Beobachter der sozialistischen Umtriebe in der Zone, finde ich es immer wieder Schei\u00dfe, wenn unbedarfte Vollpfosten sich erdreisten und versuchsweise die damaligen Zeiten entsprechend zu klittern. Es beginnt schon beim Umgang mit gewissen Begrifflichkeiten solcher <em>Feigenblattpresser*<\/em><sup><b>INNEN<\/b><\/sup>. Mir ist zu meinen Zeiten (26 Jahre) im ersten <em>sozialistischen<\/em> <em>Schlaraffenland der Arbeiter und Bauern<\/em>, niemals der Ausdruck <i>Umerziehungsheim<\/i> an meine Lauscher gekommen! Torgau wurde immer als <i>Jugendwerkhof<\/i> bezeichnet! Was ich aus dortigen Episoden registrierte, erinnerte alles mehr an die Zust\u00e4nde in KZ\u00b4s, vielleicht nicht ganz so hart ausgedr\u00fcckt, zumindest an Zuchth\u00e4user zu kaiserlicher Zeiten&#8230;<br \/>\nDa war das \u201eWalter-Schneider-Heim\u201c, im Luftkurort Stolberg\/Harz, <i>in dem ich anderthalb Jahre untergebracht war,<\/i> lediglich ein Erholungsheim, trotz <i>gewisser Erziehungsmethoden<\/i>, die man auch dort als Folter bezeichnen konnte. Mich tangierten solche Handhabungen allerdings nur peripher, lag sicher daran, weil ich mich bereits in der Anfangsphase, meines dortigen Aufenthaltes, mit dem Heimleiter pr\u00fcgelte&#8230;<!--more--><br \/>\nEin Ph\u00e4nomen muss ich abschlie\u00dfend noch einflie\u00dfen lassen. Nicht nur dortige Bekannte, die einen vorgezeichneten weiteren Weg \u00fcber <i>Spezialheime<\/i> und <i>Werkh\u00f6fe<\/i> einschlugen, obwohl man dem Stolberger Heim nachsagte, es diene lediglich derResozialisierung, wurden Hardcore-Stones-Fans und ich traf diese Leute sp\u00e4ter, haufenweise in der Ost-Blues-Szene wieder, mit extrem langen Loden, in <a href=\"https:\/\/de.wikipedia.org\/wiki\/Blueserszene#\/media\/File:Hirschbeutel.jpg\">Shellies<\/a> und abgeranzten Jeans. Lediglich in jenem Outfit konnte man die Verachtung gegen das damalige System auszudr\u00fccken. Vielleicht w\u00fcrde sich mancher fragen, woher ich das wei\u00df? Hatte immer ein Faible f\u00fcr solcherart <em>Auss\u00e4tzige<\/em> und deren weiteren Lebenswege, die mich deshalb immer interessierten. Sp\u00e4ter im Westen. kreuzten sich ewig die Wege von ehemaligen Zonenhippies aus den verschiedenste Gegenden der Zone und aus Polen. Ein Kumpel dr\u00fcckte es vor vielen Jahren mal so aus,<em> brauchst du eine Telefonnummer oder Adresse, frag Ede, der hockt wie eine Spinne im Zentrum ihres Netzes, den musst du nur fragen!<\/em><br \/>\nEine Beobachtung zu alten Kumpels muss ich in dem Zusammenhang ebenso zum Besten geben, wider jeglicher Erkenntnisse von diplomierten <i>P\u00fccho<\/i>&#8211; und Sozio<i>lochen <\/i>und anderer E<i>ks<\/i>perten. Selbige, die vehement der Meinung anhaften, dass Weed die absolute Einstiegsdroge f\u00fcr h\u00e4rteres Zeug ist. Ich war immer ein Hashdepp, der zig andere Leckerlis auch ausprobierte, aber niemals mit dem Gedanken spielte, irgendwann mit Pumpen zu beginnen. Die Jungs, welche nach sehr kurzer Zeit im Westen an der Nadel hingen, waren zu ihren Ostzeiten schwere Alkies, die es aber sp\u00e4ter ewig mit<em> Faustan<\/em>-, <em>Radepur<\/em>&#8211; oder <em>Parkopan<\/em>-Cocktails usw. \u00fcbertrieben hatten&#8230;<br \/>\nEigentlich wollte ich auf etwas ganz anderes hinaus, mein Deutschlehrer der 10. Klasse, dem ich kurz nach meinem letzten Heimaufenthalt, ebenfalls auf physische Art eine Lehre erteilen musste, h\u00e4tte im Zusammenhang mit meiner jetzigen Schreiberei wieder abgelassen: <i>Klaus, du darfst nicht immer zwischen deinen pl\u00f6tzlichen Eingebungen so herum springen! Mach mehrere Geschichten draus! <\/i><br \/>\nRecht h\u00e4tte er wiedermal gehabt, deshalb kommt der eigentlicher Schrieb demn\u00e4chst!<br \/>\n<b>Fu\u00dfnote:<\/b> Den ersten Teil der 5er-Serie fand ich Schei\u00dfe, da wird sich bei den folgenden nichts \u00e4ndern&#8230;<\/p>\n","protected":false},"excerpt":{"rendered":"<p>Der Mordversuch, von Nathalie Nad-Abonji und Alexander Kr\u00fctzfeldt. Sch\u00f6n gemacht, auch toll, dass sich ein Sender findet, der solch ein Feigenblatt in den digitalen \u00c4ther ejakuliert &#8211; aber weshalb und f\u00fcr wen? Vielleicht haben N.N.-A. + A.K., wobei erstere, ihre nicht nachvollziehbaren Jahre, zwangsl\u00e4ufig auch in einem absterbenden stalinistischen Schlaraffenland erlebte. Schlie\u00dflich, auch wieder zwangsweise, [&hellip;]<\/p>\n","protected":false},"author":6,"featured_media":0,"comment_status":"open","ping_status":"open","sticky":false,"template":"","format":"standard","meta":{"footnotes":""},"categories":[1],"tags":[],"class_list":["post-31749","post","type-post","status-publish","format-standard","hentry","category-allgemeines"],"_links":{"self":[{"href":"https:\/\/zonenklaus.de\/wordpress\/index.php?rest_route=\/wp\/v2\/posts\/31749","targetHints":{"allow":["GET"]}}],"collection":[{"href":"https:\/\/zonenklaus.de\/wordpress\/index.php?rest_route=\/wp\/v2\/posts"}],"about":[{"href":"https:\/\/zonenklaus.de\/wordpress\/index.php?rest_route=\/wp\/v2\/types\/post"}],"author":[{"embeddable":true,"href":"https:\/\/zonenklaus.de\/wordpress\/index.php?rest_route=\/wp\/v2\/users\/6"}],"replies":[{"embeddable":true,"href":"https:\/\/zonenklaus.de\/wordpress\/index.php?rest_route=%2Fwp%2Fv2%2Fcomments&post=31749"}],"version-history":[{"count":8,"href":"https:\/\/zonenklaus.de\/wordpress\/index.php?rest_route=\/wp\/v2\/posts\/31749\/revisions"}],"predecessor-version":[{"id":35542,"href":"https:\/\/zonenklaus.de\/wordpress\/index.php?rest_route=\/wp\/v2\/posts\/31749\/revisions\/35542"}],"wp:attachment":[{"href":"https:\/\/zonenklaus.de\/wordpress\/index.php?rest_route=%2Fwp%2Fv2%2Fmedia&parent=31749"}],"wp:term":[{"taxonomy":"category","embeddable":true,"href":"https:\/\/zonenklaus.de\/wordpress\/index.php?rest_route=%2Fwp%2Fv2%2Fcategories&post=31749"},{"taxonomy":"post_tag","embeddable":true,"href":"https:\/\/zonenklaus.de\/wordpress\/index.php?rest_route=%2Fwp%2Fv2%2Ftags&post=31749"}],"curies":[{"name":"wp","href":"https:\/\/api.w.org\/{rel}","templated":true}]}}