{"id":31756,"date":"2018-09-12T23:21:21","date_gmt":"2018-09-12T22:21:21","guid":{"rendered":"http:\/\/zonenklaus.de\/wordpress\/?p=31756"},"modified":"2022-06-18T16:46:05","modified_gmt":"2022-06-18T15:46:05","slug":"bei-gaulands-rede-platzt-schulz-der-kragen","status":"publish","type":"post","link":"https:\/\/zonenklaus.de\/wordpress\/?p=31756","title":{"rendered":"Bei Gaulands Rede platzt Martin Chulz der Kragen"},"content":{"rendered":"<p><a href=\"https:\/\/www.welt.de\/politik\/deutschland\/article181503486\/Bundestag-Bei-Alexander-Gaulands-Rede-platzt-Martin-Schulz-der-Kragen.html\">Bei Gaulands Rede platzt Schulz der Kragen<\/a> &#8211; f\u00fcr was auch immer, bei dem vermeintlichen Choleriker bestimmt nicht viel dazugeh\u00f6rt&#8230;<br \/>\nOb die SPD da gut beraten war, bei jenem Thema den kleinen roten Schreihals mal wieder aus der Versenkung zu holen und ihn im halbleeren Haus herum krakeelen zu lassen, wee\u00df nich.<br \/>\nWas sollte dies eigentlich? Auch die Inanspruchnahme seiner Claqueure im Rund, \u00e4nderten absolut nichts an der Tatsache, dass dem Mr.100% letztlich nur wieder eine Steilvorlage in Richtung AfD gelang. Es war mehr als traurig, aber der Punkt ging eindeutig an den rechtslastigen Verein&#8230;<br \/>\nWie hei\u00dft es so sch\u00f6n, <i>wessen Geist nicht blitzt, dessen Stimme donnert!<\/i><br \/>\nEs ist halt ganz schlecht um die <i>Hellroten<\/i> bestellt, wenn sie niemanden in ihren Reihen haben, der in dem besonderen Fall, mit s\u00fcffisanter Scharfz\u00fcngigkeit und geschliffener Rhetorik der anderen Seite geb\u00fchrend Paroli geboten h\u00e4tte.<br \/>\nWobei der rollende Schwabe mit seinem moralischen Einwand, zum Prozedere des <i>demokraturischen<\/i> Rede und Gegenredespielchens, die ganze Sache auch noch abrundete, als er dem Genossen einen entsprechenden Wink mit dem Zaunpfahl angedeihen lie\u00df&#8230;<\/p>\n","protected":false},"excerpt":{"rendered":"<p>Bei Gaulands Rede platzt Schulz der Kragen &#8211; f\u00fcr was auch immer, bei dem vermeintlichen Choleriker bestimmt nicht viel dazugeh\u00f6rt&#8230; Ob die SPD da gut beraten war, bei jenem Thema den kleinen roten Schreihals mal wieder aus der Versenkung zu holen und ihn im halbleeren Haus herum krakeelen zu lassen, wee\u00df nich. Was sollte dies [&hellip;]<\/p>\n","protected":false},"author":6,"featured_media":0,"comment_status":"open","ping_status":"open","sticky":false,"template":"","format":"standard","meta":{"footnotes":""},"categories":[1],"tags":[],"class_list":["post-31756","post","type-post","status-publish","format-standard","hentry","category-allgemeines"],"_links":{"self":[{"href":"https:\/\/zonenklaus.de\/wordpress\/index.php?rest_route=\/wp\/v2\/posts\/31756","targetHints":{"allow":["GET"]}}],"collection":[{"href":"https:\/\/zonenklaus.de\/wordpress\/index.php?rest_route=\/wp\/v2\/posts"}],"about":[{"href":"https:\/\/zonenklaus.de\/wordpress\/index.php?rest_route=\/wp\/v2\/types\/post"}],"author":[{"embeddable":true,"href":"https:\/\/zonenklaus.de\/wordpress\/index.php?rest_route=\/wp\/v2\/users\/6"}],"replies":[{"embeddable":true,"href":"https:\/\/zonenklaus.de\/wordpress\/index.php?rest_route=%2Fwp%2Fv2%2Fcomments&post=31756"}],"version-history":[{"count":3,"href":"https:\/\/zonenklaus.de\/wordpress\/index.php?rest_route=\/wp\/v2\/posts\/31756\/revisions"}],"predecessor-version":[{"id":38531,"href":"https:\/\/zonenklaus.de\/wordpress\/index.php?rest_route=\/wp\/v2\/posts\/31756\/revisions\/38531"}],"wp:attachment":[{"href":"https:\/\/zonenklaus.de\/wordpress\/index.php?rest_route=%2Fwp%2Fv2%2Fmedia&parent=31756"}],"wp:term":[{"taxonomy":"category","embeddable":true,"href":"https:\/\/zonenklaus.de\/wordpress\/index.php?rest_route=%2Fwp%2Fv2%2Fcategories&post=31756"},{"taxonomy":"post_tag","embeddable":true,"href":"https:\/\/zonenklaus.de\/wordpress\/index.php?rest_route=%2Fwp%2Fv2%2Ftags&post=31756"}],"curies":[{"name":"wp","href":"https:\/\/api.w.org\/{rel}","templated":true}]}}