{"id":31761,"date":"2018-09-13T22:11:37","date_gmt":"2018-09-13T21:11:37","guid":{"rendered":"http:\/\/zonenklaus.de\/wordpress\/?p=31761"},"modified":"2025-12-04T00:47:44","modified_gmt":"2025-12-03T23:47:44","slug":"zwar-langsam-aber-stetig-naehert-sich-die-unendliche-geschichte-ihrem-furios-konzeptionslosen-fiasko","status":"publish","type":"post","link":"https:\/\/zonenklaus.de\/wordpress\/?p=31761","title":{"rendered":"Zwar langsam aber stetig n\u00e4hert sich die unendliche Geschichte ihrem furios konzeptionslosen Fiasko"},"content":{"rendered":"<p><span style=\"font-family: Times New Roman, serif;\"><span style=\"font-size: large;\">Welchen Namen kann man jener unwirschen Kasperle-Puppenb\u00fchne eigentlich verpassen? Auch mit sehr viel Phantasie ist momentan keine GroKo erkennbar. Eigentlich war es ja von Anbeginn nur eine zwangsweise Politeheschlie\u00dfung, der au\u00dferirdischen Art, die letztlich daraus entstandene demokraturische Chim\u00e4re, erhielt zur Beruhigung der Untertanen, dann lediglich diese Bezeichnung. M\u00f6glicherweise handelt es sich lediglich um eine Frage der Definition, was unsereins darunter eigentlich verstehen soll. Dass muss doch aber irgendwann mal kundgetan werden! Schlie\u00dflich kann man ja an allem Zweifeln, aber irgendetwas muss doch Bestand haben, wenigstens ein Qu\u00e4ntchen! Damit man f\u00fcr sich pers\u00f6nlich wenigstens eine Ahnung basteln kann, wo der Hase eigentlich gerade mal wieder hin hoppeln soll. Nun sind die politischen Aussagen der AfD absolut nicht mein Ding, ihnen kann man aber eine gewisse Geradlinigkeit, betreffs ihrer Ansichten und Handlungsweisen, nicht absprechen. Dies ist n\u00e4mlich das Kreuz <span style=\"font-size: small;\">(momentan noch ohne ersichtlichen Haken)<\/span> bei deren <i>recht\u00b4<\/i> nationalen <i>Bewegung.<\/i>..<\/span><\/span><br \/>\n<span style=\"font-family: Times New Roman, serif;\"><span style=\"font-size: large;\">Auf die noch vorhanden Mehrheitsbeschaffer und das dunkelrote Sortiment will ich nicht weiter eingehen, denn die sind keinen Deut besser als die abmagernde Hinterlassenschaft jener Volksparteienlandschaft, aus nostalgischen Zeiten der Restauration von Bundesgermanien&#8230;<\/span><\/span><br \/>\n<span style=\"font-family: Times New Roman, serif;\"><span style=\"font-size: large;\"><a href=\"https:\/\/www.n-tv.de\/politik\/Seehofer-stellt-sich-hinter-Maassen-article20620933.html\">Aha, Seehofer stellt sich hinter Maa\u00dfen!<\/a> <\/span><\/span><br \/>\n<span style=\"font-family: Times New Roman, serif;\"><span style=\"font-size: large;\">Schon irgendwann registriert, wenn es hei\u00dft, irgendwer stellt sich nicht sch\u00fctzend vor jemand, sondern dahinter, was anschlie\u00dfend passiert? Bei solch sch\u00fctzenswertem Delinquent ist von vornherein klar, er wird gegangen! Die Episode ist auch mit einem anderen Vorteil behaftet. Seehofer, ein Kerl wie ein B\u00e4r! Mutierte nach seiner Ansage allerdings sofort zu einem <i>Himbeer, <\/i>hinter Maa\u00dfen positioniert, kann er sich n\u00e4mlich sofort abducken, wenn etwas schief l\u00e4uft. <\/span><\/span><!--more--><span style=\"font-family: Times New Roman, serif;\"><span style=\"font-size: large;\">Komme retour zur nicht enden wollenden Sommersschmierenkom\u00f6die, auf der B\u00fchne des Volkspalaverhauses &#8211; wer verk\u00f6rpert da eigentlich welche entsprechende Rolle, in dem vermeintlichen Kaspertheater? Mit Seppel, dem Krokodil, der Gro\u00dfmutter und dem allgegenw\u00e4rtigen Ungeist aus der Flasche, l\u00e4sst sich das uns\u00e4gliche Quartett jener kopflosen Politmimen und ihrer emsigen Claqueure, wirklich nicht beschreiben.<\/span><\/span><br \/>\n<span style=\"font-family: Times New Roman, serif;\"><span style=\"font-size: large;\">Hier lasse ich noch etwas ab, muss aber dazu erg\u00e4nzend einschieben, jeder ist f\u00fcr seine pers\u00f6nlichen Feindbilder selbst verantwortlich, denn was jetzt noch kommt, ist meine private Meinung und dient nicht zu Propagandazwecken!<\/span><\/span><br \/>\n<span style=\"font-family: Times New Roman, serif;\"><span style=\"font-size: large;\">Finde es n\u00e4mlich seit langer Zeit bereits zum Piepen, wenn ich mir so die Massen an Komikern<sup><b>*INNEN usw.<\/b><\/sup> anschaue, mit denen ich zwar im gleichen Boot hocke, wobei mir dort aber die <i>demokraturische<\/i> Aufgabe eines Ruderknechtes zugedacht ist, dabei immer wieder feststellen muss, in s\u00e4mtlichen Lebenslagen diesen Witzbolden<sup><b>*INNEN usw.<\/b><\/sup> hilflos ausgeliefert zu sein. Schlie\u00dflich tagt\u00e4glich auf\u00b4s neue verinnerliche, dass man \u00fcberhaupt keinen Einfluss mehr darauf haben kann, wohin man infolgedessen eigentlich abdriftet. <\/span><\/span><br \/>\n<span style=\"font-family: Times New Roman, serif;\"><span style=\"font-size: large;\">Da hocken Leute an den Schalthebeln der Macht in Wirtschaft und Politik, im speziellen Fall, Schlapphut <\/span><\/span><span style=\"font-family: Times New Roman, serif;\"><span style=\"font-size: xx-small;\">Dr.<\/span><\/span><b> <\/b><span style=\"font-family: Times New Roman, serif;\"><span style=\"font-size: large;\">Maa\u00dfen. Seines Zeichens: <\/span><\/span><span style=\"font-size: large;\">Pr\u00e4sident des Bundesamtes f\u00fcr Verfassungsschutz, einer <\/span><span style=\"font-size: large;\"><i>ganz wichtigen<\/i><\/span><span style=\"font-size: large;\"> Institution, die UNSERE <\/span><span style=\"font-size: large;\"><i>pseudo-hedonistische<\/i><\/span><span style=\"font-size: large;\"> Freiheit garantieren sollte, als eherner Schutzschirm gegen B\u00f6sewichte von innen und au\u00dfen. Wenn ich mir vorstelle, welche Mentalit\u00e4t ihm innewohnt als Galionsfigur, und vielleicht kurz dem Gedanken anh\u00e4nge: wie der Herre, so\u00b4s Gescherre! Bin deshalb ich richtig froh, weil man schlussendlich bei solchen <\/span><span style=\"font-size: large;\"><i>Besch\u00fctzern,<\/i><\/span><span style=\"font-size: large;\"> wirklich keine Feinde aus allen m\u00f6glichen Richtungen noch zus\u00e4tzlich f\u00fcrchten muss! <\/span><br \/>\n<span style=\"font-size: large;\">Gl\u00fcck hat das uns\u00e4glich plappernde <\/span><span style=\"font-size: large;\"><i>Schefffchen<\/i><\/span><span style=\"font-size: large;\"> auch, \u00fcbers Wochenende erhielt er entsprechende Zeit, sich an seinen hochdotierten Abgang als unverstandenes Bauernopfer zu gew\u00f6hnen, wobei alle Beteiligten ihr zerknittertes Gesicht wahren k\u00f6nnen. Sein oberster Chef, besch\u00e4digte lediglich im kleinen Rahmen die anstehende CSU-Wahlmalaise, Nahles kann hoch jauchzend triumphieren, wie toll sie einmal mehr war und Frau Kanzler brauchte nichts auszusitzen&#8230;\u00a0<\/span><\/p>\n","protected":false},"excerpt":{"rendered":"<p>Welchen Namen kann man jener unwirschen Kasperle-Puppenb\u00fchne eigentlich verpassen? Auch mit sehr viel Phantasie ist momentan keine GroKo erkennbar. Eigentlich war es ja von Anbeginn nur eine zwangsweise Politeheschlie\u00dfung, der au\u00dferirdischen Art, die letztlich daraus entstandene demokraturische Chim\u00e4re, erhielt zur Beruhigung der Untertanen, dann lediglich diese Bezeichnung. M\u00f6glicherweise handelt es sich lediglich um eine Frage [&hellip;]<\/p>\n","protected":false},"author":6,"featured_media":0,"comment_status":"open","ping_status":"open","sticky":false,"template":"","format":"standard","meta":{"footnotes":""},"categories":[1],"tags":[],"class_list":["post-31761","post","type-post","status-publish","format-standard","hentry","category-allgemeines"],"_links":{"self":[{"href":"https:\/\/zonenklaus.de\/wordpress\/index.php?rest_route=\/wp\/v2\/posts\/31761","targetHints":{"allow":["GET"]}}],"collection":[{"href":"https:\/\/zonenklaus.de\/wordpress\/index.php?rest_route=\/wp\/v2\/posts"}],"about":[{"href":"https:\/\/zonenklaus.de\/wordpress\/index.php?rest_route=\/wp\/v2\/types\/post"}],"author":[{"embeddable":true,"href":"https:\/\/zonenklaus.de\/wordpress\/index.php?rest_route=\/wp\/v2\/users\/6"}],"replies":[{"embeddable":true,"href":"https:\/\/zonenklaus.de\/wordpress\/index.php?rest_route=%2Fwp%2Fv2%2Fcomments&post=31761"}],"version-history":[{"count":3,"href":"https:\/\/zonenklaus.de\/wordpress\/index.php?rest_route=\/wp\/v2\/posts\/31761\/revisions"}],"predecessor-version":[{"id":44592,"href":"https:\/\/zonenklaus.de\/wordpress\/index.php?rest_route=\/wp\/v2\/posts\/31761\/revisions\/44592"}],"wp:attachment":[{"href":"https:\/\/zonenklaus.de\/wordpress\/index.php?rest_route=%2Fwp%2Fv2%2Fmedia&parent=31761"}],"wp:term":[{"taxonomy":"category","embeddable":true,"href":"https:\/\/zonenklaus.de\/wordpress\/index.php?rest_route=%2Fwp%2Fv2%2Fcategories&post=31761"},{"taxonomy":"post_tag","embeddable":true,"href":"https:\/\/zonenklaus.de\/wordpress\/index.php?rest_route=%2Fwp%2Fv2%2Ftags&post=31761"}],"curies":[{"name":"wp","href":"https:\/\/api.w.org\/{rel}","templated":true}]}}