{"id":31770,"date":"2018-09-14T22:05:56","date_gmt":"2018-09-14T21:05:56","guid":{"rendered":"http:\/\/zonenklaus.de\/wordpress\/?p=31770"},"modified":"2018-09-19T12:28:07","modified_gmt":"2018-09-19T11:28:07","slug":"ich-soll-scheinbar-zusaetzlich-abgezockt-werden-der-ard-zdf-deutschlandradio-beitragsservice-geht-mir-momentan-auf-den-sack","status":"publish","type":"post","link":"https:\/\/zonenklaus.de\/wordpress\/?p=31770","title":{"rendered":"Ich soll scheinbar zus\u00e4tzlich abGEZockt werden, der ARD-ZDF-Deutschlandradio-BEITRAGSSERVICE geht mir momentan auf den Sack!"},"content":{"rendered":"<p><span style=\"font-size: medium;\">Mit dem Begriff <i>A-Z-D-Beitragsservice<\/i> verh\u00e4lt es sich scheinbar um eine \u00e4hnliche Wort-Kaschierung, wie sie z. B. bei einer stinkenden M\u00fclldeponie angewandt wird, die im Neusprech, als <i>Entsorgungspark<\/i> bezeichnet wird. <\/span><br \/>\n<span style=\"font-size: medium;\">Soll ich nebenher \u00fcber die heute eingegangenen Wische etwa lachen? <\/span><br \/>\n<span style=\"font-size: medium;\">Muss mal damit beginnen, und verweise deshalb auf meinen t\u00e4glich <i>Fernsehgenuss<\/i> von wenige Minuten, beider oben erw\u00e4hnten Sender. Warum soll ich mich eigentlich von diesen beiden \u00f6ffentlich\/rechtlichen Volksverdummungsprogrammen berieseln lassen? Schon genug, wenn man gezwungen wird und f\u00fcr jene visuelle G\u00fclle auch noch blechen muss. Dabei ist f\u00fcr mich absolut nicht nachvollziehbar, wenn immer wieder mit exorbitant hohen Zuschauerquoten kokettiert wird und daraus hervorgeht, dass der <i>m\u00fcndige Fernsehkonsument <\/i>deshalb stundenlang solchen Schei\u00df verlangt. Wobei mir dann siedend hei\u00df bewusst wird, welch dusseliges Volk mich in allen Lebenslagen umgibt. Darunter auch massenhafte nette <span style=\"font-size: small;\">(N. ist der kleine Bruder von Schei\u00dfe)<\/span> Leute, ewig politisch korrekt und feige&#8230; <\/span><br \/>\nAuch zum Kotzen, was <i>P\u00fccho<\/i>&#8211; und <i>Soziolchen<\/i> an den Programmprofilen herumwursteln, einschlie\u00dflich der Vorgaben f\u00fcr die entsprechenden Larven der Moderatoren. Ganz zu schweigen, von deren Spr\u00fcchen w\u00e4hrend der An- und Abmoderationen &#8211; <i>sch\u00f6n, dass sie wieder eingeschalten haben; ich freue mich schon darauf, sie morgen wieder begr\u00fc\u00dfen zu k\u00f6nnen <\/i>und andere, mich eigentlich zum W\u00fcrgen animierenden Floskeln, die mittlerweile \u00fcberall auftauchen, sogar in kulturellen oder noch einigerma\u00dfen ernstzunehmenden Politsendungen, solche idiotischen <i>Nettigkeiten<\/i> verleiden mir immer mehr die Zeit vor dem Monitor&#8230;<!--more--><br \/>\nSo tragen jegliche Quotenhypes und krankhafte politisch\/korrekte Verbalhurerei, letztlich auch ihren Teil zur Entwicklung von Flachfunk bei.<br \/>\nH\u00e4nge als <a href=\"http:\/\/zonenklaus.de\/wordpress\/?attachment_id=31771\" rel=\"attachment wp-att-31771\">PDF-Datei mal die Wische der Wegelagerer<\/a> aus K\u00f6ln an und dazu meinen letzten Rentenbescheid. Muss dazu noch ablassen, der ist mit \u00e4u\u00dferster Sorgfalt erstellt worden, da ist kein Komma falsch gesetzt. Allerdings fehlt f\u00fcr mein monatliches Auskommen noch meine Stasiknastpr\u00e4mie, die sie als beh\u00f6rdliches Feigenblatt, bekanntlich als <i>Opferrente<\/i> bezeichnen.<br \/>\nWas das Briefchen aus K\u00f6ln betrifft, k\u00f6nnte ein unbedarfter Zeitgenosse<sup><b>*IN usw. <\/b><\/sup>m\u00f6glicherweise auf die Idee kommen, dass vielleicht ein gefl\u00fcchteter zweisprachiger Analphabet, auf der eingeleiteten Integrationsschiene, meinen Vorgang bearbeitet. Dem wird nicht so sein, weil mir nat\u00fcrlich klar ist, wie es zu diesem Schreiben vom <span style=\"font-size: medium;\"><i>BEITRAGSSERVICE<\/i><\/span> kam.<br \/>\nAlles hat etwas mit der <i>Entmenschlichung<\/i><span style=\"font-size: small;\"> (Schon klar, selbiger Begriff wird mir nat\u00fcrlich als<\/span><span style=\"font-size: small;\"><i> rechtslastig<\/i><\/span><span style=\"font-size: small;\"> angekreidet.)<\/span> auf den \u00c4mtern zu tun! Hinzu kommt aber, ewig wird zwar mit dem Datenschutz ejakuliert, der von staatlicher Weite aber an einer vollkommen l\u00f6chrigen und sehr stinkenden K\u00e4se erinnert.<br \/>\nSo ist auch die entsprechende Anweisung eines Beamtenarsches aus der oberen Etage zu verstehen, der irgendwelche dahergelaufenen Bit-Knechte aus der IT-Branche damit beauftrage, ein entsprechendes Programm zu basteln, womit man noch zus\u00e4tzlich irgendetwas aus den Untertanen herausquetschen kann.<br \/>\nIst bekanntlich ein Schei\u00dfleben f\u00fcr Informatiker, die permanent unter Stress stehen, um nicht irgendwann gecancelt zu werden und deshalb ewig ihre <i>Bedeutsamkeiten<\/i> im Lohngesindel-Team unter Beweis stellen m\u00fcssen. Habe ein Haufen dieser Leute kennengelernt, merkw\u00fcrdige Fachidioten darunter &#8211; oftmals chronisch unterv\u00f6gelte Kokser dabei, die meinten ewig auf der \u00dcberholspur ihr Leben fristen zu m\u00fcssen. W\u00e4hrenddessen sie folglich die vielen Kleinigkeiten des Lebens niemals registrierten. Solche Grottenolme, k\u00f6nnen deshalb auch nicht auf die Idee kommen, w\u00e4hrend der Entwicklung von entsprechenden Schweineprogrammen an eine brauchbare Verkn\u00fcpfung zu denken, dass selbige Spitzel-Softwareanwendungen auch jene Individuen ber\u00fccksichtigt, die eine staatlich sanktionierte Zweierbeziehung eingingen, wo aber jeder seinen Namen behielt.<br \/>\nNun hat man u.a. auch mich auserkoren, deshalb f\u00fcr deren enorme Geldgier und Dussligkeit noch sinnlos bel\u00e4stigt &#8211; einen Schei\u00df werde ich tun und die Zettelage nat\u00fcrlich nicht ausf\u00fcllen.<br \/>\nFalls es doch soweit kommen sollte, dann erfolgt alles nat\u00fcrlich in<br \/>\n<a href=\"http:\/\/zonenklaus.de\/wordpress\/?p=5149\">S\u00fctterlinschrift&#8230;<\/a><\/p>\n","protected":false},"excerpt":{"rendered":"<p>Mit dem Begriff A-Z-D-Beitragsservice verh\u00e4lt es sich scheinbar um eine \u00e4hnliche Wort-Kaschierung, wie sie z. B. bei einer stinkenden M\u00fclldeponie angewandt wird, die im Neusprech, als Entsorgungspark bezeichnet wird. Soll ich nebenher \u00fcber die heute eingegangenen Wische etwa lachen? Muss mal damit beginnen, und verweise deshalb auf meinen t\u00e4glich Fernsehgenuss von wenige Minuten, beider oben [&hellip;]<\/p>\n","protected":false},"author":6,"featured_media":0,"comment_status":"open","ping_status":"open","sticky":false,"template":"","format":"standard","meta":{"footnotes":""},"categories":[55],"tags":[],"class_list":["post-31770","post","type-post","status-publish","format-standard","hentry","category-alltaeglicher-wahnwitz"],"_links":{"self":[{"href":"https:\/\/zonenklaus.de\/wordpress\/index.php?rest_route=\/wp\/v2\/posts\/31770","targetHints":{"allow":["GET"]}}],"collection":[{"href":"https:\/\/zonenklaus.de\/wordpress\/index.php?rest_route=\/wp\/v2\/posts"}],"about":[{"href":"https:\/\/zonenklaus.de\/wordpress\/index.php?rest_route=\/wp\/v2\/types\/post"}],"author":[{"embeddable":true,"href":"https:\/\/zonenklaus.de\/wordpress\/index.php?rest_route=\/wp\/v2\/users\/6"}],"replies":[{"embeddable":true,"href":"https:\/\/zonenklaus.de\/wordpress\/index.php?rest_route=%2Fwp%2Fv2%2Fcomments&post=31770"}],"version-history":[{"count":4,"href":"https:\/\/zonenklaus.de\/wordpress\/index.php?rest_route=\/wp\/v2\/posts\/31770\/revisions"}],"predecessor-version":[{"id":31782,"href":"https:\/\/zonenklaus.de\/wordpress\/index.php?rest_route=\/wp\/v2\/posts\/31770\/revisions\/31782"}],"wp:attachment":[{"href":"https:\/\/zonenklaus.de\/wordpress\/index.php?rest_route=%2Fwp%2Fv2%2Fmedia&parent=31770"}],"wp:term":[{"taxonomy":"category","embeddable":true,"href":"https:\/\/zonenklaus.de\/wordpress\/index.php?rest_route=%2Fwp%2Fv2%2Fcategories&post=31770"},{"taxonomy":"post_tag","embeddable":true,"href":"https:\/\/zonenklaus.de\/wordpress\/index.php?rest_route=%2Fwp%2Fv2%2Ftags&post=31770"}],"curies":[{"name":"wp","href":"https:\/\/api.w.org\/{rel}","templated":true}]}}