{"id":31849,"date":"2018-09-22T23:54:07","date_gmt":"2018-09-22T22:54:07","guid":{"rendered":"http:\/\/zonenklaus.de\/wordpress\/?p=31849"},"modified":"2018-09-23T15:21:52","modified_gmt":"2018-09-23T14:21:52","slug":"be-light-im-natur-park-schoeneberger-suedgelaende","status":"publish","type":"post","link":"https:\/\/zonenklaus.de\/wordpress\/?p=31849","title":{"rendered":"be LIGHT, im Natur-Park Sch\u00f6neberger S\u00fcdgel\u00e4nde"},"content":{"rendered":"<p>Hatte nur nebenbei registriert, dass die Schefffin mit einer Freundin <a href=\"https:\/\/www.berlin.de\/ba-tempelhof-schoeneberg\/aktuelles\/pressemitteilungen\/2018\/pressemitteilung.736950.php\">dort aufschlagen wollte<\/a>, allerdings mit dem Radeln. Schloss mich den beiden an, da die Umweltkarte frei war und fuhr deshalb den gr\u00f6\u00dften Teil mit der S-Bahn.<br \/>\nAlles recht unterhaltsam, was dort geboten wurde. Gl\u00fccklicherweise hielten die Wetterkapriolen des Tages, so manchen von dem abendlichen Trip ab.<br \/>\nGott sei Dank!<br \/>\nEs gab <a href=\"https:\/\/www.youtube.com\/watch?v=-O2JnB58bRM\">Licht<\/a>, <a href=\"https:\/\/www.youtube.com\/watch?v=M-i6xMqmGug\">Klang,<\/a> <a href=\"https:\/\/www.youtube.com\/watch?v=TqHcO-BaXJI\">Zauber<\/a> und <a href=\"https:\/\/www.youtube.com\/watch?v=q3-YFuGpIbk\">trockenes Wetter<\/a> f\u00fcr die Unternehmung.<br \/>\nNach etwas mehr als zwei Stunden drehte ich bei, schl\u00fcrfte im Wirtshaus noch ein Bier, trollte mich danach aber gleich, da kein Vern\u00fcnftiger Co-Alki anwesend war&#8230;<br \/>\nHockte mich vor die Glotze und einem Zufall war es zu verdanken, dass ich bei <i>Alpha<\/i> genau zur Ank\u00fcndigung der Sendung landete, hatte n\u00e4mlich die falsche Taste bet\u00e4tigt.<br \/>\nEigentlich gingen mir die Beatles immer sonst wo vorbei, hinsichtlich ihrer Songs war es \u00e4hnlich, besonders bei der <i>&#8220;Sgt. Pepper&#8217;s Lonely Hearts Club <\/i>Band&#8221;!<br \/>\nNach wenigen Sekunden tauchte dann <a href=\"https:\/\/de.wikipedia.org\/wiki\/Howard_Goodall\"><i>Howard Goodall <\/i><\/a>auf, wegen ihm lief eigentlich alles weiter, und fand abschlie\u00dfend<a href=\"https:\/\/www.ardmediathek.de\/tv\/DoX-Der-Dokumentarfilm-im-BR\/The-Beatles-Sgt-Pepper-s-Musical-Revol\/ARD-alpha\/Video?bcastId=24831852&amp;documentId=56278894\"> jene Doku richtig geil<\/a> &#8211; sie h\u00e4ngt noch eine Woche in der Mediathek herum!<br \/>\nHier gleich noch der Hinweis zum <a href=\"https:\/\/www.beatlesmuseum.net\/museum\/\">Beatles-Museum in Halle )Saale(,<\/a> es liegt ziemlich zentral und manchmal gibt es sogar legale Parkpl\u00e4tze in unmittelbarer N\u00e4he!<br \/>\nMit seinen zeitgen\u00f6ssischen Background, sehr empfehlenswert, auch f\u00fcr Anti-Beatles!<br \/>\nIn einem R\u00e4umchen wird an die Mittsechziger Jahre in Lichtenberg erinnert, als <i>Der Eulenspiegel<\/i> sich der dortigen <a href=\"http:\/\/www.spiegel.de\/spiegel\/print\/d-46274676.html\"><i>Gammler<\/i><\/a> annahm. Mit einer <i>Umwegkarte<\/i>, sie kostete drei Mark f\u00fcr <i><a href=\"https:\/\/www.duden.de\/suchen\/dudenonline\/Stift%20%5BLehrling%5D\">Stifte<\/a>,<\/i> landete ich auf Heimreisen von Warnem\u00fcnde ins Mansfelder Land, fast regelm\u00e4\u00dfig auch dort&#8230;<br \/>\nDas waren Zeiten!<br \/>\nMuss aber zu dem einf\u00fchrenden Text noch etwas ablassen.<br \/>\n<i>&#8230;Das Museum wurde 1989 in K\u00f6ln gegr\u00fcndet. Aus Platzgr\u00fcnden wurde nach mehreren Jahren deutschlandweit ein neuer Standort gesucht. Nachdem mehrere St\u00e4dte auf der Suche nach einem neuen Haus kontaktiert wurden, fiel die Wahl auf Halle (Saale). Im April 2000 wurde das Beatles-Museum hier wiederer\u00f6ffnet.<\/i><br \/>\nDer erste Satz entspricht fast den Tatsachen, der Rest ist wiedermal geklittert, da alles etwas anders ablief!<br \/>\nWeshalb ich in jenen l\u00e4ngst vergangenen Tagen nicht zur Er\u00f6ffnungsfeier kam, dazu schweige ich lieber&#8230;<\/p>\n","protected":false},"excerpt":{"rendered":"<p>Hatte nur nebenbei registriert, dass die Schefffin mit einer Freundin dort aufschlagen wollte, allerdings mit dem Radeln. Schloss mich den beiden an, da die Umweltkarte frei war und fuhr deshalb den gr\u00f6\u00dften Teil mit der S-Bahn. Alles recht unterhaltsam, was dort geboten wurde. Gl\u00fccklicherweise hielten die Wetterkapriolen des Tages, so manchen von dem abendlichen Trip [&hellip;]<\/p>\n","protected":false},"author":6,"featured_media":0,"comment_status":"open","ping_status":"open","sticky":false,"template":"","format":"standard","meta":{"footnotes":""},"categories":[1],"tags":[],"class_list":["post-31849","post","type-post","status-publish","format-standard","hentry","category-allgemeines"],"_links":{"self":[{"href":"https:\/\/zonenklaus.de\/wordpress\/index.php?rest_route=\/wp\/v2\/posts\/31849","targetHints":{"allow":["GET"]}}],"collection":[{"href":"https:\/\/zonenklaus.de\/wordpress\/index.php?rest_route=\/wp\/v2\/posts"}],"about":[{"href":"https:\/\/zonenklaus.de\/wordpress\/index.php?rest_route=\/wp\/v2\/types\/post"}],"author":[{"embeddable":true,"href":"https:\/\/zonenklaus.de\/wordpress\/index.php?rest_route=\/wp\/v2\/users\/6"}],"replies":[{"embeddable":true,"href":"https:\/\/zonenklaus.de\/wordpress\/index.php?rest_route=%2Fwp%2Fv2%2Fcomments&post=31849"}],"version-history":[{"count":3,"href":"https:\/\/zonenklaus.de\/wordpress\/index.php?rest_route=\/wp\/v2\/posts\/31849\/revisions"}],"predecessor-version":[{"id":31852,"href":"https:\/\/zonenklaus.de\/wordpress\/index.php?rest_route=\/wp\/v2\/posts\/31849\/revisions\/31852"}],"wp:attachment":[{"href":"https:\/\/zonenklaus.de\/wordpress\/index.php?rest_route=%2Fwp%2Fv2%2Fmedia&parent=31849"}],"wp:term":[{"taxonomy":"category","embeddable":true,"href":"https:\/\/zonenklaus.de\/wordpress\/index.php?rest_route=%2Fwp%2Fv2%2Fcategories&post=31849"},{"taxonomy":"post_tag","embeddable":true,"href":"https:\/\/zonenklaus.de\/wordpress\/index.php?rest_route=%2Fwp%2Fv2%2Ftags&post=31849"}],"curies":[{"name":"wp","href":"https:\/\/api.w.org\/{rel}","templated":true}]}}