{"id":31862,"date":"2018-09-26T22:58:03","date_gmt":"2018-09-26T21:58:03","guid":{"rendered":"http:\/\/zonenklaus.de\/wordpress\/?p=31862"},"modified":"2018-09-30T18:04:26","modified_gmt":"2018-09-30T17:04:26","slug":"wat-issen-ueberhaupt-demokratie","status":"publish","type":"post","link":"https:\/\/zonenklaus.de\/wordpress\/?p=31862","title":{"rendered":"Wat issen \u00fcberhaupt Demokratie?"},"content":{"rendered":"<p>Schon mal dar\u00fcber nachgedacht, dass Kauder kein Ton abgelassen hat, als ein anderer auch seine Begehrlichkeiten anmeldete?<br \/>\n\u00dcberall und rund um die Uhr vergehen sich Politiker schon pathologisch mit politisch korrekter Verbalhurei an dem Begriff der hiesigen Regierungsform, und tun so, als ob sie das Rad neu erfinden m\u00fcssten.<br \/>\nPl\u00f6tzlich taucht aber eine Art Hinterb\u00e4nkler auf, keiner wei\u00df so richtig, weshalb er sich gegen die lange eingeschliffene Form des \u00fcblichen Abwinkens stellte, und tat dies sogar vollkommen <i>demokratisch &#8211;<\/i> schlie\u00dflich <em>belebt <\/em><i>Konkurrenz<\/i> auch das mittlerweile vollkommen miese Gesch\u00e4ft mit der Politik. Welches die ehemalige dunkelrote Ost-Zecke auch formvollendet beherrscht. Denn sie hatte schlie\u00dflich gen\u00fcgend Zeit, jene Feinheiten, unter ihrem ehemaligen Herrn und Gebieter <i>als sein M\u00e4dchen<\/i>, detailgetreu zu studieren&#8230;<br \/>\nWiedererwarten klappte es sogar &#8211; &#8220;<a href=\"https:\/\/www.comedix.de\/lexikon\/db\/quod_erat_demonstrandum.php\">w. z. b.w<\/a>.&#8221;!<br \/>\nAllerdings mit einer, sich rasant ausbreitenden, selbstzerst\u00f6rerischen Gesinnung!<br \/>\nNat\u00fcrlich ward Mutti hinterher sonnenklar, was f\u00fcr sie die Stunde geschlagen hatte.<br \/>\nIn irgendeinem Revolverblatt kam mir eine Ablichtung unter, nicht nur, dass dort jeder Madames B\u00fcrde nach dieser Pleite, erahnen konnte, hatte sie doch vorher fast inst\u00e4ndig gebettelt, unbedingt ihren Multifunktionshandlanger wieder zu w\u00e4hlen. <span style=\"font-size: xx-small;\"><b>(<\/b><\/span><span style=\"font-size: xx-small;\">Seine Wandlungsf\u00e4higkeit hat mich des \u00f6fteren total verbl\u00fcfft, mal trat er als Minenhund, dann wieder als Wadenbei\u00dfer, Blindenhund, Scho\u00dfh\u00fcndchen oder als ganz gew\u00f6hnlich nette Teppichratte auf&#8230;<\/span><span style=\"font-size: xx-small;\"><b>)<\/b><\/span><br \/>\nDenn ihr schienen gef\u00fchlte f\u00fcnfzig Jahre mehr auf dem Buckel zu lasten, was sich extrem in ihren sehr ausgepr\u00e4gten <a href=\"https:\/\/www.aesthetik-first-lounge.de\/lippenbehandlung-mit-hyaluron\/marionettenfalten-unterspritzen.html\">Marionettenfalten<\/a> widerspiegelten.<br \/>\nMich erinnerte diesmal aber alles mehr an die untere Fressleiste eines griesgr\u00e4mig dreinschauenden Nussknackers aus dem Erzgebirge&#8230;<br \/>\nJedenfalls geb\u00fchren Meister Kauder, mindesten zehn gro\u00dfe <i>Bienchen<\/i>, dass er die f\u00fcr ihn prek\u00e4re Situation, wie ein Mann durchstand!<br \/>\nWill in dem Zusammenhang Frau<i> Antje Sirleschtov<\/i> etwas auf die Spr\u00fcnge halfen, da sie viele merkw\u00fcrdigen Charakterz\u00fcge ihrer neuf\u00fcnfl\u00e4ndischen Landsm\u00e4nninnen und Landm\u00e4nner beliebig ausblendet.<br \/>\nLeider finde ich das Foto von der Leipziger Demo nicht mehr, wo Jungs <i>trunken vor <a href=\"https:\/\/www.tagesspiegel.de\/meinung\/einheitsgeschichte-im-kaufhaus-des-ostens\/1609090.html\">Einheitswillen<\/a><\/i>, ein riesiges Transparent trugen, mit dem Slogan: <i>Helmut nimm uns an die Hand, zeig uns den Weg ins Wirtschaftswunderland!<\/i><br \/>\n<span style=\"font-size: xx-small;\"><b>(<\/b>Hier die<a href=\"https:\/\/www.flickr.com\/photos\/zonenklaus\/albums\/72157651856316018\"> viermalige Gemeinschaftsproduktion Leipzig\/Berlin<\/a>, aus dem Jahr 1990. Nach der Heim-ins-Reich-Holung von Neuf\u00fcnfland, lief dann nichts mehr, die D-M\u00e4rker wurden anderweitig ben\u00f6tigt. Au\u00dferdem wollte der gelernte Ossi, nun keinen Spiegel mehr vorgehalten bekommen, weil er meinte, dass er ab sofort in bl\u00fchenden Landschaften lustwandeln durfte. Zumindest haben sp\u00e4ter, <a href=\"https:\/\/www.youtube.com\/watch?v=ZgVwMa4hmXg\">einige ehemalige Hallenser Landsleute von mir<\/a>, der Bundesbirne ihren speziellen Kommentar angedeihen lassen &#8211; Danke!<\/span><br \/>\n<span style=\"font-size: medium;\"><span style=\"font-size: xx-small;\"><b>Noch etwas zu Eierw\u00fcrfen!<\/b><\/span><span style=\"font-size: xx-small;\"> Bei Zimmertemperatur gelagerte Eier in kaltes Wasser legen, dabei aufpassen, wenn das Wasser zu kochen beginnt, sofort von der W\u00e4rmequelle nehmen und die Fl\u00fcssigkeit abgie\u00dfen. Alles 30 Sekunden <\/span><span style=\"font-size: xx-small;\"><i>nachhaltig<\/i><\/span><span style=\"font-size: xx-small;\"> abk\u00fchlen lassen, danach die Teile mit kaltem Wasser abschrecken. Nun ist der Dotter im leicht erstarrten Eiwei\u00df fixiert, dadurch wird anschlie\u00dfend ein zielgenauer Wurf garantiert, weil dieses H\u00fchnerprodukt nicht mehr herumtrudelt!<\/span><span style=\"font-size: xx-small;\"><b>) <\/b><\/span><\/span><br \/>\nEinige Jahr sp\u00e4ter geht den Ossis alles viel zu langsamund sie beginnen abgehalfterte Politiker und Manager herzzerrei\u00dfend zu beknien, <i>ihnen ebenso dringen zu helfen!<\/i><br \/>\nWerde mich immer noch zusammenrei\u00dfen und keine Namen nennen, von etlichen gescheiterten Existenzen, auch aus meinem Bekanntenkreis &#8211; haufenweise zweite und dritte Garnitur darunter &#8211; die im Westen nie ihre Gehwarzen richtig auf den Boden bekommen h\u00e4tten, denen rollte man kilometerweit rote Teppiche aus.<!--more--><br \/>\nAls gr\u00f6\u00dften Gag empfand ich es damals, als DIE Th\u00fcringer einen Hyper-Demokraten, katholischen Glaubens, in ihr Land zerrten, der mit demokratischen Gepflogenheiten absolut nichts am Hut hatte. Der aber anschlie\u00dfend himmelhochjauchzend, von allen Seiten unendlich gehypt wurde.<br \/>\nNebenbei, DIE Sachsen taten es doch mit Biedenkopf \u00e4hnlich, der war doch auch schon ausgebrannt und sein politischer Zenit lag bereit lange hinter ihm&#8230;<br \/>\nHier die Vorgeschichte zu Herrn B. Vogel:<br \/>\n&#8230;nach der <i>Landtagswahl 1987. Auf diesem Landesparteitag forderte Umweltminister Hans-Otto Wilhelm in einer f\u00fcr die CDU sehr ungew\u00f6hnlichen Form, die \u00c4mter des Ministerpr\u00e4sidenten und des CDU-Landesvorsitzenden zu trennen. Vogel k\u00fcndigte an, dass er nur beide \u00c4mter gleichzeitig behalten wolle. Als er Wilhelm bei der Wahl zum Landesvorsitzenden deutlich unterlag, stellte Vogel sein Amt als Ministerpr\u00e4sident mit den Worten \u201eGott sch\u00fctze Rheinland-Pfalz!\u201c zur Verf\u00fcgung und legte sein Landtagsmandat nieder. Sein Nachfolger als Ministerpr\u00e4sident wurde am 8. Dezember 1988 Carl-Ludwig Wagner. <\/i><br \/>\n<i>&#8230;Am 5. Februar 1992 wurde <a href=\"https:\/\/upload.wikimedia.org\/wikipedia\/commons\/b\/bf\/KAS-Vogel%2C_Bernhard-Bild-7118-2.jpg\">Vogel<\/a> zum Ministerpr\u00e4sidenten des Freistaates Th\u00fcringen <\/i>gew\u00e4hlt<i>. <\/i><br \/>\nWas machen momentan nun s\u00e4mtlichen Medien?<br \/>\nLeisten Sch\u00fctzenhilfe f\u00fcr den rechten Rand, obwohl <a href=\"http:\/\/www.spiegel.de\/politik\/deutschland\/volker-kauder-abwahl-union-in-aufloesung-kommentar-a-1230223.html\"><i>Brinkhaus <\/i><\/a>sich lediglich in <i>Demokratur<\/i> versuchte! Dabei aber total \u00fcbersehen, dass sie die umher taumelnden vermeintlichen <i>Eliten<\/i><sup><b>(*)<\/b><\/sup> lediglich vor sich hertreiben.<br \/>\nGestern standen sie noch vor einem tiefen Abgrund, aber heute haben sie schon einen gro\u00dfen Schritt nach vorn getan&#8230;<br \/>\n<sup><b>(*) <\/b><\/sup>Bei der Nennung von <i>Eliten<\/i> kommt es nicht nur mir so vor, dass seit geraumer Zeit die ehemalige Auslegung jener Begrifflichkeit total abhanden gekommen, im Austausch k\u00f6nnte man mittlerweile sehr oft Luschen oder Flachzangen darunter verstehen&#8230;<\/p>\n","protected":false},"excerpt":{"rendered":"<p>Schon mal dar\u00fcber nachgedacht, dass Kauder kein Ton abgelassen hat, als ein anderer auch seine Begehrlichkeiten anmeldete? \u00dcberall und rund um die Uhr vergehen sich Politiker schon pathologisch mit politisch korrekter Verbalhurei an dem Begriff der hiesigen Regierungsform, und tun so, als ob sie das Rad neu erfinden m\u00fcssten. Pl\u00f6tzlich taucht aber eine Art Hinterb\u00e4nkler [&hellip;]<\/p>\n","protected":false},"author":6,"featured_media":0,"comment_status":"open","ping_status":"open","sticky":false,"template":"","format":"standard","meta":{"footnotes":""},"categories":[55],"tags":[],"class_list":["post-31862","post","type-post","status-publish","format-standard","hentry","category-alltaeglicher-wahnwitz"],"_links":{"self":[{"href":"https:\/\/zonenklaus.de\/wordpress\/index.php?rest_route=\/wp\/v2\/posts\/31862","targetHints":{"allow":["GET"]}}],"collection":[{"href":"https:\/\/zonenklaus.de\/wordpress\/index.php?rest_route=\/wp\/v2\/posts"}],"about":[{"href":"https:\/\/zonenklaus.de\/wordpress\/index.php?rest_route=\/wp\/v2\/types\/post"}],"author":[{"embeddable":true,"href":"https:\/\/zonenklaus.de\/wordpress\/index.php?rest_route=\/wp\/v2\/users\/6"}],"replies":[{"embeddable":true,"href":"https:\/\/zonenklaus.de\/wordpress\/index.php?rest_route=%2Fwp%2Fv2%2Fcomments&post=31862"}],"version-history":[{"count":6,"href":"https:\/\/zonenklaus.de\/wordpress\/index.php?rest_route=\/wp\/v2\/posts\/31862\/revisions"}],"predecessor-version":[{"id":31884,"href":"https:\/\/zonenklaus.de\/wordpress\/index.php?rest_route=\/wp\/v2\/posts\/31862\/revisions\/31884"}],"wp:attachment":[{"href":"https:\/\/zonenklaus.de\/wordpress\/index.php?rest_route=%2Fwp%2Fv2%2Fmedia&parent=31862"}],"wp:term":[{"taxonomy":"category","embeddable":true,"href":"https:\/\/zonenklaus.de\/wordpress\/index.php?rest_route=%2Fwp%2Fv2%2Fcategories&post=31862"},{"taxonomy":"post_tag","embeddable":true,"href":"https:\/\/zonenklaus.de\/wordpress\/index.php?rest_route=%2Fwp%2Fv2%2Ftags&post=31862"}],"curies":[{"name":"wp","href":"https:\/\/api.w.org\/{rel}","templated":true}]}}