{"id":31932,"date":"2018-10-05T21:11:26","date_gmt":"2018-10-05T20:11:26","guid":{"rendered":"http:\/\/zonenklaus.de\/wordpress\/?p=31932"},"modified":"2018-10-06T00:19:13","modified_gmt":"2018-10-05T23:19:13","slug":"besonders-den-pressefreiheitlichen-medienknechten-gefiel-es-als-gerharden-unter-ferner-liefen-als-vermeintlich-selbstherrlicher-duodezfuerst-wieder-mal-hof-hielt","status":"publish","type":"post","link":"https:\/\/zonenklaus.de\/wordpress\/?p=31932","title":{"rendered":"Besonders den pressefreiheitlichen &#8220;Medienknechten&#8221; gefiel es, als Gerharden unter ferner liefen, als vermeintlich selbstherrlicher Duodezf\u00fcrst, wieder mal Hof hielt"},"content":{"rendered":"<p>Auch ich gratuliere Ihmchen und seiner momentanen Gattin!<br \/>\n<a href=\"http:\/\/www.faz.net\/aktuell\/politik\/inland\/steinmeier-und-gabriel-altkanzler-schroeder-feiert-hochzeitsparty-mit-politprominenz-15823708.html\">Eine sch\u00f6ne Ablichtung<\/a>, was ist aber mit seinem <a href=\"http:\/\/www.faz.net\/aktuell\/feuilleton\/kanzlerhaare-verfassungsgericht-bestaetigt-schroeder-im-haare-streit-1118045.html\">Haarschopf<\/a> passiert?<br \/>\nWurde bestimmt alles nur mit Photoshop bearbeitet, ansonsten gehe ich nicht davon aus, dass es sich um ein Fifi handelt.<br \/>\nSein Freund Blase hat solch verschmitzten Blick drauf, als ob selbiger mehr wei\u00df als wir alle.<br \/>\nMeine Interpretation l\u00e4uft in folgende Richtung: <i>Bei Nummer F\u00fcnf bleibt es bestimmt nicht, denn irgendwann wird er sowieso heimlich Startl\u00f6cher f\u00fcr den Spurt zur n\u00e4chsten Dame kratzen&#8230; <\/i><br \/>\nNun ist aber erst mal wieder sein Spezi, der Joschka, am Zug! Trotz der weiter steigenden Lebenserwartung im Lande, in wenigen jahren kommt sie bei Typen bereits an die<a href=\"https:\/\/de.statista.com\/statistik\/daten\/studie\/273406\/umfrage\/entwicklung-der-lebenserwartung-bei-geburt--in-deutschland-nach-geschlecht\/\"> 80er<\/a> heran, ist der ehemalige Chlorophyllmarxist mit einem leichten Vorteil behaftet, denn er ist vier Jahre j\u00fcnger!<br \/>\n<sup>#<\/sup>Deshalb m\u00fcssen sich jetzt beide ran halten&#8230;<sup>#<\/sup><\/p>\n","protected":false},"excerpt":{"rendered":"<p>Auch ich gratuliere Ihmchen und seiner momentanen Gattin! Eine sch\u00f6ne Ablichtung, was ist aber mit seinem Haarschopf passiert? Wurde bestimmt alles nur mit Photoshop bearbeitet, ansonsten gehe ich nicht davon aus, dass es sich um ein Fifi handelt. Sein Freund Blase hat solch verschmitzten Blick drauf, als ob selbiger mehr wei\u00df als wir alle. Meine [&hellip;]<\/p>\n","protected":false},"author":6,"featured_media":0,"comment_status":"open","ping_status":"open","sticky":false,"template":"","format":"standard","meta":{"footnotes":""},"categories":[1],"tags":[],"class_list":["post-31932","post","type-post","status-publish","format-standard","hentry","category-allgemeines"],"_links":{"self":[{"href":"https:\/\/zonenklaus.de\/wordpress\/index.php?rest_route=\/wp\/v2\/posts\/31932","targetHints":{"allow":["GET"]}}],"collection":[{"href":"https:\/\/zonenklaus.de\/wordpress\/index.php?rest_route=\/wp\/v2\/posts"}],"about":[{"href":"https:\/\/zonenklaus.de\/wordpress\/index.php?rest_route=\/wp\/v2\/types\/post"}],"author":[{"embeddable":true,"href":"https:\/\/zonenklaus.de\/wordpress\/index.php?rest_route=\/wp\/v2\/users\/6"}],"replies":[{"embeddable":true,"href":"https:\/\/zonenklaus.de\/wordpress\/index.php?rest_route=%2Fwp%2Fv2%2Fcomments&post=31932"}],"version-history":[{"count":3,"href":"https:\/\/zonenklaus.de\/wordpress\/index.php?rest_route=\/wp\/v2\/posts\/31932\/revisions"}],"predecessor-version":[{"id":31935,"href":"https:\/\/zonenklaus.de\/wordpress\/index.php?rest_route=\/wp\/v2\/posts\/31932\/revisions\/31935"}],"wp:attachment":[{"href":"https:\/\/zonenklaus.de\/wordpress\/index.php?rest_route=%2Fwp%2Fv2%2Fmedia&parent=31932"}],"wp:term":[{"taxonomy":"category","embeddable":true,"href":"https:\/\/zonenklaus.de\/wordpress\/index.php?rest_route=%2Fwp%2Fv2%2Fcategories&post=31932"},{"taxonomy":"post_tag","embeddable":true,"href":"https:\/\/zonenklaus.de\/wordpress\/index.php?rest_route=%2Fwp%2Fv2%2Ftags&post=31932"}],"curies":[{"name":"wp","href":"https:\/\/api.w.org\/{rel}","templated":true}]}}