{"id":32094,"date":"2018-11-01T21:55:06","date_gmt":"2018-11-01T20:55:06","guid":{"rendered":"http:\/\/zonenklaus.de\/wordpress\/?p=32094"},"modified":"2018-11-02T05:57:58","modified_gmt":"2018-11-02T04:57:58","slug":"merz-die-5-wichtigsten-saetze-aus-der-pk-des-moeglichen-merkel-nachfolgers","status":"publish","type":"post","link":"https:\/\/zonenklaus.de\/wordpress\/?p=32094","title":{"rendered":"Merz: Die 5 wichtigsten S\u00e4tze aus der PK des m\u00f6glichen Merkel-Nachfolgers"},"content":{"rendered":"<p>Gegen ihn m\u00fcsste es doch einen Aufstand der jungen CDU-Generation geben, da es sich bei ihm um einen \u00e4hnlichen Komikerverschnitt der <a href=\"https:\/\/www.t-online.de\/nachrichten\/deutschland\/id_84706210\/interview-mit-martin-schulz-mein-fehler-war-mich-von-den-seilschaften-vereinnahmen-zu-lassen-.html\">Preisklasse MS<\/a> handelt, nur von der schwarzen Seite. <a href=\"https:\/\/www.huffingtonpost.de\/entry\/merz-pk-merkel-nachfolger_de_5bd9ae05e4b019a7ab58fa9d?utm_hp_ref=de-homepage\">Huffpost<\/a> titelte etwas von <i>f\u00fcnf S\u00e4tzen<\/i>, stimmt schon irgendwie, wenn es aber alles ist, was er da zu bieten hat, grenzt sein herzzerrei\u00dfender Populismus der Wiederauferstehung lediglich an jene klebrigen Sprechblasen, die er meint bei der AfD erkennen zu k\u00f6nnen.<br \/>\n<i>&#8230;Er sprach die AfD nicht beim Namen an, aber nannte den Aufstieg von Populisten beunruhigend. <\/i><br \/>\nVersuche seinen Auftritt positiv zu sehen! Erkenne dabei lediglich einen einzigen Grund, beruhigend ist dabei nur die Tatsache, eine Frau <i>AKminusK<\/i> zu verhindern.<br \/>\nMerkel weg und am Horizont dr\u00e4ut mit AKmK, eine machthungrige <i>Halloween-Spukgestalt<\/i> christlich\/abendl\u00e4ndischer Politkultur und einem <i>weiter wie bisherigen Muttitouch,<\/i> ist doch wohl das Letzte was jene Partei und die schrundige Republik momentan dringend braucht.<br \/>\nDer Kreis schlie\u00dft sich und ich bin wieder beim illusteren Herrn Merz gelandet, der wei\u00df Gott auch nicht das Gelbe <i>von\u00b4s<\/i> Ei ist. Als l\u00e4ngerfristiges Provisorium bis zur \u00fcbern\u00e4chsten Bundestagswahl ist er schon tauglich, da kann er mit seiner <i>netten<\/i> <i>Waldorfschulenrhetorik<\/i> sogar einiges erreichen, vielleicht tanzt er bis dahin weitere nichtssagenden 5 S\u00e4tze auch noch<br \/>\nZumindest wird aber Fritzes Hut, den er gerade in\u00b4s Rund schmiss, ebenso schnell aus trudeln<\/p>\n","protected":false},"excerpt":{"rendered":"<p>Gegen ihn m\u00fcsste es doch einen Aufstand der jungen CDU-Generation geben, da es sich bei ihm um einen \u00e4hnlichen Komikerverschnitt der Preisklasse MS handelt, nur von der schwarzen Seite. Huffpost titelte etwas von f\u00fcnf S\u00e4tzen, stimmt schon irgendwie, wenn es aber alles ist, was er da zu bieten hat, grenzt sein herzzerrei\u00dfender Populismus der Wiederauferstehung [&hellip;]<\/p>\n","protected":false},"author":6,"featured_media":0,"comment_status":"open","ping_status":"open","sticky":false,"template":"","format":"standard","meta":{"footnotes":""},"categories":[1],"tags":[],"class_list":["post-32094","post","type-post","status-publish","format-standard","hentry","category-allgemeines"],"_links":{"self":[{"href":"https:\/\/zonenklaus.de\/wordpress\/index.php?rest_route=\/wp\/v2\/posts\/32094","targetHints":{"allow":["GET"]}}],"collection":[{"href":"https:\/\/zonenklaus.de\/wordpress\/index.php?rest_route=\/wp\/v2\/posts"}],"about":[{"href":"https:\/\/zonenklaus.de\/wordpress\/index.php?rest_route=\/wp\/v2\/types\/post"}],"author":[{"embeddable":true,"href":"https:\/\/zonenklaus.de\/wordpress\/index.php?rest_route=\/wp\/v2\/users\/6"}],"replies":[{"embeddable":true,"href":"https:\/\/zonenklaus.de\/wordpress\/index.php?rest_route=%2Fwp%2Fv2%2Fcomments&post=32094"}],"version-history":[{"count":1,"href":"https:\/\/zonenklaus.de\/wordpress\/index.php?rest_route=\/wp\/v2\/posts\/32094\/revisions"}],"predecessor-version":[{"id":32095,"href":"https:\/\/zonenklaus.de\/wordpress\/index.php?rest_route=\/wp\/v2\/posts\/32094\/revisions\/32095"}],"wp:attachment":[{"href":"https:\/\/zonenklaus.de\/wordpress\/index.php?rest_route=%2Fwp%2Fv2%2Fmedia&parent=32094"}],"wp:term":[{"taxonomy":"category","embeddable":true,"href":"https:\/\/zonenklaus.de\/wordpress\/index.php?rest_route=%2Fwp%2Fv2%2Fcategories&post=32094"},{"taxonomy":"post_tag","embeddable":true,"href":"https:\/\/zonenklaus.de\/wordpress\/index.php?rest_route=%2Fwp%2Fv2%2Ftags&post=32094"}],"curies":[{"name":"wp","href":"https:\/\/api.w.org\/{rel}","templated":true}]}}