{"id":32166,"date":"2018-11-21T21:59:38","date_gmt":"2018-11-21T20:59:38","guid":{"rendered":"http:\/\/zonenklaus.de\/wordpress\/?p=32166"},"modified":"2018-11-22T01:28:55","modified_gmt":"2018-11-22T00:28:55","slug":"um-nachhaltige-alltaeglichkeiten-heutzutage-lustig-zu-finden-muss-man-ganz-schoen-zynisch-drauf-sein","status":"publish","type":"post","link":"https:\/\/zonenklaus.de\/wordpress\/?p=32166","title":{"rendered":"Um \u201enachhaltige\u201c Allt\u00e4glichkeiten heutzutage lustig zu finden, muss man ganz sch\u00f6n zynisch drauf sein"},"content":{"rendered":"<p>H\u00e4tte <a href=\"http:\/\/www.3sat.de\/mediathek\/?mode=play&amp;obj=77287\">Kulturzeit<\/a> eigentlich sofort ausschalten sollen als Vivian Perkvic auftauchte, kann sie absolut nicht ab, erinnert sie mich doch ewig an eine <i>nette <\/i>Waldorfkinderg\u00e4rtnerin.<br \/>\nGing erst mal in die K\u00fcche und k\u00fcmmerte mich um mein Abendessen. Wieder retour, wurde gerade Studien<i>tritt<\/i>leiter Locke Deckker und sein neuestes Werk vorgestellt:<i> <\/i><a href=\"https:\/\/www.otto-brenner-stiftung.de\/wissenschaftsportal\/informationsseiten-zu-studien\/leipziger-autoritarismus-studie-2018\/\"><i><b>Flucht ins Autorit\u00e4re<\/b><\/i><\/a>, <i>Rechtsextreme Dynamiken in der Mitte der Gesellschaft <\/i><br \/>\n<i>&#8230;F\u00fcr die &#8220;Leipziger Studie&#8221; zu Fremdenfeindlichkeit wurden seit 2002 mehr als 20 000 Deutsche zu ihrer politischen Orientierung befragt.<\/i><br \/>\nWowww!<br \/>\n16 Jahre <i>Forschung <\/i>und au\u00dfer Spesen nicht viel gewesen, wobei <i>die Studie eine gro\u00dfe \u00dcberraschung bei der Ursachenforschung bot &#8211;\u00a0<\/i><span lang=\"en\"><a href=\"http:\/\/zonenklaus.de\/wordpress\/wp-content\/uploads\/2018\/11\/KULTURZEIT.mp3\">surprise, surprise<\/a> &#8211; dabei landete man zuf\u00e4llig bei der Erziehung. <\/span><br \/>\n<span lang=\"en\">Wie kam denn diese Erkentnis zustande? <\/span> <i> <\/i><br \/>\nInnerhalb einer Stunde h\u00e4tte meine alte Bekannte mit Migrationshintergrund, die Pachttoilettenfee vom Wolfsburger Hauptbahnhof, auf jene Erleuchtung verweisen k\u00f6nnen, einschlie\u00dflich des Hinweises zur \u201eErziehung\u201c!<br \/>\nDessen ungeachtet w\u00e4re sie auch zu anderen Schlussfolgerungen gelang, was Elternhausdressurakte bei Kindern anrichten k\u00f6nnen, im Zusammenspiel mit belehrenden Experimenten in den Schulen. Wobei den L<i>ee<\/i>rkr\u00e4ften<sup><b>*INNEN usw.<\/b><\/sup> immer die denkbar ungeeignetste Aufgabe zufiel, zus\u00e4tzlich auch noch die p\u00e4dagogischen Defizite ihrer deformierten Schulbuben<sup><b>*INNEN usw. <\/b><\/sup>aufzuarbeiten.<br \/>\nSehe schon, auch nach 16j\u00e4hriger <i>Forschungsarbeit<\/i>, sind Locke und seinem Team keine Lichter angegangen. Dass n\u00e4mlich erzieherische M\u00e4ngel auch die dritte bzw. vierte Nachkriegsgeneration optimal kultivieren konnte. Dies h\u00e4ngt mit dem zwar weichgesp\u00fclten, aber immer latent vorhandenen faschistoiden Charakter UNSERES Gesellschaftssystems zusammen.<!--more--><\/p>\n<p>Das Deckker-Vijo endete mit\u00a0<a href=\"http:\/\/zonenklaus.de\/wordpress\/wp-content\/uploads\/2018\/11\/Welche-Gesellschaf.mp3\">einer Frage<\/a>, die sich letztlich so \u00fcberhaupt nicht stellt und den Massen sowieso kalt am Arsch vorbeigeht. Demokratie hin, Demokratur her, auch f\u00fcr die Mitte gilt: Politik ist der Spielraum den das Kapital l\u00e4sst! Damit es auch so bleibt, daf\u00fcr sorgen weiterhin schon die Volks<em><del>z<\/del><\/em>vertreter aller Farbschattierungen.<br \/>\nWer hatte sich schon w\u00e4hrend der Aufbauphase in den End40ern und 50er Jahren, meine damit speziell beide deutschen Staaten, eigentlich tiefgr\u00fcndiger um seine G\u00f6ren gek\u00fcmmert? In der gesamten Phase trat bis heute nie eine Beruhigung ein. Alles lief einher mit den zyklischen Wirtschaftskrisen in den L\u00e4ndern und den kritische Situation, die der Kalte Krieg immer wieder heraufbeschwor. Hinzu kamen jene unausgegorene Wirren der 68er und deren pathologischen Nachwehen unter der \u00c4gide von vielen Softies und M\u00e4dels in violetten Latzhosen nebst fettigen Haaren&#8230;<br \/>\nDiese <i>nachhaltig<\/i> wuchernden chaotischen Zust\u00e4nde lassen sich auch mit den vielen <i>Nettigkeiten <\/i>der <i>politisch korrekten<\/i> Verbalhurerei nicht deckeln!<br \/>\nWas kam noch in <i>Kulturzeit<\/i>?<br \/>\nDemn\u00e4chst werde ich sicher auch auf jene Sendung verzichten.<br \/>\nDas Mutti Merkel h\u00fcpfte wie ein Derwisch vor den Mikros herum und verteidigte vehement den UN-Migrationspakt. War wieder alles nur Show, da lag vor ihr ein riesiger Foliant, was sie dabei ablie\u00df h\u00e4tte ebenso auf ein Zigarettenbl\u00e4ttchen gepasst.<strong> (<\/strong><em>W\u00e4hrend der ganz wichtig <\/em>geredeten<em> Rede ward aus gegebenen Anlass jeder Kameraschwenk verboten! <\/em>[\u0254ni swa ki mal i p\u0251\u0303s]<strong>) <\/strong>Vor fast 50 Jahren hatte Willy Brandt bereits \u00e4hnliche Worte gefunden. Kann diese ehemals rote Zecke aber nicht wissen, schlie\u00dflich durfte sie damals kein Westradio h\u00f6ren.<br \/>\nWas der UN-M eigentlich soll, verstehe wer will. Mich erinnert er lediglich daran, dass der Flachwixerverein vom East River wiedermal mit einem Feigenblattstrau\u00df herumfuchtelt und sie dringend Leute suchen, welche zu vielen Kindern, die bereits in den Brunnen gefallen sind, hinabsteigen m\u00fcssen und sie dort unten an den Tropf h\u00e4ngen sollen.<br \/>\nDann kam noch Komiker <a href=\"https:\/\/www.3sat.de\/mediathek\/?mode=play&amp;obj=77285\">Rainer Forst<\/a>, schlie\u00dflich ging es auch um <a href=\"https:\/\/sciencev2.orf.at\/stories\/1752081\/index.html\">Siechmund<\/a> <a href=\"https:\/\/www.profil.at\/gesellschaft\/kokainsucht-depressionen-sigmund-freuds-seele-6107273\">Freud,<\/a> der mal wieder dran glauben musste und sich nat\u00fcrlich gegen weitere Klitterungen nicht wehren konnte.<br \/>\nIn <a href=\"https:\/\/www.3sat.de\/mediathek\/?mode=play&amp;obj=77282\">&#8220;Cold War&#8221;<\/a> werde ich demn\u00e4chst reingehen!<\/p>\n","protected":false},"excerpt":{"rendered":"<p>H\u00e4tte Kulturzeit eigentlich sofort ausschalten sollen als Vivian Perkvic auftauchte, kann sie absolut nicht ab, erinnert sie mich doch ewig an eine nette Waldorfkinderg\u00e4rtnerin. Ging erst mal in die K\u00fcche und k\u00fcmmerte mich um mein Abendessen. Wieder retour, wurde gerade Studientrittleiter Locke Deckker und sein neuestes Werk vorgestellt: Flucht ins Autorit\u00e4re, Rechtsextreme Dynamiken in der [&hellip;]<\/p>\n","protected":false},"author":6,"featured_media":0,"comment_status":"open","ping_status":"open","sticky":false,"template":"","format":"standard","meta":{"footnotes":""},"categories":[55],"tags":[],"class_list":["post-32166","post","type-post","status-publish","format-standard","hentry","category-alltaeglicher-wahnwitz"],"_links":{"self":[{"href":"https:\/\/zonenklaus.de\/wordpress\/index.php?rest_route=\/wp\/v2\/posts\/32166","targetHints":{"allow":["GET"]}}],"collection":[{"href":"https:\/\/zonenklaus.de\/wordpress\/index.php?rest_route=\/wp\/v2\/posts"}],"about":[{"href":"https:\/\/zonenklaus.de\/wordpress\/index.php?rest_route=\/wp\/v2\/types\/post"}],"author":[{"embeddable":true,"href":"https:\/\/zonenklaus.de\/wordpress\/index.php?rest_route=\/wp\/v2\/users\/6"}],"replies":[{"embeddable":true,"href":"https:\/\/zonenklaus.de\/wordpress\/index.php?rest_route=%2Fwp%2Fv2%2Fcomments&post=32166"}],"version-history":[{"count":4,"href":"https:\/\/zonenklaus.de\/wordpress\/index.php?rest_route=\/wp\/v2\/posts\/32166\/revisions"}],"predecessor-version":[{"id":32173,"href":"https:\/\/zonenklaus.de\/wordpress\/index.php?rest_route=\/wp\/v2\/posts\/32166\/revisions\/32173"}],"wp:attachment":[{"href":"https:\/\/zonenklaus.de\/wordpress\/index.php?rest_route=%2Fwp%2Fv2%2Fmedia&parent=32166"}],"wp:term":[{"taxonomy":"category","embeddable":true,"href":"https:\/\/zonenklaus.de\/wordpress\/index.php?rest_route=%2Fwp%2Fv2%2Fcategories&post=32166"},{"taxonomy":"post_tag","embeddable":true,"href":"https:\/\/zonenklaus.de\/wordpress\/index.php?rest_route=%2Fwp%2Fv2%2Ftags&post=32166"}],"curies":[{"name":"wp","href":"https:\/\/api.w.org\/{rel}","templated":true}]}}