{"id":32250,"date":"2018-12-06T21:30:40","date_gmt":"2018-12-06T20:30:40","guid":{"rendered":"http:\/\/zonenklaus.de\/wordpress\/?p=32250"},"modified":"2018-12-07T01:36:33","modified_gmt":"2018-12-07T00:36:33","slug":"gott-sei-dank-morgen-findet-endlich-die-entcheidende-elferratssitzung-statt","status":"publish","type":"post","link":"https:\/\/zonenklaus.de\/wordpress\/?p=32250","title":{"rendered":"Gott sei Dank, morgen findet endlich die entcheidende Elferratssitzung statt!"},"content":{"rendered":"<p>Man hielt ja die letzten Tage fast nicht mehr im Kopf aus, soviel Demokratur mit Ringelpiez und anfassen ist nicht so mein Ding. Obwohl die lokalpatriotischen Aufschneidereien als getarnte <i>Regionalkonferenzen<\/i> \u00fcber die Provinzb\u00fchnen gingen, wo sich die drei Akteure, anfangs immer erst wie Nummernboys und dem dazugeh\u00f6rigen Quotennummerngirl produzieren durften. Jener Akt schien ihnen au\u00dferdem auch sehr viel Freude zubereiten, mehr denn die anschlie\u00dfenden Monologe.<br \/>\nVerstehe nicht, man munkelt ja, dass deren christlicher Kleingartenverband auch \u00fcber eine Satzung verf\u00fcgt, weshalb sie sich dann doch recht unterschiedlich in ihren Ansichten echauffierten.<br \/>\nFand im Netz, auf der Parteireklameseite, sogar <i>Unser Regierungsprogramm 2017 &#8211; 2021 &#8211;<\/i><b><a href=\"https:\/\/www.cdu.de\/regierungsprogramm\"> F\u00dcR EIN DEUTSCHLAND, IN DEM WIR GUT UND GERNE LEBEN<\/a> &#8211; <\/b><i>in Geb\u00e4rdensprache, <\/i>ebenso eine verbalisierte Fassung und alles sogar in <i>Leichter Sprache&#8230;<\/i><br \/>\nAlles in einem recht blassen und langweiligen Populismus-Stil abgefasst, damit l\u00e4sst sich aber kein Blumentopf gewinnen!<br \/>\nBei den morgendlichen B\u00fcttenreden wird es bestimmt anders aussehen, da werden alle auf die Kacke hauen. Wird irgendwann alles mit m\u00e4chtig viel Krach verbunden sein. Wenn <b>1000 <\/b>und<b> eine<\/b><i><b>r<\/b><\/i>,<i><b> <\/b><\/i>sich in langanhaltend klatschenden Orkanbrisen vergessen, dabei stehend und h\u00fcpfend in Beifallstrance verfallen, wegen Muttis Krokophantentr\u00e4nen&#8230;<!--more--><br \/>\n<i><b>&#8211; <\/b><\/i>Jene Ziffer von 1001 wurde bestimmt in Angedenken an <i>Scheherazade<\/i> gew\u00e4hlt, da ja auch Muselmanen*<sup><b>INNEN usw. <\/b><\/sup> \u00fcber CDU-Mitgliedsb\u00fccher verf\u00fcgen. Aber garantiert nicht, weil es sich bei ihr um eine attraktive und pfiffige Frau handelte. Au\u00dfer Zweifel nur deshalb, da sie es fertig brachte, mit n\u00e4chtlichen M\u00e4rchenstunden drei Jahre zu \u00fcberbr\u00fccken, um ihrer Hinrichtung zu entgehen&#8230;<br \/>\nDer ungewisse Ausgang der Bundestagswahl im Jahre 2021 dr\u00e4ut n\u00e4mlich am Horizont und alle wissen, auch wenn Meister Merz in den letzten Tagen immer wieder die Anwesenden mit <i>Freundinnen<\/i> und <i>Freunden<\/i> titulierte, es gibt keinen hinterh\u00e4ltigeren Auseinandersetzungen unter<b> Parteifeunden<\/b><sup><b>*INNEN usw.<\/b><\/sup>, wenn kontr\u00e4re Standpunkte hinterher bis auf Messer ausgetragen werden!<br \/>\n<a href=\"https:\/\/www.bild.de\/politik\/inland\/politik-inland\/cdu-machtkampf-altmaier-stellt-sich-hinter-kramp-karrenbauer-58855626.bild.html\">Unterschiedlicher k\u00f6nnen die Schleimspuren nicht sein<\/a>, wenn Sch\u00e4uble gute Gr\u00fcnde hat und Merz bevorzugt, Buddha Altmaier hingegen sich hinter AKminusK positioniert.<br \/>\nDer alte Musterl\u00e4ndler hat garantiert vor, irgendwann mal, den L\u00f6ffel aus seinem Rollstuhl heraus abzugeben und daf\u00fcr br\u00e4uchte er als Hilfestellung den entsprechenden Mann. Diesen Part k\u00f6nnte sp\u00e4ter nur Merz spielen, als Danksagung, wenn alles seinen seilschaftlichen Gang nehmen w\u00fcrde und die Massen ihn morgen auf den Schild der Macht hieven sollten&#8230;<br \/>\nBei Hasi Altmaier sieht es ein bisschen anders aus. Seine heutige Position verdankt er garantiert<br \/>\nder F\u00fcrsprache von Annegretel, deshalb seine nicht uneigenn\u00fctzige Hilfestellung f\u00fcr sie.<br \/>\nDass der klein Bl\u00fcm auf Spahn und Merz losgeht, muss nicht weiter st\u00f6ren.<br \/>\nWobei Laschet sich vorsichtig im Hintergrund h\u00e4lt, wegen sp\u00e4terer Ambitionen &#8211; in der jetzigen Situation nur keine Fehler begehen! Um im Gespr\u00e4ch zubleiben, er lediglich seine Warnung vor einer Spaltung unters Volk streut&#8230;<\/p>\n","protected":false},"excerpt":{"rendered":"<p>Man hielt ja die letzten Tage fast nicht mehr im Kopf aus, soviel Demokratur mit Ringelpiez und anfassen ist nicht so mein Ding. Obwohl die lokalpatriotischen Aufschneidereien als getarnte Regionalkonferenzen \u00fcber die Provinzb\u00fchnen gingen, wo sich die drei Akteure, anfangs immer erst wie Nummernboys und dem dazugeh\u00f6rigen Quotennummerngirl produzieren durften. Jener Akt schien ihnen au\u00dferdem [&hellip;]<\/p>\n","protected":false},"author":6,"featured_media":0,"comment_status":"open","ping_status":"open","sticky":false,"template":"","format":"standard","meta":{"footnotes":""},"categories":[1,55],"tags":[],"class_list":["post-32250","post","type-post","status-publish","format-standard","hentry","category-allgemeines","category-alltaeglicher-wahnwitz"],"_links":{"self":[{"href":"https:\/\/zonenklaus.de\/wordpress\/index.php?rest_route=\/wp\/v2\/posts\/32250","targetHints":{"allow":["GET"]}}],"collection":[{"href":"https:\/\/zonenklaus.de\/wordpress\/index.php?rest_route=\/wp\/v2\/posts"}],"about":[{"href":"https:\/\/zonenklaus.de\/wordpress\/index.php?rest_route=\/wp\/v2\/types\/post"}],"author":[{"embeddable":true,"href":"https:\/\/zonenklaus.de\/wordpress\/index.php?rest_route=\/wp\/v2\/users\/6"}],"replies":[{"embeddable":true,"href":"https:\/\/zonenklaus.de\/wordpress\/index.php?rest_route=%2Fwp%2Fv2%2Fcomments&post=32250"}],"version-history":[{"count":3,"href":"https:\/\/zonenklaus.de\/wordpress\/index.php?rest_route=\/wp\/v2\/posts\/32250\/revisions"}],"predecessor-version":[{"id":32253,"href":"https:\/\/zonenklaus.de\/wordpress\/index.php?rest_route=\/wp\/v2\/posts\/32250\/revisions\/32253"}],"wp:attachment":[{"href":"https:\/\/zonenklaus.de\/wordpress\/index.php?rest_route=%2Fwp%2Fv2%2Fmedia&parent=32250"}],"wp:term":[{"taxonomy":"category","embeddable":true,"href":"https:\/\/zonenklaus.de\/wordpress\/index.php?rest_route=%2Fwp%2Fv2%2Fcategories&post=32250"},{"taxonomy":"post_tag","embeddable":true,"href":"https:\/\/zonenklaus.de\/wordpress\/index.php?rest_route=%2Fwp%2Fv2%2Ftags&post=32250"}],"curies":[{"name":"wp","href":"https:\/\/api.w.org\/{rel}","templated":true}]}}