{"id":32255,"date":"2018-12-07T21:47:48","date_gmt":"2018-12-07T20:47:48","guid":{"rendered":"http:\/\/zonenklaus.de\/wordpress\/?p=32255"},"modified":"2018-12-08T10:34:58","modified_gmt":"2018-12-08T09:34:58","slug":"nun-hat-grossmeister-merz-doch-verwonnen-zumindest-kann-sich-akminusk-nun-mit-einem-pyrrhussieg-schmuecken","status":"publish","type":"post","link":"https:\/\/zonenklaus.de\/wordpress\/?p=32255","title":{"rendered":"Nun hat Gro\u00dfmeister Merz doch verwonnen, zumindest kann sich AKminusK nun mit einem Pyrrhussieg schm\u00fccken"},"content":{"rendered":"<p>Umgekehrt h\u00e4tte es nicht besser ausgesehen, da w\u00e4re es ebenso nur die Wahl zwischen Pest und Cholera gewesen, allerdings unter vertauschten Betrachtungsweisen.<br \/>\nAuch mit ihr wird eine <em>christ-demokraturische <\/em><i>Erneuerung<\/i> in den Sternen stehen. Vielleicht hatte sich die NASA in weiser Voraussicht entschlossen, daf\u00fcr ihre Sonde auf dem Mars einzusetzen.<br \/>\nWei\u00df nicht, fast durchweg sprachen Medienheinze von einer spannenden Wahl, weshalb eigentlich?<br \/>\nHinzu kommt, wenn ich bei einer weiteren astronomischen Metapher bleibe, trudeln doch zwei recht unterschiedlich geartete Satelliten die n\u00e4chste Zeit nach wie vor in<i> gottgegebenen demokratischen<\/i> Bahnen, um den langsam vergl\u00fchenden ehemals roten Fixstern, der irgendwann zu einem schwarzen Loch mutierte, aus dem es kein Entrinnen mehr gibt&#8230;<br \/>\nIn<a href=\"https:\/\/www.bild.de\/politik\/inland\/politik-inland\/akk-neue-cdu-vorsitzende-reaktionen-auf-die-wahl-der-saarlaenderin-58892202.bild.html\"> Frau AK<em>minus<\/em>K<\/a> sehe ich ebenso ein Art Witzbold<sup><b>*IN<\/b><\/sup>, wie in dem, als vorletzter gew\u00e4hlten Hutschenschleuderer, aus der tagelang tingelnden christdemokratischen Drillingsbrigade.<br \/>\nDa hat sich das Kollektiv auf eine gerissene Art und Weise den zusammengetrommelten Mitl\u00e4ufern pr\u00e4sentiert, die deren Auftritte mit ihren Mitgliedsbeitr\u00e4gen finanzierten und prompt verk\u00fcndet die etwas mehr als 50%Siegerin &#8211;<i> der kleine hellrote M\u00f6chtegernvort\u00e4nzer brachte es vor seinem glorreichen Untergang wenigstens auf mehr als 100 Prozent<\/i> &#8211; sie h\u00e4tten mit ihrem provinziellen Revuetheater der gesamten Welt eine neuerliche Form von <i>gelebter Demokratie<\/i> vorgef\u00fchrt.<!--more--><br \/>\nDem ist aber nicht so!<br \/>\nDiese vermeintlichen Schnacker und Sp\u00f6kenkieker versuchten lediglich, jeder nach seiner populistischen Fasson, das unbedarfte Volk auf die entsprechende Seite zu zerren, weil geteiltes Leid, f\u00fcr das eigene konfuse Selbstverst\u00e4ndnis, als Balsam f\u00fcr die Seele angesehen werden kann.<br \/>\nIrgendwann sp\u00e4ter, lassen sich hinterher die daraus zwingend erwachsenen Misslichkeiten auf viele Schulten verteilen und anschlie\u00dfend kann man alles unter Ulk oder sogar einer <i>Kollektivschuld <\/i>verbuchen&#8230;<br \/>\nMir fiel im Fratzenkino auf, akMINUSk schien eine Anleihe bei Mutti genommen zuhaben, was das Styling ihrer Frisur betraf. Positiv rechne ich ihr aber an, dass sie sich meilenweit weit vom Ost-Kost\u00fcmlook ihrer Mentorin entfernt hat.<br \/>\nVon der Musterung her, trug die neu gew\u00e4hlte Vort\u00e4nzerin einen spacigen Wams, deren gesamtes Aussehen gefiel mir ausgesprochen gut!<br \/>\nAm heutigen Tag mit einem J\u00e4ckchen dieser aberwitzigen Webart aufzutreten, erinnerte mich dann doch an eine <span style=\"font-family: Times New Roman, serif;\"><span style=\"font-size: medium;\"><i><a href=\"https:\/\/www.google.de\/url?sa=t&amp;rct=j&amp;q=&amp;esrc=s&amp;source=web&amp;cd=4&amp;ved=2ahUKEwidk5r_ho_fAhXswIsKHYukCL0QFjADegQIDBAC&amp;url=http%3A%2F%2Fwww.d-e-zimmer.de%2FPDF%2F1985fehlleistungen.pdf&amp;usg=AOvVaw0e8NLCeIqFaiWbwvRZwzyE\">Freud\u2019sche Fehlleistung<\/a>. <\/i><\/span><\/span><span style=\"font-family: Times New Roman, serif;\"><span style=\"font-size: medium;\">Meine damit nicht ihr blinkendes Zeiteisen, ob es sich dabei um eine <\/span><\/span><span style=\"font-family: Times New Roman, serif;\"><span style=\"font-size: medium;\"><i>Rolex<\/i><\/span><\/span><span style=\"font-family: Times New Roman, serif;\"><span style=\"font-size: medium;\"> handelt, dies wird morgen bereits irgendein dahergelaufener Sozialneider bekanntgegeben. <\/span><\/span><br \/>\n<span style=\"font-family: Times New Roman, serif;\"><span style=\"font-size: medium;\">Ich will auf etwas ganz anderes hinaus. Es betrifft die konfuse <a href=\"https:\/\/detektor.fm\/politik\/wahl-des-cdu-vorsitz\">Darstellung der schwarzen Schussf\u00e4den<\/a> <strong>&#8211; <\/strong>und nochmals folgt eine Metapher. <\/span><\/span><br \/>\n<span style=\"font-family: Times New Roman, serif;\"><span style=\"font-size: medium;\">Sehe auf dem Foto das Chaos von un\u00fcbersichtlich erscheinenden Strichen, Punkten und angeh\u00e4uften Flecken die dort kreuz und quer verlaufen, deren bildliche Verk\u00f6rperung, ohne weiteres auf ein CDU-spezifische Problem \u00fcbertragbar sind, dem breitgef\u00e4cherten Kuddelmuddel in dem <em>Christen<\/em>verein und deren beliebige Regellosigkeit. <\/span><\/span><br \/>\nBetrachte die beide Sachverhalte <em>vollkommen<\/em> <em>wertfrei<\/em><strong>! <\/strong><br \/>\nGebe aber zu bedenken, wie auf <span style=\"font-family: Times New Roman, serif;\"><span style=\"font-size: medium;\">der Jacke, wird es auch in der abnibbelnden Volkspartei niemals m\u00f6glich sein, dort irgendwann mal eine einheitliche Linie zuerkennen&#8230; <\/span><\/span><\/p>\n","protected":false},"excerpt":{"rendered":"<p>Umgekehrt h\u00e4tte es nicht besser ausgesehen, da w\u00e4re es ebenso nur die Wahl zwischen Pest und Cholera gewesen, allerdings unter vertauschten Betrachtungsweisen. Auch mit ihr wird eine christ-demokraturische Erneuerung in den Sternen stehen. Vielleicht hatte sich die NASA in weiser Voraussicht entschlossen, daf\u00fcr ihre Sonde auf dem Mars einzusetzen. Wei\u00df nicht, fast durchweg sprachen Medienheinze [&hellip;]<\/p>\n","protected":false},"author":6,"featured_media":0,"comment_status":"open","ping_status":"open","sticky":false,"template":"","format":"standard","meta":{"footnotes":""},"categories":[55],"tags":[],"class_list":["post-32255","post","type-post","status-publish","format-standard","hentry","category-alltaeglicher-wahnwitz"],"_links":{"self":[{"href":"https:\/\/zonenklaus.de\/wordpress\/index.php?rest_route=\/wp\/v2\/posts\/32255","targetHints":{"allow":["GET"]}}],"collection":[{"href":"https:\/\/zonenklaus.de\/wordpress\/index.php?rest_route=\/wp\/v2\/posts"}],"about":[{"href":"https:\/\/zonenklaus.de\/wordpress\/index.php?rest_route=\/wp\/v2\/types\/post"}],"author":[{"embeddable":true,"href":"https:\/\/zonenklaus.de\/wordpress\/index.php?rest_route=\/wp\/v2\/users\/6"}],"replies":[{"embeddable":true,"href":"https:\/\/zonenklaus.de\/wordpress\/index.php?rest_route=%2Fwp%2Fv2%2Fcomments&post=32255"}],"version-history":[{"count":7,"href":"https:\/\/zonenklaus.de\/wordpress\/index.php?rest_route=\/wp\/v2\/posts\/32255\/revisions"}],"predecessor-version":[{"id":32263,"href":"https:\/\/zonenklaus.de\/wordpress\/index.php?rest_route=\/wp\/v2\/posts\/32255\/revisions\/32263"}],"wp:attachment":[{"href":"https:\/\/zonenklaus.de\/wordpress\/index.php?rest_route=%2Fwp%2Fv2%2Fmedia&parent=32255"}],"wp:term":[{"taxonomy":"category","embeddable":true,"href":"https:\/\/zonenklaus.de\/wordpress\/index.php?rest_route=%2Fwp%2Fv2%2Fcategories&post=32255"},{"taxonomy":"post_tag","embeddable":true,"href":"https:\/\/zonenklaus.de\/wordpress\/index.php?rest_route=%2Fwp%2Fv2%2Ftags&post=32255"}],"curies":[{"name":"wp","href":"https:\/\/api.w.org\/{rel}","templated":true}]}}