{"id":32388,"date":"2019-01-18T21:49:46","date_gmt":"2019-01-18T20:49:46","guid":{"rendered":"http:\/\/zonenklaus.de\/wordpress\/?p=32388"},"modified":"2019-01-19T10:33:15","modified_gmt":"2019-01-19T09:33:15","slug":"letzte-nacht-erlebte-berlin-ein-schneechaos","status":"publish","type":"post","link":"https:\/\/zonenklaus.de\/wordpress\/?p=32388","title":{"rendered":"Letzte Nacht erlebte Berlin ein Schneechaos!"},"content":{"rendered":"<p>Wenn man in den letzten zwei Wochen die \u00f6ffentlich\/rechtlichen Notwahrheitsnachrichten verfolgte, erinnerten mich deren <i>Meldungen<\/i> ewig an alte <em>Wochenschauen<\/em>, besser gesagt an<em> nostalgische Wehrmachtsberichte<\/em> aus alten Tagen von Stalingrad &#8211; Winter 1942\/43.<br \/>\nNebenher wurde<i> Betroffenheit <\/i>angemahnt, weil pseudohedonistische Skideppen sich unbedingt Abfahrten auf gesperrten Arealen hingeben mussten und nun nicht mehr einkaufen gehen k\u00f6nnen. Was mich nat\u00fcrlich nicht interessiert, aber f\u00fcr die trauernden Hinterbliebenen ganz anders aussieht.<br \/>\nHeute hatte es nun auch Berlin erwischt.<br \/>\nWie ich aus gut unterrichteten Kreisen erfuhr, ward Berlin in der vergangenen Nacht sogar von einem teuflischen Blizzard heimgesucht worden. Die gemessenen Windst\u00e4rke belief sich sogar auf 1,6 &#8211; 3,3 m\/s, was hochgerechnet ungef\u00e4hr 6 &#8211; 11 km\/h entsprach.<br \/>\nMusste heute nun eine Distanz, von ungef\u00e4hr zweieinhalb Kilometern \u00fcberbr\u00fccken. Dachte mir so, obwohl die verbliebene Schneepracht nicht sehr hoch lag, daf\u00fcr sehr breit, nimmst deshalb mal lieber den Bus, statt den Drahtesels.<br \/>\nBekanntlich lauert der Anschiss \u00fcberall, wie er mir leider auch widerfuhr, musste eine halbe Stunde auf den Massentransportstinker warten.<br \/>\nKann aber auf eins verweisen, die Berliner Verkehrsbetriebe sind absolut verl\u00e4sslich!<br \/>\nMehr noch, auf der R\u00fccktourmit dem\u00a0 <a href=\"http:\/\/zonenklaus.de\/wordpress\/wp-content\/uploads\/2019\/01\/BVG.mp3\">BVG-Kutsche ,<\/a> durfte ich sogar wesentlich l\u00e4nger warten&#8230;<\/p>\n","protected":false},"excerpt":{"rendered":"<p>Wenn man in den letzten zwei Wochen die \u00f6ffentlich\/rechtlichen Notwahrheitsnachrichten verfolgte, erinnerten mich deren Meldungen ewig an alte Wochenschauen, besser gesagt an nostalgische Wehrmachtsberichte aus alten Tagen von Stalingrad &#8211; Winter 1942\/43. Nebenher wurde Betroffenheit angemahnt, weil pseudohedonistische Skideppen sich unbedingt Abfahrten auf gesperrten Arealen hingeben mussten und nun nicht mehr einkaufen gehen k\u00f6nnen. Was [&hellip;]<\/p>\n","protected":false},"author":6,"featured_media":0,"comment_status":"open","ping_status":"open","sticky":false,"template":"","format":"standard","meta":{"footnotes":""},"categories":[1],"tags":[],"class_list":["post-32388","post","type-post","status-publish","format-standard","hentry","category-allgemeines"],"_links":{"self":[{"href":"https:\/\/zonenklaus.de\/wordpress\/index.php?rest_route=\/wp\/v2\/posts\/32388","targetHints":{"allow":["GET"]}}],"collection":[{"href":"https:\/\/zonenklaus.de\/wordpress\/index.php?rest_route=\/wp\/v2\/posts"}],"about":[{"href":"https:\/\/zonenklaus.de\/wordpress\/index.php?rest_route=\/wp\/v2\/types\/post"}],"author":[{"embeddable":true,"href":"https:\/\/zonenklaus.de\/wordpress\/index.php?rest_route=\/wp\/v2\/users\/6"}],"replies":[{"embeddable":true,"href":"https:\/\/zonenklaus.de\/wordpress\/index.php?rest_route=%2Fwp%2Fv2%2Fcomments&post=32388"}],"version-history":[{"count":4,"href":"https:\/\/zonenklaus.de\/wordpress\/index.php?rest_route=\/wp\/v2\/posts\/32388\/revisions"}],"predecessor-version":[{"id":32393,"href":"https:\/\/zonenklaus.de\/wordpress\/index.php?rest_route=\/wp\/v2\/posts\/32388\/revisions\/32393"}],"wp:attachment":[{"href":"https:\/\/zonenklaus.de\/wordpress\/index.php?rest_route=%2Fwp%2Fv2%2Fmedia&parent=32388"}],"wp:term":[{"taxonomy":"category","embeddable":true,"href":"https:\/\/zonenklaus.de\/wordpress\/index.php?rest_route=%2Fwp%2Fv2%2Fcategories&post=32388"},{"taxonomy":"post_tag","embeddable":true,"href":"https:\/\/zonenklaus.de\/wordpress\/index.php?rest_route=%2Fwp%2Fv2%2Ftags&post=32388"}],"curies":[{"name":"wp","href":"https:\/\/api.w.org\/{rel}","templated":true}]}}