{"id":32489,"date":"2019-02-17T22:07:51","date_gmt":"2019-02-17T21:07:51","guid":{"rendered":"http:\/\/zonenklaus.de\/wordpress\/?p=32489"},"modified":"2019-02-20T16:04:03","modified_gmt":"2019-02-20T15:04:03","slug":"the-king-elvis-und-der-amerikanische-traum","status":"publish","type":"post","link":"https:\/\/zonenklaus.de\/wordpress\/?p=32489","title":{"rendered":"The King &#8211; Elvis und der amerikanische Traum"},"content":{"rendered":"<p><i>Eugene Jarecki reist in dem alten Rolls-Royce von Elvis Presley dessen Lebensstationen ab. Der Film ist zugleich politische Bestandsaufnahme der USA und kulturelles Portr\u00e4t&#8230;<\/i><br \/>\nWei\u00df mit der<a href=\"https:\/\/www.ndr.de\/fernsehen\/The-King-Elvis-und-der-amerikanische-Traum,elvispresley122.html\"> Anpreisung vom NDR<\/a> nichts so richtig anzufangen &#8211; <i>politische Bestandsaufnahme<\/i> <strong>(<\/strong><sup>!?<\/sup>?!?<sup>?!<\/sup><strong>) <\/strong>&#8211; allerdings handelt es sich schon um ein <i>kulturelles Portr\u00e4t.<\/i><br \/>\nAllerdings h\u00e4tte Mr. Jarecki die merkw\u00fcrdigen Kommentare des <a href=\"https:\/\/de.wikipedia.org\/wiki\/Chuck_D\"><i>Chuck D\u00b4<\/i><\/a>, von<a href=\"https:\/\/de.wikipedia.org\/wiki\/Public_Enemy\"><i> Public Enemy<\/i><\/a> und des <i>smarten <\/i><a href=\"https:\/\/www.rollingstone.com\/politics\/politics-news\/van-jones-on-rebuilding-the-american-dream-182553\/\"><i>Van Jones <\/i><\/a>nicht so stehenlassen sollen! Will beiden absolut keinen weichgesp\u00fclten Rassismus der anderen Seite unterstellen, Gut, Rapper sind in der Regel nun mal keine Intelligenzbestien, au\u00dferdem geh\u00f6rt es n\u00e4mlich einfach dazu, gro\u00dfkotzig auf populistische Kacke zuhauen. <i>Jones<\/i> stand ihm dann in nichts nach, wirkte aber in seinem feinen Zwirn und der geschliffenen Interpretation recht unglaubw\u00fcrdig. Denn, ich finde schon, dass musikalische Wei\u00dfbrote lediglich die Hits der Schwarzen geklaut haben, kann so nicht stehen bleiben. F\u00fcr mein Daher halten, war es gerade das Mutters\u00f6hnchen Elvis der begann, als Vorreiter Schwarze Musik f\u00fcr die Kids der American middle class salonf\u00e4hig zumachen. Welche Anfang der 1950er, wegen der strickten Rassentrennung gar nicht auf die Idee kamen, in den entsprechenden H\u00fctten, wo sich ihre stark pigmentierten Landsleute am\u00fcsierten, einen Blick zuwerfen. Auf der anderen Seite wollte man dort auch keine Kalkgesichter sehen.<br \/>\nWitzig finde ich auch die Tatsache, wenn immer wieder vergessen wird, dass es zwei Bleichgesichter waren, die <i><a href=\"https:\/\/de.wikipedia.org\/wiki\/Hound_Dog\">Hound Dog<\/a>, Big Mama Thornton <\/i>auf ihren wohlbeleibten Bauch schrieben, mit dem sie bereits 1953 einen riesigen R\u00b4n B-Hit landete &#8211; ebenso Elvis, allerdings drei Jahre sp\u00e4ter und in einem ganz anderen Stil interpretiert. Beide St\u00fccke haben etwas ganz besonderes in ihrer Art.<!--more--><br \/>\nZum Dok-Film von <i>Eugene Jarecki, <\/i>meinte die NZZ u.a.: <a href=\"https:\/\/www.nzz.ch\/feuilleton\/the-king-elvis-und-der-amerikanische-traum-bei-einem-roadmovie-sollte-man-auch-mal-abbiegen-ld.1406733\"><i>Bei einem Roadmovie sollte man auch einmal abbiegen<\/i><\/a><br \/>\n\u00dcber die 3:14 von Simon Strau\u00df decke ich den Mantel des Schweigens!<br \/>\nFand einen Artikel \u00fcber ihn in der <a href=\"https:\/\/www.zeit.de\/2018\/04\/simon-strauss-faz-autor-afd-faschismus-vorwurf-pro-contra\">ZEIT<\/a>, da geht es allerdings um etwas anderes. Drin wird auch erw\u00e4hnt, dass es sich bei ihm um den Sohn von Botho Strau\u00df handelt. Vom <i>Papa<\/i> hat er zu fr\u00fcheren Zeiten nicht viel gehabt, <a href=\"https:\/\/www.zeit.de\/1977\/32\/frau-sprechen\">Mutti<\/a> war auch etwas merkw\u00fcrdig drauf. Mir f\u00e4llt zu ihr immer deren Frauenbild ein, welches sie in Artikeln der 70er\/80er Jahre unters Volk brachte&#8230;<br \/>\nAch so, mir f\u00e4llt noch etwas zu Herrn S. ein. Ist ja nicht leicht, als Promi-Ableger durch die Welt zu sterzeln, allerdings werden in bestimmten Situationen, dann oftmals doch holprige Wege etwas geebnet.<br \/>\nDaher meine Frage, was w\u00fcrde denn <a href=\"https:\/\/www.tagesspiegel.de\/wissen\/verdachtsfall-giffey-es-darf-nicht-nur-um-doktorarbeiten-von-politikern-gehen\/23974792.html\">VroniPlag<\/a> davon halten, seine Doktorarbeit ebenso mal etwas genauer unter die Lupe zunehmen?<br \/>\nEndlich zum Film retour, fand diese Doku trotzdem sehr gelungen, war mal etwas ganz anderes, was ansonsten so alles \u00fcber den <i>King<\/i> kam&#8230;<\/p>\n<p><strong><a href=\"http:\/\/zonenklaus.de\/wordpress\/?attachment_id=32496\" rel=\"attachment wp-att-32496\"><img loading=\"lazy\" decoding=\"async\" class=\"alignleft size-thumbnail wp-image-32496\" src=\"http:\/\/zonenklaus.de\/wordpress\/wp-content\/uploads\/2019\/02\/Elvis\u00e4-150x71.jpg\" alt=\"\" width=\"150\" height=\"71\" srcset=\"https:\/\/zonenklaus.de\/wordpress\/wp-content\/uploads\/2019\/02\/Elvis\u00e4-150x71.jpg 150w, https:\/\/zonenklaus.de\/wordpress\/wp-content\/uploads\/2019\/02\/Elvis\u00e4-300x142.jpg 300w, https:\/\/zonenklaus.de\/wordpress\/wp-content\/uploads\/2019\/02\/Elvis\u00e4.jpg 605w\" sizes=\"auto, (max-width: 150px) 100vw, 150px\" \/><\/a>Fu\u00dfnote: <\/strong>Als alter Elvis-Fan der ausgehenden Kindheit und des anschlie\u00dfenden Halbstarkendaseins, habe ich schon \u00f6fters etwas \u00fcber den Knaben abgelassen, wer rechtsseits in die Suchleiste <i>Elvis<\/i> eingibt, f\u00fcr den schmei\u00dft WordPress s\u00e4mtliche Schriebe raus, in dem irgendwie seine Name vorkommt&#8230;<\/p>\n","protected":false},"excerpt":{"rendered":"<p>Eugene Jarecki reist in dem alten Rolls-Royce von Elvis Presley dessen Lebensstationen ab. Der Film ist zugleich politische Bestandsaufnahme der USA und kulturelles Portr\u00e4t&#8230; Wei\u00df mit der Anpreisung vom NDR nichts so richtig anzufangen &#8211; politische Bestandsaufnahme (!??!??!) &#8211; allerdings handelt es sich schon um ein kulturelles Portr\u00e4t. Allerdings h\u00e4tte Mr. Jarecki die merkw\u00fcrdigen Kommentare [&hellip;]<\/p>\n","protected":false},"author":6,"featured_media":0,"comment_status":"open","ping_status":"open","sticky":false,"template":"","format":"standard","meta":{"footnotes":""},"categories":[1],"tags":[],"class_list":["post-32489","post","type-post","status-publish","format-standard","hentry","category-allgemeines"],"_links":{"self":[{"href":"https:\/\/zonenklaus.de\/wordpress\/index.php?rest_route=\/wp\/v2\/posts\/32489","targetHints":{"allow":["GET"]}}],"collection":[{"href":"https:\/\/zonenklaus.de\/wordpress\/index.php?rest_route=\/wp\/v2\/posts"}],"about":[{"href":"https:\/\/zonenklaus.de\/wordpress\/index.php?rest_route=\/wp\/v2\/types\/post"}],"author":[{"embeddable":true,"href":"https:\/\/zonenklaus.de\/wordpress\/index.php?rest_route=\/wp\/v2\/users\/6"}],"replies":[{"embeddable":true,"href":"https:\/\/zonenklaus.de\/wordpress\/index.php?rest_route=%2Fwp%2Fv2%2Fcomments&post=32489"}],"version-history":[{"count":4,"href":"https:\/\/zonenklaus.de\/wordpress\/index.php?rest_route=\/wp\/v2\/posts\/32489\/revisions"}],"predecessor-version":[{"id":32497,"href":"https:\/\/zonenklaus.de\/wordpress\/index.php?rest_route=\/wp\/v2\/posts\/32489\/revisions\/32497"}],"wp:attachment":[{"href":"https:\/\/zonenklaus.de\/wordpress\/index.php?rest_route=%2Fwp%2Fv2%2Fmedia&parent=32489"}],"wp:term":[{"taxonomy":"category","embeddable":true,"href":"https:\/\/zonenklaus.de\/wordpress\/index.php?rest_route=%2Fwp%2Fv2%2Fcategories&post=32489"},{"taxonomy":"post_tag","embeddable":true,"href":"https:\/\/zonenklaus.de\/wordpress\/index.php?rest_route=%2Fwp%2Fv2%2Ftags&post=32489"}],"curies":[{"name":"wp","href":"https:\/\/api.w.org\/{rel}","templated":true}]}}