{"id":32537,"date":"2019-03-02T22:11:22","date_gmt":"2019-03-02T21:11:22","guid":{"rendered":"http:\/\/zonenklaus.de\/wordpress\/?p=32537"},"modified":"2022-03-03T22:39:04","modified_gmt":"2022-03-03T21:39:04","slug":"wg-kiezspaziergang-fechnerstrasse-7-u-a","status":"publish","type":"post","link":"https:\/\/zonenklaus.de\/wordpress\/?p=32537","title":{"rendered":"wg. \u201eKiezspaziergang\u201c, Fechnerstrasse 7 u.a."},"content":{"rendered":"<p>Wenn auch nicht belegbar ist, von wem selbige Bemerkung stammt: \u201eRe<em>volution in Deutschland? Das wird nie etwas, wenn diese Deutschen einen Bahnhof st\u00fcrmen wollen, kaufen die sich noch vorher eine <a href=\"https:\/\/www.welt.de\/print-welt\/article255148\/BVG-Schon-das-Betreten-des-Bahnsteigs-kostet-Geld.html\">Bahnsteigkarte!<\/a>\u201c<\/em> &#8211; wird sie h\u00e4ufig <i>\u0412\u043b\u0430\u0434\u0438\u043c\u0438\u0440 \u0418\u043b\u044c\u0438\u0447 \u0423\u043b\u044c\u044f\u043d\u043e\u0432 <\/i>zugeschrieben!<br \/>\nIst auch egal, aber eine gewisse Berechtigung hat der Spruch schon irgendwie.<br \/>\n<a href=\"http:\/\/zonenklaus.de\/wordpress\/?attachment_id=32531\" rel=\"attachment wp-att-32531\"><img loading=\"lazy\" decoding=\"async\" class=\"alignleft size-thumbnail wp-image-32531\" src=\"http:\/\/zonenklaus.de\/wordpress\/wp-content\/uploads\/2019\/03\/Fechner7.1-106x150.jpg\" alt=\"\" width=\"106\" height=\"150\" srcset=\"https:\/\/zonenklaus.de\/wordpress\/wp-content\/uploads\/2019\/03\/Fechner7.1-106x150.jpg 106w, https:\/\/zonenklaus.de\/wordpress\/wp-content\/uploads\/2019\/03\/Fechner7.1-212x300.jpg 212w, https:\/\/zonenklaus.de\/wordpress\/wp-content\/uploads\/2019\/03\/Fechner7.1.jpg 604w\" sizes=\"auto, (max-width: 106px) 100vw, 106px\" \/><\/a>Rappelte mich dann doch auf und radelte zum Treffpunkt in der Uhlandstra\u00dfe 61.<br \/>\nVon der \u00e4u\u00dfere Erscheinung her, mehrheitlich Angeh\u00f6rige der Kukident-Generation, Grauchen, Leute mit fleischfarbenen Badekappen und Nickelbrillenfraktion\u00e4re. Man kann deshalb davon ausgehen, ein Haufen ehemals Klassenkampf erprobte Leute darunter, wo <em>der, <\/em><em>die<\/em> oder <em>es<\/em> auf dem sp\u00e4teren Marsch durch die Institutionen, mit entsprechenden Diplomen ausgestattet und sch\u00f6n klingenden <em>Titel behangen<\/em>, gut dotierte Jobs ergatterten, folglich irgendwo stecken blieben. In den darauffolgenden Jahren sich ausgedehnten <em>pseudohedonistischen<\/em> Freuden hingaben. Deshalb auch nicht registrierten, wie ringsumher alles den Bach hinunterging. Obwohl sie permanent, in einem Zustand absoluter Verz\u00fcckung, ihren sp\u00e4ter andressierten<em> demokraturischen<\/em> <i>Pflichten, <\/i>als Angestellte im \u00d6ffentlichen Dienst oder als Beamte, kritiklos nachkamen. Will nicht in Abrede stellen, dass sich manche zwischendurch mal mit Kind und Kegel in Lichterkettenschlangen wiederfanden oder Betroffenheitsschweigem\u00e4rsche bev\u00f6lkerten&#8230;<br \/>\nMittlerweile war die<em> Protestherde<\/em> am Treffpunkt auf vielleicht peinliche 150 Leutchen<sup><b>*INNEN usw. <\/b><\/sup>angewachsen. Was mir absolut nicht in die Birne wollte, dass der eigentliche Protest, eine Woche vorher abgesagt wurde, weil irgendein Politstar<sup><b>*IN usw. <\/b><\/sup>nicht auftauchen konnte. Und ich Depp hatte auch noch versucht einige Bekannte mit <i>Emils <\/i>und Anquatscherei, <i>f\u00fcr jenen<\/i> <i>ganz wichtigen Event<\/i>, zu motivieren.<br \/>\nHandelte sich bestimmt um die<em><strong> J<\/strong>enossin Becke<\/em>r, welche heute nat\u00fcrlich belanglose Sprechblasen durch das Mikrofon tr\u00f6ten durfte. Wieso war es denn so wichtig, anl\u00e4sslich einer ganz speziellen Protestchose, gerade jemand<i>IN <\/i>belangloses Zeug plappern zulassen, noch dazu aus der <i>hellroten Dauerkompromissfraktion,<\/i> welche als ewige Mehrheitsbeschaffer der vergangenen Jahrzehnten f\u00fcr diese momentan anstehenden Miseren auf dem Wohnungsmarkt verantwortlich sind.<br \/>\nWill nicht alles schlechtreden!<br \/>\nHatte am Treffpunkt sogar ein Erfolgserlebnis!<br \/>\nLie\u00df mir n\u00e4mlich von der Modefrau das Rezept ihrer phantastisch schmeckenden<a href=\"https:\/\/www.flickr.com\/photos\/zonenklaus\/33393918838\/in\/datetaken-public\/\"> Kuchenquadrate<\/a> geben. Nebenbei fand ich sehr respektlos, sie hatte keine M\u00fchen gescheut und einen sehr gelungenen Imbiss angerichtet, der total verschm\u00e4ht wurde!<!--more--><br \/>\nKomme zur <em>Bahnsteigkarte f\u00fcr deutsche Revolutionsbestrebungen<\/em> retour.<br \/>\nWas jetzt kommt, ist identisch mit immerw\u00e4hrender<em> Verbalhurerei<\/em> im Konjunktiv von Probierpolitikern, steht aber alles auf einem ganz anderen Blatt! Es wurde mithin eine gro\u00dfe Chance vertan, korrekt auf die allgegenw\u00e4rtig Problematik hinzuweisen, die M\u00f6glichkeit bestand, allerdings nicht mit einer Meute, die \u00e4hnlich einer Schafherde lediglich zusammenr\u00fcckt, wenn ein Gewitter im Anmarsch ist, wobei sich die zitternden Kreaturen hinterher aber auch wieder flugs verkr\u00fcmelen!<br \/>\nWenn man schon auf die Journaille<sup><b>*INNEN usw. <\/b><\/sup> verzichtete, h\u00e4tte ein medientr\u00e4chtiges Vorkommnis provoziert werden m\u00fcssen, in einer Stunde w\u00e4re alles vorbei gewesen, h\u00e4tte aber eine weltweite Verbreitung gefunden!<br \/>\nEs waren ja noch nicht mal vern\u00fcnftige Plakate vorhanden, um die wenigen Angeh\u00f6rigen der dr\u00f6ge Masse am fr\u00fchen Samstagnachmittage auf der Stra\u00dfe anzusprechen. Zumal der Zeitpunkt vollkommen idiotisch gew\u00e4hlt wurde! Wer treibt sich eigentlich im beschaulichen Wilmersdorf, am beginnenden Wochenende gegen 14 Uhr, auf den dortigen Gesteigen herum? Da hocken die Leute doch bereits vor der Glotze und ziehen sich irgendwelchen seichten <i>Unterhaltungs<\/i>schei\u00df ein, deren t\u00e4gliche Portionen sie<em> dringen zur eigenen Verbl\u00f6dungsauffrischung<\/em> ben\u00f6tigen.<br \/>\nDabei h\u00e4tte eine kurze <a href=\"https:\/\/www.google.com\/search?q=gelbwesten&amp;client=firefox-b-d&amp;source=lnms&amp;tbm=isch&amp;sa=X&amp;ved=0ahUKEwiHjM20tefgAhUH2qQKHelnAcIQ_AUIECgD&amp;biw=1280&amp;bih=557#imgrc=f6_qldDAk7TXTM:\">Gelbwestenaktion<\/a> &#8211; <em>Made In France<\/em> &#8211; f\u00fcr die umliegenden Anwohner einen wesentlich gr\u00f6\u00dferen Unterhaltungswert gehabt, wenn nur die H\u00e4lfte der anwesenden Protestanten, in einer<em> Blitzaktion<\/em> die Kreuzung Hohenzollerndamm\/Uhlanstra\u00dfe besetzt h\u00e4tten, alles unter einem quer gespannten riesigen <a href=\"https:\/\/www.flickr.com\/photos\/zonenklaus\/46546363614\/in\/datetaken-public\/\">Transparent<\/a> mit der entsprechenden Aufschrift&#8230;<br \/>\nMit arrivierten Mumien im <em>Unruhestand<\/em> ist so etwas nat\u00fcrlich nicht machbar, daf\u00fcr warteten sie in der langgezogenen Protestiererschlange, an der Kreuzung, immer ganz korrekt auf die Gr\u00fcnphase!<br \/>\nUnd schon bin ich wieder bei Lenin gelandet&#8230;<br \/>\nSo mancher wird garantiert am kommenden Tag im Gotteshaus auch etwas gebeichtet haben, weil er sich im guten <i>demokraturischen <\/i>Glauben, an einer <a href=\"http:\/\/zonenklaus.de\/wordpress\/?attachment_id=32538\">illegalen <\/a><a href=\"http:\/\/zonenklaus.de\/wordpress\/?attachment_id=32538\">Handlung<\/a> beteiligt hatte&#8230;<br \/>\nEtwas muss ich noch erw\u00e4hnen, vier Frauen stellten mir dann vor der <a href=\"https:\/\/www.flickr.com\/photos\/zonenklaus\/43627580790\/in\/album-72157700526105325\/\">Nummer 7<\/a> eine Frage, ob sich wohl die Politiker nach den Europawahlen nochmals hier sehen lassen? Sofort gings zum <em>jung\/dynamischen Genderfuzzi der Neobolschwisten<\/em>, <a href=\"http:\/\/zonenklaus.de\/wordpress\/wp-content\/uploads\/2019\/03\/dampf.mp3\">Niklas Schenker&#8230;<\/a><br \/>\nSein Geplapper unterschied sich nicht von den ganzen implodierten Sprechblasen der Vorredner<b>*<\/b><sup><b>INNEN usw.<\/b><\/sup>, deren Antlitze sind mir bereits nach Minuten in Vergessenheit geraten, was mir wegen des <a href=\"https:\/\/www.youtube.com\/watch?v=LIrIqllEV8o\">Bluntschli\u00b4s<\/a> von Niklas nicht passierte. Sein gekonnt gestylte Haarschopf hat f\u00fcr mich sogar einen \u00f6kologischen Touch, erinnert er doch an eine aufgerissene <i>nachhaltige<\/i> <a href=\"https:\/\/www.flickr.com\/photos\/zonenklaus\/40305150543\/in\/datetaken-public\/\">Seegrasmatratze<\/a>&#8230;<\/p>\n","protected":false},"excerpt":{"rendered":"<p>Wenn auch nicht belegbar ist, von wem selbige Bemerkung stammt: \u201eRevolution in Deutschland? Das wird nie etwas, wenn diese Deutschen einen Bahnhof st\u00fcrmen wollen, kaufen die sich noch vorher eine Bahnsteigkarte!\u201c &#8211; wird sie h\u00e4ufig \u0412\u043b\u0430\u0434\u0438\u043c\u0438\u0440 \u0418\u043b\u044c\u0438\u0447 \u0423\u043b\u044c\u044f\u043d\u043e\u0432 zugeschrieben! Ist auch egal, aber eine gewisse Berechtigung hat der Spruch schon irgendwie. Rappelte mich dann doch [&hellip;]<\/p>\n","protected":false},"author":6,"featured_media":0,"comment_status":"open","ping_status":"open","sticky":false,"template":"","format":"standard","meta":{"footnotes":""},"categories":[1],"tags":[],"class_list":["post-32537","post","type-post","status-publish","format-standard","hentry","category-allgemeines"],"_links":{"self":[{"href":"https:\/\/zonenklaus.de\/wordpress\/index.php?rest_route=\/wp\/v2\/posts\/32537","targetHints":{"allow":["GET"]}}],"collection":[{"href":"https:\/\/zonenklaus.de\/wordpress\/index.php?rest_route=\/wp\/v2\/posts"}],"about":[{"href":"https:\/\/zonenklaus.de\/wordpress\/index.php?rest_route=\/wp\/v2\/types\/post"}],"author":[{"embeddable":true,"href":"https:\/\/zonenklaus.de\/wordpress\/index.php?rest_route=\/wp\/v2\/users\/6"}],"replies":[{"embeddable":true,"href":"https:\/\/zonenklaus.de\/wordpress\/index.php?rest_route=%2Fwp%2Fv2%2Fcomments&post=32537"}],"version-history":[{"count":7,"href":"https:\/\/zonenklaus.de\/wordpress\/index.php?rest_route=\/wp\/v2\/posts\/32537\/revisions"}],"predecessor-version":[{"id":38096,"href":"https:\/\/zonenklaus.de\/wordpress\/index.php?rest_route=\/wp\/v2\/posts\/32537\/revisions\/38096"}],"wp:attachment":[{"href":"https:\/\/zonenklaus.de\/wordpress\/index.php?rest_route=%2Fwp%2Fv2%2Fmedia&parent=32537"}],"wp:term":[{"taxonomy":"category","embeddable":true,"href":"https:\/\/zonenklaus.de\/wordpress\/index.php?rest_route=%2Fwp%2Fv2%2Fcategories&post=32537"},{"taxonomy":"post_tag","embeddable":true,"href":"https:\/\/zonenklaus.de\/wordpress\/index.php?rest_route=%2Fwp%2Fv2%2Ftags&post=32537"}],"curies":[{"name":"wp","href":"https:\/\/api.w.org\/{rel}","templated":true}]}}