{"id":32576,"date":"2019-03-20T22:51:57","date_gmt":"2019-03-20T21:51:57","guid":{"rendered":"http:\/\/zonenklaus.de\/wordpress\/?p=32576"},"modified":"2019-03-22T11:27:21","modified_gmt":"2019-03-22T10:27:21","slug":"verflucht-andre-williams-geht-nun-auch-nicht-mehr-einkaufen","status":"publish","type":"post","link":"https:\/\/zonenklaus.de\/wordpress\/?p=32576","title":{"rendered":"Verflucht, Andre Williams geht nun auch nicht mehr einkaufen"},"content":{"rendered":"<p><a href=\"http:\/\/www.goettinger-tageblatt.de\/Nachrichten\/Kultur\/Weltweit\/Musiklegende-Andre-Williams-gestorben\">Andre Williams<\/a>: <a href=\"http:\/\/zonenklaus.de\/wordpress\/wp-content\/uploads\/2019\/03\/AW.mp3\">10<\/a> <a href=\"https:\/\/www.billboard.com\/articles\/columns\/rock\/8503214\/andre-williams-10-essential-tracks\">Essential Tracks From the Soul Great&#8230;<\/a><br \/>\nWenn ich daran denke, wie viele Gr\u00f6\u00dfen, die mich mein ganzes Leben begleitet haben, noch auf der Liste das sympathischen Herren mit der Sense stehen, wird mir ganz schlecht!<br \/>\nZumal die Einschl\u00e4ge in unmittelbaren Umgebung, zeitweise einem Dauerbombardement glei\u00adchen&#8230;<br \/>\nUnd dann muss ich zwischen der Mucke von Andre Williams, auf Dlf-Kultur auch noch vernehmen, was zwischendurch das <a href=\"https:\/\/www.deutschlandfunkkultur.de\/thomas-gottschalks-literatursendung-das-ist-meine-rache-am.1008.de.html?dram:article_id=443932\"><i>s\u00fc\u00dfe Wuschelk\u00f6pfchen<\/i><\/a> abl\u00e4sst, da ist autogenes Training angesagt, um nicht sofort r\u00fcckw\u00e4rts zu essen,,,<br \/>\nWohin sind wir eigentlich abgeglitten, wenn Radio und Fernsehen diesem <i>hartn\u00e4ckigen<\/i> Dauerschw\u00e4tzer die Quotenstange halten, damit die h\u00f6ren- und sehenden Plebse auch wirklich <i>nachhaltig<\/i> verbl\u00f6den k\u00f6nnen. <a href=\"https:\/\/www.glomex.com\/de\/video\/v-bsr8z7zkabzt\/\">Nebenher habe ich Otto nun auch abgehakt<\/a> &#8211; <span style=\"font-size: small;\"><span style=\"font-size: medium;\"><b>(<\/b><\/span><i>Dachte bisher immer, dass f\u00fcr die Vokabel <b>\u201ebest\u00fcrzt\u201c<\/b>, Politiker auf das Copyright bestehen k\u00f6nnen, wenn sie nach irgendwelchen Attentaten usw. ihr Mitgef\u00fchl ausquetschen m\u00fcssen.<\/i><span style=\"font-size: medium;\"><b>)<\/b><\/span><\/span><br \/>\nAbschlie\u00dfend noch etwas vom verbalisierenden Maschinengewehr hiesiger Kulturredakteure: <i>Mir ist so oft das Ende angek\u00fcndigt worden, mein eigenes, und das Ende des Fernsehens im Allgemeinen, dass ich inzwischen an meine Unsterblichkeit glaube.<\/i><br \/>\n<!--more-->Hoffe ja nur, dass jene Aussage des uns\u00e4glichen Abziehbildes eines bundesgermanischen Cassius Clay\u00b4 der gehypten <i>Unterhaltungskunst,<\/i> lediglich ein recht kurzer frommer Wunsch bleibt.<br \/>\nEigentlich bin ich ja zwiegespalten.<br \/>\nM\u00f6chte n\u00e4mlich den Jungs und M\u00e4dels in den ewigen Jagdgr\u00fcnden, nicht unbedingt seine Anwesenheit offerieren. Betrachte es mal positiv, denn auf hiesiger Seite oberhalb der Radieschenwurzeln, kann ich mich noch wehren, falls unverhofft irgendwo in den Medien seine Larve auftaucht. In einer Postille sofort umbl\u00e4ttern, was den Glotzenmonitor betrifft, augenblicklich weiter zappen&#8230;<br \/>\nSolte es mich in n\u00e4chster Zeit erwischen, dann hoffe ich f\u00fcr ihn, dass er noch sehr lange auf der Erdenscheibe herum<i>kulturen<\/i> kann!<\/p>\n","protected":false},"excerpt":{"rendered":"<p>Andre Williams: 10 Essential Tracks From the Soul Great&#8230; Wenn ich daran denke, wie viele Gr\u00f6\u00dfen, die mich mein ganzes Leben begleitet haben, noch auf der Liste das sympathischen Herren mit der Sense stehen, wird mir ganz schlecht! Zumal die Einschl\u00e4ge in unmittelbaren Umgebung, zeitweise einem Dauerbombardement glei\u00adchen&#8230; Und dann muss ich zwischen der Mucke [&hellip;]<\/p>\n","protected":false},"author":6,"featured_media":0,"comment_status":"open","ping_status":"open","sticky":false,"template":"","format":"standard","meta":{"footnotes":""},"categories":[38],"tags":[],"class_list":["post-32576","post","type-post","status-publish","format-standard","hentry","category-in-den-ewigen-jagdgrunden"],"_links":{"self":[{"href":"https:\/\/zonenklaus.de\/wordpress\/index.php?rest_route=\/wp\/v2\/posts\/32576","targetHints":{"allow":["GET"]}}],"collection":[{"href":"https:\/\/zonenklaus.de\/wordpress\/index.php?rest_route=\/wp\/v2\/posts"}],"about":[{"href":"https:\/\/zonenklaus.de\/wordpress\/index.php?rest_route=\/wp\/v2\/types\/post"}],"author":[{"embeddable":true,"href":"https:\/\/zonenklaus.de\/wordpress\/index.php?rest_route=\/wp\/v2\/users\/6"}],"replies":[{"embeddable":true,"href":"https:\/\/zonenklaus.de\/wordpress\/index.php?rest_route=%2Fwp%2Fv2%2Fcomments&post=32576"}],"version-history":[{"count":4,"href":"https:\/\/zonenklaus.de\/wordpress\/index.php?rest_route=\/wp\/v2\/posts\/32576\/revisions"}],"predecessor-version":[{"id":32581,"href":"https:\/\/zonenklaus.de\/wordpress\/index.php?rest_route=\/wp\/v2\/posts\/32576\/revisions\/32581"}],"wp:attachment":[{"href":"https:\/\/zonenklaus.de\/wordpress\/index.php?rest_route=%2Fwp%2Fv2%2Fmedia&parent=32576"}],"wp:term":[{"taxonomy":"category","embeddable":true,"href":"https:\/\/zonenklaus.de\/wordpress\/index.php?rest_route=%2Fwp%2Fv2%2Fcategories&post=32576"},{"taxonomy":"post_tag","embeddable":true,"href":"https:\/\/zonenklaus.de\/wordpress\/index.php?rest_route=%2Fwp%2Fv2%2Ftags&post=32576"}],"curies":[{"name":"wp","href":"https:\/\/api.w.org\/{rel}","templated":true}]}}