{"id":32601,"date":"2019-04-07T22:36:55","date_gmt":"2019-04-07T21:36:55","guid":{"rendered":"http:\/\/zonenklaus.de\/wordpress\/?p=32601"},"modified":"2019-04-09T01:43:42","modified_gmt":"2019-04-09T00:43:42","slug":"mietenwahnsinn-demo-in-berlin","status":"publish","type":"post","link":"https:\/\/zonenklaus.de\/wordpress\/?p=32601","title":{"rendered":"Mietenwahnsinn-Demo in Berlin"},"content":{"rendered":"<p><i><a href=\"https:\/\/www.tagesspiegel.de\/berlin\/mietenwahnsinn-demo-in-berlin-einig-im-protest-gespalten-bei-enteignungen\/24190590.html\">Zehntausende haben in Berlin gegen hohe Mieten protestiert.<\/a> Unter den Demonstranten war Linken-Politikerin Lompscher genauso wie FDP-Generalsekret\u00e4r Czaja<\/i><br \/>\nDachte mir am Samstag, warst ja eine Woche vorher bei einem <a href=\"https:\/\/www.flickr.com\/photos\/zonenklaus\/albums\/72157708022254114\">Spekulantenevent<\/a> und bringst ohne einen Anflug von schlechtem Gewissen, <a href=\"https:\/\/www.flickr.com\/photos\/zonenklaus\/albums\/72157679745930668\">alles wieder in die Waage.<\/a><br \/>\nNun herrschte ja ein Wetter zum Heldenzeugen, also den Finger aus der Perforierung der Sitzwange gezogen und ab zum Protestspaziergang. Latschte allerdings nicht sehr weit mit, da alles \u00fcber dem U-Bahntunnel ablief. Stand ein Weilchen auf einem Stra\u00dfenbaufahrzeug, beobachtete von oben herab die farbigen Missfallensbekundungen. Waren teilweise sehr phantasievolle Darstellungen darunter.<br \/>\nSp\u00e4tabends h\u00e4tte ich dann kotzen k\u00f6nnen, denn <i>TAGESSPITZEL online<\/i> meldete, dass die Neobolschewistin <i>Lompscher <\/i>sich unter ihre Untertanen gemischt hatte, genauso wie der Neoliberaldemokrat der Quittenpartei, Herr <i>Czaja.<\/i><br \/>\nDa t\u00e4tigten solche Marionetten des Kapitals vorgezogenen Wahlk<i>r<\/i>ampf und ich Idiot befinde mich im Rudel als ihr Mitl\u00e4ufer&#8230;<!--more--><br \/>\nIm Moment f\u00e4llt mir zum Thema die Kolumne von Andreas Thiel ein, <a href=\"https:\/\/www.nzz.ch\/feuilleton\/der-totalitarismus-braucht-mitlaeufer-die-demokratie-auch-ld.1465197?mktcid=smsh&amp;mktcval=E-mail\">er lie\u00df sich darin \u00fcber Mitl\u00e4ufer in allen Lebenslagen aus<\/a>. Allerdings muss ich einflie\u00dfen lassen, wir haben unterschiedliche Ansichten zu der Gesellschaftsform, in der wir zuf\u00e4lligerweise herumkrebsen. Dies belegt doch jene momentane Situation auf dem Berliner Wohnungsmarkt, da verscheuern die Sozen das Tafelsilber welches eigentlich dem gemeinen Volke zustand, u.a. tausende Wohnungen f\u00fcr ein Appel und ein Ei. Obwohl alle einen <i>Eid<\/i> gabeln m\u00fcssen, den Laut Berliner Senatorengesetz (\u00a7 4) der regierende Oberdorfschulze und das von ihm ernannte <i>Lohngesindel<\/i> des Senats, medientr\u00e4chtig im Abgeordnetenhaus immer wieder herplappern d\u00fcrfen.<br \/>\nZur Erinnerung, jene <i>Worth\u00fclse<\/i> lautete: <i>Ich schw\u00f6re, mein Amt gerecht und unparteiisch, getreu der Verfassung und den Gesetzen zu f\u00fchren und meine ganze Kraft dem Wohle des Volkes zu widmen.<\/i><br \/>\nWen wundert es eigentlich noch, wenn massenhaft bei den hinters Licht gef\u00fchrten Untertanen sich jenes Gef\u00fchl breitmacht, man bei dem einen oder anderen Volks<i>ver<\/i>treter schlicht die sittliche Reife f\u00fcr sein Handeln vermisst. <i>Er, sie, es,<\/i> m\u00f6glicherweise mit solch simplen Gem\u00fct daherkommen und man ihnen noch nicht mal ann\u00e4herungsweise, irgendwelche unverfrorenen Machenschaften unterstellen kann, da sie offenkundig gar nicht in der Lage sind, den Wortlaut intellektuell irgendwie zu verinnerlichen&#8230;<\/p>\n","protected":false},"excerpt":{"rendered":"<p>Zehntausende haben in Berlin gegen hohe Mieten protestiert. Unter den Demonstranten war Linken-Politikerin Lompscher genauso wie FDP-Generalsekret\u00e4r Czaja Dachte mir am Samstag, warst ja eine Woche vorher bei einem Spekulantenevent und bringst ohne einen Anflug von schlechtem Gewissen, alles wieder in die Waage. Nun herrschte ja ein Wetter zum Heldenzeugen, also den Finger aus der [&hellip;]<\/p>\n","protected":false},"author":6,"featured_media":0,"comment_status":"open","ping_status":"open","sticky":false,"template":"","format":"standard","meta":{"footnotes":""},"categories":[1],"tags":[],"class_list":["post-32601","post","type-post","status-publish","format-standard","hentry","category-allgemeines"],"_links":{"self":[{"href":"https:\/\/zonenklaus.de\/wordpress\/index.php?rest_route=\/wp\/v2\/posts\/32601","targetHints":{"allow":["GET"]}}],"collection":[{"href":"https:\/\/zonenklaus.de\/wordpress\/index.php?rest_route=\/wp\/v2\/posts"}],"about":[{"href":"https:\/\/zonenklaus.de\/wordpress\/index.php?rest_route=\/wp\/v2\/types\/post"}],"author":[{"embeddable":true,"href":"https:\/\/zonenklaus.de\/wordpress\/index.php?rest_route=\/wp\/v2\/users\/6"}],"replies":[{"embeddable":true,"href":"https:\/\/zonenklaus.de\/wordpress\/index.php?rest_route=%2Fwp%2Fv2%2Fcomments&post=32601"}],"version-history":[{"count":3,"href":"https:\/\/zonenklaus.de\/wordpress\/index.php?rest_route=\/wp\/v2\/posts\/32601\/revisions"}],"predecessor-version":[{"id":32604,"href":"https:\/\/zonenklaus.de\/wordpress\/index.php?rest_route=\/wp\/v2\/posts\/32601\/revisions\/32604"}],"wp:attachment":[{"href":"https:\/\/zonenklaus.de\/wordpress\/index.php?rest_route=%2Fwp%2Fv2%2Fmedia&parent=32601"}],"wp:term":[{"taxonomy":"category","embeddable":true,"href":"https:\/\/zonenklaus.de\/wordpress\/index.php?rest_route=%2Fwp%2Fv2%2Fcategories&post=32601"},{"taxonomy":"post_tag","embeddable":true,"href":"https:\/\/zonenklaus.de\/wordpress\/index.php?rest_route=%2Fwp%2Fv2%2Ftags&post=32601"}],"curies":[{"name":"wp","href":"https:\/\/api.w.org\/{rel}","templated":true}]}}