{"id":32690,"date":"2019-05-25T22:38:27","date_gmt":"2019-05-25T21:38:27","guid":{"rendered":"http:\/\/zonenklaus.de\/wordpress\/?p=32690"},"modified":"2019-06-02T07:47:41","modified_gmt":"2019-06-02T06:47:41","slug":"ex-spd-chef-will-nicht-mehr-fuer-den-bundestag-kandidieren","status":"publish","type":"post","link":"https:\/\/zonenklaus.de\/wordpress\/?p=32690","title":{"rendered":"Ex-SPD-Chef will nicht mehr f\u00fcr den Bundestag kandidieren"},"content":{"rendered":"<p>Blases <a href=\"https:\/\/www.tagesspiegel.de\/politik\/sigmar-gabriel-steigt-aus-ex-spd-chef-will-nicht-mehr-fuer-den-bundestag-kandidieren\/24381764.html\">Entschluss<\/a> kommt leider viele Jahre zu sp\u00e4t&#8230;<br \/>\nEigentlich krankte jener hellrote Kleingartenverein von Anbeginn, dies l\u00e4sst sich seit jenen Tagen bereits, an ihrem F\u00fchrungspersonal festmachen.<br \/>\nHerausragende Pers\u00f6nlichkeiten mit F\u00fchrungsqualit\u00e4ten, lie\u00dfen sich immer an den acht Fingern, nebst Daumen, an beiden H\u00e4nden abz\u00e4hlen. Nach Otto Wels kam doch eigentlich nur noch Kurt Schumacher, den man wirklich <i>nachhaltig<\/i> ernst nehmen konnte.<br \/>\nIn den anschlie\u00dfenden Jahrzehnten er\u00fcbrigte sich dann sehr viel.<br \/>\nWill aber nicht alles mies machen, denn im Zustand der Rauschphase III &#8211; Hang zur allgemeinen Verbr\u00fcderung &#8211; lie\u00dfe sich die Ziffer \u201eZehn\u201c sogar noch leicht verdoppeln, aber mehr auch nicht&#8230;<br \/>\nSchon vergessen, wie Blase zuf\u00e4llig in die <a href=\"https:\/\/www.welt.de\/print-welt\/article240003\/Wozu-brauchen-wir-Pop-Beauftragte.html\">Politik rutschte<\/a> und welchen Posten sein zu kurz geratener Spezi vom Maschsee, f\u00fcr ihn kreierte?<br \/>\n<span style=\"font-family: Times New Roman, serif;\">Dann folgte sein rasanter Aufstieg &#8211; <\/span><i>Siggi Top, Siggi Pop, Siggi Flop\u2026<\/i><sup><span style=\"font-family: Times New Roman, serif;\">\u00a9<\/span><\/sup><sup><span style=\"font-family: Times New Roman, serif;\">Oxi<\/span><\/sup><br \/>\nJene Seilschaftenmentalit\u00e4t <b>(<\/b><span style=\"font-size: small;\">Berlin stand dabei immer an vorderster Front!<\/span><b>)<\/b> hat keine Partei so inbr\u00fcnstig kultiviert, wie die ewig nach Kompromissen heischende, fast mal mit einem Touch von <i>Volkspartei <\/i>behaftete Organisation, deren <i>Volksn\u00e4he<\/i> man im Nachhinein, bei den permanent anstehenden Legendenbildungen, nur mit sehr viel Phantasie erkennen k\u00f6nnte&#8230;<br \/>\n<a href=\"https:\/\/www.merkur.de\/politik\/spd-nahles-vor-sturz-aber-gabriel-will-sich-aus-politik-verabschieden-zr-12302384.html\">Und weiterhin wanken alle in gewohnten Bahnen!<\/a><br \/>\nSo einfach ist es gar nicht, im Gegenteil!<br \/>\nSo schert z. B. Genossin Barley vollkommen aus und wird damit \u00fcberhaupt nichts einschneidendes bewegen, auch ihr <em>netter<\/em> m\u00fctterlicher Populismus auf der <a href=\"https:\/\/katarina-barley.spd.de\/\">Heimtatseite<\/a> auch nichts n\u00fctzen.<br \/>\nSo sind sie halt, jene emporstrebenden Probierpolitiker, die schon lange am unstillbare Drang nach multifunktionalen Bet\u00e4tigungsfeldern herumdoktern. Schlie\u00dflich voller Enthusiasmus, wie unb\u00e4ndige Tiger ins Weltverbesserungsmetier jumpen, um dann als Kompetenzsimulanten ein <i>erf\u00fclltes<\/i> Leben zu fristen, aber in letzter Konsequenz irgendwann und irgendwo als Bettvorleger landen&#8230;<br \/>\nMir schon klar, aus welchem Grund sie wahrscheinlich nach h\u00f6heren Weihen strebt, obwohl sie einen verantwortlichen Job innehat, vor deren Ministeriums-T\u00fcr es genug zukehren g\u00e4be.<br \/>\nOffenkundig will Madame endlich auf eigenen F\u00fc\u00dfen stehen, um endlich den vermeintlichen Makel einer vormaligen <i>Quotentante <\/i>loszuwerden.<br \/>\nDies h\u00e4tte sie sich allerdings wesentlich fr\u00fcher \u00fcberlegen sollen, nun wird man ihr, ob der neuerlichen Bestrebungen, anderweitige Befindlichkeit anh\u00e4ngen, die letztlich nichts mit ihren hehren Verk\u00fcndigungen zu tun haben werden und anschlie\u00dfend heftigere Blessuren hinterlassen&#8230;<\/p>\n","protected":false},"excerpt":{"rendered":"<p>Blases Entschluss kommt leider viele Jahre zu sp\u00e4t&#8230; Eigentlich krankte jener hellrote Kleingartenverein von Anbeginn, dies l\u00e4sst sich seit jenen Tagen bereits, an ihrem F\u00fchrungspersonal festmachen. Herausragende Pers\u00f6nlichkeiten mit F\u00fchrungsqualit\u00e4ten, lie\u00dfen sich immer an den acht Fingern, nebst Daumen, an beiden H\u00e4nden abz\u00e4hlen. Nach Otto Wels kam doch eigentlich nur noch Kurt Schumacher, den man [&hellip;]<\/p>\n","protected":false},"author":6,"featured_media":0,"comment_status":"open","ping_status":"open","sticky":false,"template":"","format":"standard","meta":{"footnotes":""},"categories":[1],"tags":[],"class_list":["post-32690","post","type-post","status-publish","format-standard","hentry","category-allgemeines"],"_links":{"self":[{"href":"https:\/\/zonenklaus.de\/wordpress\/index.php?rest_route=\/wp\/v2\/posts\/32690","targetHints":{"allow":["GET"]}}],"collection":[{"href":"https:\/\/zonenklaus.de\/wordpress\/index.php?rest_route=\/wp\/v2\/posts"}],"about":[{"href":"https:\/\/zonenklaus.de\/wordpress\/index.php?rest_route=\/wp\/v2\/types\/post"}],"author":[{"embeddable":true,"href":"https:\/\/zonenklaus.de\/wordpress\/index.php?rest_route=\/wp\/v2\/users\/6"}],"replies":[{"embeddable":true,"href":"https:\/\/zonenklaus.de\/wordpress\/index.php?rest_route=%2Fwp%2Fv2%2Fcomments&post=32690"}],"version-history":[{"count":4,"href":"https:\/\/zonenklaus.de\/wordpress\/index.php?rest_route=\/wp\/v2\/posts\/32690\/revisions"}],"predecessor-version":[{"id":32709,"href":"https:\/\/zonenklaus.de\/wordpress\/index.php?rest_route=\/wp\/v2\/posts\/32690\/revisions\/32709"}],"wp:attachment":[{"href":"https:\/\/zonenklaus.de\/wordpress\/index.php?rest_route=%2Fwp%2Fv2%2Fmedia&parent=32690"}],"wp:term":[{"taxonomy":"category","embeddable":true,"href":"https:\/\/zonenklaus.de\/wordpress\/index.php?rest_route=%2Fwp%2Fv2%2Fcategories&post=32690"},{"taxonomy":"post_tag","embeddable":true,"href":"https:\/\/zonenklaus.de\/wordpress\/index.php?rest_route=%2Fwp%2Fv2%2Ftags&post=32690"}],"curies":[{"name":"wp","href":"https:\/\/api.w.org\/{rel}","templated":true}]}}