{"id":32721,"date":"2019-06-15T22:50:45","date_gmt":"2019-06-15T21:50:45","guid":{"rendered":"http:\/\/zonenklaus.de\/wordpress\/?p=32721"},"modified":"2019-06-17T09:05:00","modified_gmt":"2019-06-17T08:05:00","slug":"wo-sich-im-hiesigen-kiez-baukraene-drehen-sind-sog-investoren-zugange-uncle-scrooge-mcduck-laesst-sardonisch-gruessen","status":"publish","type":"post","link":"https:\/\/zonenklaus.de\/wordpress\/?p=32721","title":{"rendered":"Wo sich im hiesigen Kiez Baukr\u00e4ne drehen, sind sog. Investoren(*) zugange, Uncle Scrooge McDuck l\u00e4sst sardonisch gr\u00fc\u00dfen&#8230;"},"content":{"rendered":"<p><a href=\"http:\/\/zonenklaus.de\/wordpress\/?attachment_id=32722\" rel=\"attachment wp-att-32722\"><img loading=\"lazy\" decoding=\"async\" class=\"alignleft size-thumbnail wp-image-32722\" src=\"http:\/\/zonenklaus.de\/wordpress\/wp-content\/uploads\/2019\/06\/BW2-69x150.jpg\" alt=\"\" width=\"69\" height=\"150\" srcset=\"https:\/\/zonenklaus.de\/wordpress\/wp-content\/uploads\/2019\/06\/BW2-69x150.jpg 69w, https:\/\/zonenklaus.de\/wordpress\/wp-content\/uploads\/2019\/06\/BW2-137x300.jpg 137w, https:\/\/zonenklaus.de\/wordpress\/wp-content\/uploads\/2019\/06\/BW2-469x1024.jpg 469w, https:\/\/zonenklaus.de\/wordpress\/wp-content\/uploads\/2019\/06\/BW2.jpg 537w\" sizes=\"auto, (max-width: 69px) 100vw, 69px\" \/><\/a><br \/>\n<a href=\"https:\/\/www.heinrich-tischner.de\/22-sp\/2wo\/wort\/idg\/deutsch\/t\/tor%20m.htm\"><strong>(*)<\/strong><\/a><br \/>\nBei der Grundfl\u00e4che und dem Kaufpreis kommt man auf einen Quadratmeter f\u00fcr 12.643 Euronen. Da fehlt aber noch die Provision, au\u00dferdem munkelt man, dass der Stellplatz f\u00fcr den rollenden Nobel-Stinker noch extra 60.000 kostet&#8230;<\/p>\n<p><a href=\"http:\/\/zonenklaus.de\/wordpress\/?attachment_id=32729\" rel=\"attachment wp-att-32729\"><img loading=\"lazy\" decoding=\"async\" class=\"alignleft size-thumbnail wp-image-32729\" src=\"http:\/\/zonenklaus.de\/wordpress\/wp-content\/uploads\/2019\/06\/IMG_20190617_0001\u00e4-150x133.jpg\" alt=\"\" width=\"150\" height=\"133\" srcset=\"https:\/\/zonenklaus.de\/wordpress\/wp-content\/uploads\/2019\/06\/IMG_20190617_0001\u00e4-150x133.jpg 150w, https:\/\/zonenklaus.de\/wordpress\/wp-content\/uploads\/2019\/06\/IMG_20190617_0001\u00e4-300x267.jpg 300w, https:\/\/zonenklaus.de\/wordpress\/wp-content\/uploads\/2019\/06\/IMG_20190617_0001\u00e4-624x555.jpg 624w, https:\/\/zonenklaus.de\/wordpress\/wp-content\/uploads\/2019\/06\/IMG_20190617_0001\u00e4.jpg 758w\" sizes=\"auto, (max-width: 150px) 100vw, 150px\" \/><\/a><a href=\"http:\/\/zonenklaus.de\/wordpress\/?attachment_id=32723\" rel=\"attachment wp-att-32723\"><img loading=\"lazy\" decoding=\"async\" class=\"alignleft size-thumbnail wp-image-32723\" src=\"http:\/\/zonenklaus.de\/wordpress\/wp-content\/uploads\/2019\/06\/bw1-70x150.jpg\" alt=\"\" width=\"70\" height=\"150\" srcset=\"https:\/\/zonenklaus.de\/wordpress\/wp-content\/uploads\/2019\/06\/bw1-70x150.jpg 70w, https:\/\/zonenklaus.de\/wordpress\/wp-content\/uploads\/2019\/06\/bw1-139x300.jpg 139w, https:\/\/zonenklaus.de\/wordpress\/wp-content\/uploads\/2019\/06\/bw1-475x1024.jpg 475w, https:\/\/zonenklaus.de\/wordpress\/wp-content\/uploads\/2019\/06\/bw1.jpg 545w\" sizes=\"auto, (max-width: 70px) 100vw, 70px\" \/><\/a><\/p>\n<p>&nbsp;<\/p>\n<p>Hiesige Grundfl\u00e4chen sind etwas <i>billiger<\/i> &#8211; der Quadratmeterpreis liegt bei 7.916 Euronen plus&#8230;<\/p>\n<p>&nbsp;<\/p>\n<p>&#8211; TAGESSPITZEL &#8211; KAUFIMMOBILIEN, Samstag, 13. Juno 2019<br \/>\nDer Bezug solcher Luxus-Fickzellen ist verbunden mit einer Gentrifizierung erster G\u00fcte!<br \/>\nWas sich da f\u00fcr ein respektloses und ungebildetes Neureichen-Pack breitmachen wird, massenhaft mit Diplomen und Titeln behangene allgegenw\u00e4rtig gehypte Kompetenzsimulanten darunter&#8230;<br \/>\nHier noch eine Erkl\u00e4rung zur <a href=\"http:\/\/www.bpb.de\/politik\/innenpolitik\/stadt-und-gesellschaft\/216871\/gentrifizierung-ursachen-formen-und-folgen?p=all\">GENTRIFIZIERUNG<\/a>, von Witzbolden aus der <i>Bundeszentrale f\u00fcr \u201epolitische Bildung\u201c<\/i>!<i> <\/i><\/p>\n","protected":false},"excerpt":{"rendered":"<p>(*) Bei der Grundfl\u00e4che und dem Kaufpreis kommt man auf einen Quadratmeter f\u00fcr 12.643 Euronen. Da fehlt aber noch die Provision, au\u00dferdem munkelt man, dass der Stellplatz f\u00fcr den rollenden Nobel-Stinker noch extra 60.000 kostet&#8230; &nbsp; Hiesige Grundfl\u00e4chen sind etwas billiger &#8211; der Quadratmeterpreis liegt bei 7.916 Euronen plus&#8230; &nbsp; &#8211; TAGESSPITZEL &#8211; KAUFIMMOBILIEN, Samstag, [&hellip;]<\/p>\n","protected":false},"author":6,"featured_media":0,"comment_status":"open","ping_status":"open","sticky":false,"template":"","format":"standard","meta":{"footnotes":""},"categories":[55],"tags":[],"class_list":["post-32721","post","type-post","status-publish","format-standard","hentry","category-alltaeglicher-wahnwitz"],"_links":{"self":[{"href":"https:\/\/zonenklaus.de\/wordpress\/index.php?rest_route=\/wp\/v2\/posts\/32721","targetHints":{"allow":["GET"]}}],"collection":[{"href":"https:\/\/zonenklaus.de\/wordpress\/index.php?rest_route=\/wp\/v2\/posts"}],"about":[{"href":"https:\/\/zonenklaus.de\/wordpress\/index.php?rest_route=\/wp\/v2\/types\/post"}],"author":[{"embeddable":true,"href":"https:\/\/zonenklaus.de\/wordpress\/index.php?rest_route=\/wp\/v2\/users\/6"}],"replies":[{"embeddable":true,"href":"https:\/\/zonenklaus.de\/wordpress\/index.php?rest_route=%2Fwp%2Fv2%2Fcomments&post=32721"}],"version-history":[{"count":6,"href":"https:\/\/zonenklaus.de\/wordpress\/index.php?rest_route=\/wp\/v2\/posts\/32721\/revisions"}],"predecessor-version":[{"id":32731,"href":"https:\/\/zonenklaus.de\/wordpress\/index.php?rest_route=\/wp\/v2\/posts\/32721\/revisions\/32731"}],"wp:attachment":[{"href":"https:\/\/zonenklaus.de\/wordpress\/index.php?rest_route=%2Fwp%2Fv2%2Fmedia&parent=32721"}],"wp:term":[{"taxonomy":"category","embeddable":true,"href":"https:\/\/zonenklaus.de\/wordpress\/index.php?rest_route=%2Fwp%2Fv2%2Fcategories&post=32721"},{"taxonomy":"post_tag","embeddable":true,"href":"https:\/\/zonenklaus.de\/wordpress\/index.php?rest_route=%2Fwp%2Fv2%2Ftags&post=32721"}],"curies":[{"name":"wp","href":"https:\/\/api.w.org\/{rel}","templated":true}]}}