{"id":32775,"date":"2019-07-01T22:13:55","date_gmt":"2019-07-01T21:13:55","guid":{"rendered":"http:\/\/zonenklaus.de\/wordpress\/?p=32775"},"modified":"2019-07-02T09:04:38","modified_gmt":"2019-07-02T08:04:38","slug":"guillermo-mordillo-geht-seit-vergangenen-samstag-nicht-mehr-einkaufen","status":"publish","type":"post","link":"https:\/\/zonenklaus.de\/wordpress\/?p=32775","title":{"rendered":"Guillermo Mordillo geht seit vergangenen Samstag nicht mehr einkaufen"},"content":{"rendered":"<p>Letzte Woche lieh mir ein Nachbar <a href=\"https:\/\/www.mdr.de\/kultur\/themen\/feature-henry-buettner-100.html\">Henry B\u00fcttner<\/a>s: <a href=\"https:\/\/sites.google.com\/a\/ecumer.space\/sunitamanjula\/henry-buttner-bravo-da-capo\"><i><b>Bravo, Da Capo<\/b><\/i><\/a><i>! &#8211; Karikaturen rund um die Musik. <\/i>Als gelernter Wessi hatte V., w\u00e4hrend eines entsprechenden Stichwortes, jenen ostdeutschen Zeichner-Philosophen, <i>den Meister des kargen Strichs, der leisen Satire und des melancholischen Humors <\/i>kennen gelernt, dann sofort dieses B\u00fcchlein geordert und ist von ihm schwer begeistert.<br \/>\nZu meinen Zonenzeiten fiel H.B. mir nebenher im Eulenspiegel auf. Eigentlich interessierte mich an der Eulen-Postille, <i>die Zeitweise auch als B\u00fcckware firmierte<\/i>, lediglich das R\u00e4tsel&#8230;<br \/>\n<a href=\"https:\/\/www.sueddeutsche.de\/kultur\/mordillo-tot-knollennasen-1.4506803\">Mordillo<\/a> war als Humorzeichner (so sah sich auch B\u00fcttner) noch einen Zacken sch\u00e4rfer, weil er seinen Fans eine gestrichelt\/kolorierten Kunstform offerierte, im sehr verst\u00e4ndliche <i>Esperanto<\/i> ohne jegliche Worte!<br \/>\nMordillo\u00b4s Werk kann als <a href=\"https:\/\/mordillo.com\/\">DER Beleg<\/a> gelten, dass es keiner Worte bedarf, wenn man seine Beobachtungen, auch vom allt\u00e4glichen Unbill, entsprechend darstellt!<br \/>\nDanke gro\u00dfer Maestro!<br \/>\nMuss allerdings abschlie\u00dfend noch zwei Gedanke in den Ring werfen.<br \/>\nSoviel mir bekannt ist, war es Loriot, welcher die Knollennasen salonf\u00e4hig machte. Auch bei ihm handelte sich bekanntlich um einen Weltb\u00fcrger, deshalb hatte er sicher auch nie einen Prozess angestrebt, wegen irgendwelcher kleinkarierten Copyright-Ehrenh\u00e4ndeleien.<br \/>\nNoch urkomischer erschienen Mordillo\u00b4s Geschichten immer nach dem Genuss von bewusstseinserweiternden Leckerlis&#8230;<!--more--><\/p>\n<p>Bin abschlie\u00dfend noch in der Realit\u00e4t gelandet, muss hierf\u00fcr das <a href=\"https:\/\/www.zdf.de\/nachrichten\/heute-journal\/heute-journal-vom-1-juli-2019-100.html\"><i>heute journal vom 01.07.2019<\/i><\/a> heranziehen! Manfred Weber, EVP-Fraktionsvorsitzender versucht sich da in der Rolle eines r\u00fchrig dampfplaudernden Antipoden von Mordillo, allerdings Lichtjahre von dessen Mentalit\u00e4t entfernt &#8211; dabei unentwegt eckige Sprechblasen implodieren lassen.<br \/>\nFragte mich vorher bereits, und dies nicht erst seit heute, was soll eigentlich diese verbale D\u00fcnnschi\u00dfquirlerei? Noch dazu krampfhaft versehen mit einer verquasten demokraturischen Makulatur auf W\u00fchltischniveau und ohne einen erkennbaren geistigen N\u00e4hrwert?<br \/>\nDa ist jener bayerische Christ<i>sozialist <\/i>von einer ungeahnten H\u00f6he abgeschmiert, hat sich dabei irreparable Blessuren f\u00fcr den Rest seines <i>Abgeordnetendaseins<\/i> zugezogen, trotzdem macht er frisch frei und fr\u00f6hlich weiter, als ob nichts geschehen ist. Egal welches Trostquotenpl\u00e4tzchen man ihm nun noch anbietet, der Mann ist verbrannt und durchweg unglaubw\u00fcrdig, wobei man seinen aussichtslosen K r ampf absolut nichts positives abgewinnen kann. Will zu seiner Wertauffassung keine weiteren Betrachtungen ablassen. Wes Geistes Kind dabei zum Vorscheinen kommt, kann sich jeder selbst zusammenbasteln.<br \/>\nStelle mir gerade vor, wie diese Nacht der langen Messer in Br\u00fcssel ablaufen wird &#8211; dazu geh\u00f6ren der nachhaltige Einsatz von Zuckerbrot und Peitsche, wie F\u00fcllh\u00f6rner mit viel Bakschisch entleeren, Erpressungen, intrigantem Ringelpiez mit Anfassen, um dann morgen den vielen Untertanen ein konstruktives Eiapopeia vorzuspielen, wobei sich dann alle als Sieger pr\u00e4sentieren d\u00fcrfen.<br \/>\nWird dies anschlie\u00dfend wieder ein fr\u00f6hliches Friede Freude Eierkuchen, vornweg darf dann die Zitteraal<em>in<\/em><strong>*<\/strong> mit ihrer schrulligen Fingerfotze den fulminant Triumph verk\u00fcnden.<br \/>\nNebenher kann sich jeder vom rechten Rand ein zweites Loch in seinen Arsch freuen, denn ohne eigenes Zutun wurde eine weitere Steilvorlage get\u00e4tigt, weitere werden gleich anschlie\u00dfend folgen&#8230;<\/p>\n<p><strong>*<\/strong><b>(<\/b><span style=\"font-size: xx-small;\">Ein Bekannter meinte, ich solle in dem Fall mal wieder etwas <\/span><span style=\"font-size: xx-small;\"><i>politisch korrekte Verbalhurerei<\/i><\/span><span style=\"font-size: xx-small;\"> betreiben!<\/span><b>)<\/b><\/p>\n","protected":false},"excerpt":{"rendered":"<p>Letzte Woche lieh mir ein Nachbar Henry B\u00fcttners: Bravo, Da Capo! &#8211; Karikaturen rund um die Musik. Als gelernter Wessi hatte V., w\u00e4hrend eines entsprechenden Stichwortes, jenen ostdeutschen Zeichner-Philosophen, den Meister des kargen Strichs, der leisen Satire und des melancholischen Humors kennen gelernt, dann sofort dieses B\u00fcchlein geordert und ist von ihm schwer begeistert. Zu [&hellip;]<\/p>\n","protected":false},"author":6,"featured_media":0,"comment_status":"open","ping_status":"open","sticky":false,"template":"","format":"standard","meta":{"footnotes":""},"categories":[55],"tags":[],"class_list":["post-32775","post","type-post","status-publish","format-standard","hentry","category-alltaeglicher-wahnwitz"],"_links":{"self":[{"href":"https:\/\/zonenklaus.de\/wordpress\/index.php?rest_route=\/wp\/v2\/posts\/32775","targetHints":{"allow":["GET"]}}],"collection":[{"href":"https:\/\/zonenklaus.de\/wordpress\/index.php?rest_route=\/wp\/v2\/posts"}],"about":[{"href":"https:\/\/zonenklaus.de\/wordpress\/index.php?rest_route=\/wp\/v2\/types\/post"}],"author":[{"embeddable":true,"href":"https:\/\/zonenklaus.de\/wordpress\/index.php?rest_route=\/wp\/v2\/users\/6"}],"replies":[{"embeddable":true,"href":"https:\/\/zonenklaus.de\/wordpress\/index.php?rest_route=%2Fwp%2Fv2%2Fcomments&post=32775"}],"version-history":[{"count":3,"href":"https:\/\/zonenklaus.de\/wordpress\/index.php?rest_route=\/wp\/v2\/posts\/32775\/revisions"}],"predecessor-version":[{"id":32778,"href":"https:\/\/zonenklaus.de\/wordpress\/index.php?rest_route=\/wp\/v2\/posts\/32775\/revisions\/32778"}],"wp:attachment":[{"href":"https:\/\/zonenklaus.de\/wordpress\/index.php?rest_route=%2Fwp%2Fv2%2Fmedia&parent=32775"}],"wp:term":[{"taxonomy":"category","embeddable":true,"href":"https:\/\/zonenklaus.de\/wordpress\/index.php?rest_route=%2Fwp%2Fv2%2Fcategories&post=32775"},{"taxonomy":"post_tag","embeddable":true,"href":"https:\/\/zonenklaus.de\/wordpress\/index.php?rest_route=%2Fwp%2Fv2%2Ftags&post=32775"}],"curies":[{"name":"wp","href":"https:\/\/api.w.org\/{rel}","templated":true}]}}