{"id":32785,"date":"2019-07-03T22:31:13","date_gmt":"2019-07-03T21:31:13","guid":{"rendered":"http:\/\/zonenklaus.de\/wordpress\/?p=32785"},"modified":"2019-07-04T01:44:36","modified_gmt":"2019-07-04T00:44:36","slug":"ueberwaeltigt-und-dankbar-von-der-leyen-besucht-strassburg","status":"publish","type":"post","link":"https:\/\/zonenklaus.de\/wordpress\/?p=32785","title":{"rendered":"&#8220;\u00dcberw\u00e4ltigt und dankbar&#8221; \u2013 von der Leyen besucht Stra\u00dfburg"},"content":{"rendered":"<p><a href=\"https:\/\/www.tagesspiegel.de\/politik\/newsblog-zur-eu-postensuche-ueberwaeltigt-und-dankbar-von-der-leyen-besucht-strassburg\/24518728.html\">Newsblog zur EU-Postensuche<\/a><br \/>\n<strong>&#8211; <\/strong>Geleitworte:<i> Jene folgenden drei erw\u00e4hnte Leutchen muss man absolut nicht kennen, Namen sind bekanntlich Rauch! <\/i><br \/>\n<a href=\"http:\/\/zonenklaus.de\/wordpress\/?attachment_id=32786\" rel=\"attachment wp-att-32786\"><img loading=\"lazy\" decoding=\"async\" class=\"alignleft size-thumbnail wp-image-32786\" src=\"http:\/\/zonenklaus.de\/wordpress\/wp-content\/uploads\/2019\/07\/Gottsched-95x150.jpg\" alt=\"\" width=\"95\" height=\"150\" srcset=\"https:\/\/zonenklaus.de\/wordpress\/wp-content\/uploads\/2019\/07\/Gottsched-95x150.jpg 95w, https:\/\/zonenklaus.de\/wordpress\/wp-content\/uploads\/2019\/07\/Gottsched-189x300.jpg 189w, https:\/\/zonenklaus.de\/wordpress\/wp-content\/uploads\/2019\/07\/Gottsched-624x988.jpg 624w, https:\/\/zonenklaus.de\/wordpress\/wp-content\/uploads\/2019\/07\/Gottsched.jpg 641w\" sizes=\"auto, (max-width: 95px) 100vw, 95px\" \/><\/a>Auf dem Nachhauseweg zog ich mir etwas aus dem Hause Rowohlt ein, analog nat\u00fcrlich. Wobei mir in der U-Bahn ein Haufen digitale Verbalwixer m\u00e4chtig auf den Sack gingen!<br \/>\nDie witzige Dichtung stammt aus der Feder von <i>F. R. L. von Canitz,<\/i> er bezieht sich dabei auf <i>Virgil&#8230;<\/i><br \/>\n<a href=\"http:\/\/zonenklaus.de\/wordpress\/?attachment_id=32787\" rel=\"attachment wp-att-32787\"><img loading=\"lazy\" decoding=\"async\" class=\"alignleft size-thumbnail wp-image-32787\" src=\"http:\/\/zonenklaus.de\/wordpress\/wp-content\/uploads\/2019\/07\/Virgil-150x53.jpg\" alt=\"\" width=\"150\" height=\"53\" srcset=\"https:\/\/zonenklaus.de\/wordpress\/wp-content\/uploads\/2019\/07\/Virgil-150x53.jpg 150w, https:\/\/zonenklaus.de\/wordpress\/wp-content\/uploads\/2019\/07\/Virgil-300x106.jpg 300w, https:\/\/zonenklaus.de\/wordpress\/wp-content\/uploads\/2019\/07\/Virgil-768x272.jpg 768w, https:\/\/zonenklaus.de\/wordpress\/wp-content\/uploads\/2019\/07\/Virgil-624x221.jpg 624w, https:\/\/zonenklaus.de\/wordpress\/wp-content\/uploads\/2019\/07\/Virgil.jpg 927w\" sizes=\"auto, (max-width: 150px) 100vw, 150px\" \/><\/a>Der Text ist lediglich recht witzig und bezieht sich auf das folgende Geschreibsel.<\/p>\n<p>Wusste bis bis dato allerdings nicht, dass die 20 Uhr-Nachrichten mir etwas <i>P<\/i>ildun<i>k<\/i> nahe brachten, daf\u00fcr sorgten <i>nachhaltige<\/i> Worth\u00fclsen von Politiker und Moderatoren zu Beginn der Sendung. Hatte bisher n\u00e4mlich die Geisteshaltung vieler hiesiger, mir vorgesetzt bekommender Volks<i>ver<\/i>treter und deren ungemeine Wichtigkeit, mit der sie uneigenn\u00fctzig ihre Positionen versinnbildlichen, wirklich total verpennt!<br \/>\nAlles drehte sich anfangs um Uschi Trude v. d. Leyen, bisher von mir unbemerkt, wird sie pl\u00f6tzlich als der gr\u00f6\u00dfte, noch lebende Multifunktionspolitiker angepriesen.<br \/>\nWow!<br \/>\nWitzigerweise tr\u00e4gt sie mir ihrer recht infantil anmutenden Manier dazu bei, dass die Reste einer schon lange deformierten und recht konturlosen <i>EU-Demokratur<\/i> schnell verdunsten werden.<br \/>\nBei jenem Dominoeffekt spielen die bundesgermanischen Sozen, was ihre weitere Demontage betrifft, in der ersten Liga. Meine damit ihre pathologisch ausgepr\u00e4gte Umfallermentalit\u00e4t! Gro\u00dfm\u00e4ulig, nach Schulz &amp; Nahles Rezeptur stellten sie sich wiedermal auf ihre Hinterbeine &#8211; mehr so in eine langsam umzuwandelnde Sprungposition, um pl\u00f6tzlich ihre Kackst\u00e4nder wieder einzuknicken, weil dann die optimale Reuekriechtour erfolgt.<br \/>\nWas bereits l\u00e4ngere Zeit von den mittlerweile verfilzten Seilschaften der Politmumien, in Stra\u00dfburg und Br\u00fcssel veranstaltet wird, hat der jungen Genration immer noch nicht ihre, vom iPhone-Datteln entz\u00fcndeten Sehschlitze ge\u00f6ffnet. Mit der angesagten Aktion werden n\u00e4mlich Schleusen ge\u00f6ffnet, deren anschlie\u00dfend etablierten Umst\u00e4nde auch in Jahrzehnten nicht mehr korrigierbar sein werden. Auch nicht mit kurzzeitigen Aktionen, \u00e4hnlich des derzeitigen <a href=\"https:\/\/www.bild.de\/politik\/ausland\/politik-ausland\/hongkong-proteste-eskalieren-parlament-gestuermt-polizei-geht-gegen-proteste-vor-63011044.bild.html\">Hong-Kong-Movements.<\/a>..<!--more--><br \/>\n<a href=\"https:\/\/www.tagesspiegel.de\/politik\/postenpoker-in-bruessel-und-berlin-wer-folgt-auf-von-der-leyen-im-verteidigungsministerium\/24521550.html\">Wer folgt auf von der Leyen im Verteidigungsministerium?<\/a><br \/>\nDa m\u00e4andert der B\u00e4r noch in der Weltgeschichte herum und schon wird gepokert, wer sich demn\u00e4chst dessen Fell umh\u00e4ngen darf.<br \/>\nWer da so alles im Gespr\u00e4ch ist, eigentlich alles unterschiedslose Imitation der Vorg\u00e4ngerin.<br \/>\nVielleicht m\u00f6chten ja ganze Bev\u00f6lkerungsteile mal ganz andere Leute dort sehen.<br \/>\nWie w\u00e4re es z.B. mit <i>Boris Becker <\/i>oder den <i>Lindenberg<\/i>? Als Quotentanten w\u00fcrden sich die <i>Katzenberger <\/i>und <i>Thomalla<\/i> gut machen, sie w\u00fcrden mit ihren Kurven sogar die jetzige Nochministerin ausstechen. Als Neuerung k\u00f6nnte doch eine Doppelspitze agieren, da fallen mir nur die <i>Geissens<\/i> ein!<br \/>\nM\u00f6chte abschlie\u00dfend noch was ablassen, es betrifft Leyens <a href=\"https:\/\/www.zeit.de\/politik\/ausland\/2013-12\/von_der_leyen-afghanistan-besuch\">Lernf\u00e4higkeit<\/a>. Sie d\u00f6nste vor sechs Jahren herum:<br \/>\n&#8230;<i>einen ersten Einblick in die Lebenswelt&#8221; bekommen zu haben. Das sei doch etwas ganz anderes, als das in der Theorie zu erfahren: &#8220;Jetzt gilt es in die Tiefe einzusteigen&#8221;, mehr noch: &#8220;Ich wei\u00df, dass ich noch viel zu lernen habe.&#8221; <\/i><br \/>\nMir kommt die Vermutung hoch, dass Madame nicht viel gelernt hat und nun begibt sie sich wieder auf vollkommen unbekanntes Terrain &#8211; <i>will sicher wieder lernen! <\/i><br \/>\nIn dem Zustand, wie der ehemalige Verteidigungsministerlehrling ihren Laden hinterlassen will, da scheint es mit der Lernbereitschaft nicht weither gewesen zu sein&#8230;<br \/>\nUnd im angedachten neuen Job will sie scheinbar wieder mit der Mentalit\u00e4t eines unbedarften Stiftes beginnen, icke wee\u00df nich&#8230;<\/p>\n","protected":false},"excerpt":{"rendered":"<p>Newsblog zur EU-Postensuche &#8211; Geleitworte: Jene folgenden drei erw\u00e4hnte Leutchen muss man absolut nicht kennen, Namen sind bekanntlich Rauch! Auf dem Nachhauseweg zog ich mir etwas aus dem Hause Rowohlt ein, analog nat\u00fcrlich. Wobei mir in der U-Bahn ein Haufen digitale Verbalwixer m\u00e4chtig auf den Sack gingen! Die witzige Dichtung stammt aus der Feder von [&hellip;]<\/p>\n","protected":false},"author":6,"featured_media":0,"comment_status":"open","ping_status":"open","sticky":false,"template":"","format":"standard","meta":{"footnotes":""},"categories":[1,55],"tags":[],"class_list":["post-32785","post","type-post","status-publish","format-standard","hentry","category-allgemeines","category-alltaeglicher-wahnwitz"],"_links":{"self":[{"href":"https:\/\/zonenklaus.de\/wordpress\/index.php?rest_route=\/wp\/v2\/posts\/32785","targetHints":{"allow":["GET"]}}],"collection":[{"href":"https:\/\/zonenklaus.de\/wordpress\/index.php?rest_route=\/wp\/v2\/posts"}],"about":[{"href":"https:\/\/zonenklaus.de\/wordpress\/index.php?rest_route=\/wp\/v2\/types\/post"}],"author":[{"embeddable":true,"href":"https:\/\/zonenklaus.de\/wordpress\/index.php?rest_route=\/wp\/v2\/users\/6"}],"replies":[{"embeddable":true,"href":"https:\/\/zonenklaus.de\/wordpress\/index.php?rest_route=%2Fwp%2Fv2%2Fcomments&post=32785"}],"version-history":[{"count":2,"href":"https:\/\/zonenklaus.de\/wordpress\/index.php?rest_route=\/wp\/v2\/posts\/32785\/revisions"}],"predecessor-version":[{"id":32789,"href":"https:\/\/zonenklaus.de\/wordpress\/index.php?rest_route=\/wp\/v2\/posts\/32785\/revisions\/32789"}],"wp:attachment":[{"href":"https:\/\/zonenklaus.de\/wordpress\/index.php?rest_route=%2Fwp%2Fv2%2Fmedia&parent=32785"}],"wp:term":[{"taxonomy":"category","embeddable":true,"href":"https:\/\/zonenklaus.de\/wordpress\/index.php?rest_route=%2Fwp%2Fv2%2Fcategories&post=32785"},{"taxonomy":"post_tag","embeddable":true,"href":"https:\/\/zonenklaus.de\/wordpress\/index.php?rest_route=%2Fwp%2Fv2%2Ftags&post=32785"}],"curies":[{"name":"wp","href":"https:\/\/api.w.org\/{rel}","templated":true}]}}