{"id":32821,"date":"2019-07-16T23:39:13","date_gmt":"2019-07-16T22:39:13","guid":{"rendered":"http:\/\/zonenklaus.de\/wordpress\/?p=32821"},"modified":"2024-05-15T09:24:30","modified_gmt":"2024-05-15T08:24:30","slug":"uschi-trude-von-der-leyen-hat-fertig-und-wurde-mit-grosser-mehrheit-gewaehlt","status":"publish","type":"post","link":"https:\/\/zonenklaus.de\/wordpress\/?p=32821","title":{"rendered":"Uschi Trude von der L a i en &#8220;hat fertig&#8221; &#038; wurde mit \u201egro\u00dfer Mehrheit gew\u00e4hlt\u201c&#8230;"},"content":{"rendered":"<p>Dachte in dem Moment, als der Kommentator irgendwann nachschob, mit lediglich <i>neun<\/i> Stimmen mehr, als sie ben\u00f6tigte &#8211; eigentlich waren es sogar acht zu viel &#8211; daraus machte diese Gef\u00e4lligkeitsmedienpfeife eine gro\u00dfe Mehrheit!<br \/>\nF\u00fcr wie dusselig werden WIR Untertanen*<sup><b>INNEN usw.<\/b><\/sup> eigentlich verkauft?<br \/>\nSie musste von aktuell 747 Mandatstr\u00e4ger*<sup><b>INNEN <\/b><\/sup><sup>usw. <\/sup>, 374 Ja-Stimmen einsacken.<br \/>\nWobei laut Statistik 733 Leute*<sup><b>INNEN usw.<\/b><\/sup> als Wahlteilnehmer*<sup><b>INNEN usw. <\/b><\/sup>anwesend waren, von denen gerade mal <b>383 <\/b><b>Abgeordnete*<\/b><sup><b>INNEN usw.<\/b><\/sup><b> <\/b>ihr Wohlwollen bekundeten. <b>327 Abgeord\u00adnete*<\/b><sup><b>INNEN usw<\/b><\/sup><sup>. <\/sup>stimmten mit Nein, <b>23 Abgeordnete*<\/b><sup><b>INNEN usw.<\/b><\/sup> enthielten sich und jemand*<sup><b>IN usw.<\/b><\/sup>, enthielt sich schn\u00f6de.<br \/>\nWie der<a href=\"https:\/\/de.statista.com\/statistik\/daten\/studie\/1028785\/umfrage\/ergebnis-der-wahl-von-ursula-von-der-leyen-zur-eu-kommissionspraesidentin\/\"> statistische Zahlensalat<\/a> zustande kommt, wird mir nicht ganz klar, geht mir aber schlicht an meinen Sitzwangen vorbei.<br \/>\n<i><a href=\"https:\/\/www.focus.de\/politik\/ausland\/zeitplan-stimmungslage-prognosen-von-der-leyen-will-europaeischen-top-job-der-grosse-ueberblick-zur-schicksalswahl_id_10926941.html\">Die SPD ist wegen von der Leyens<\/a> \u00fcberraschender Nominierung aufgebracht, weil dies dem Wunsch des Parlaments widerspricht, nur einen Spitzenkandidaten zur Europawahl zum Kommissionschef zu k\u00fcren. Die Bef\u00fcrworter dieses Spitzenkandidaten-Prinzips sehen die Demokratie besch\u00e4digt und den W\u00e4hlerwillen missachtet. Damit ist das Tauziehen auch ein Machtkampf zwischen Rat und Parlament um Einfluss auf die Besetzung der Top-Jobs in Br\u00fcssel und die k\u00fcnftige politische Linie der EU. <\/i><b>&#8211; <\/b>Finde ich ganz sch\u00f6n verwegen, wenn jemand k\u00fcnftig eine politische Linie in der EU erahnen m\u00f6chte. Entweder handelt es sich bei solch einem hoffnungsfrohen Zeitgenossen nebst sehr ausgepr\u00e4gten infantilen sonnigem Gem\u00fct, um einen Berufsoptimisten oder er huldigt ewigen Zweckpessimismus&#8230;<!--more--><br \/>\n<i>Auch innerhalb der SPD w\u00e4chst die Zahl derer, die sich f\u00fcr ein Ende der Blockadehaltung aussprechen, etwa der fr\u00fchere SPD-Politiker Otto Schily. Er wusch seinen Genossen den Kopf, weil sie \u201eeine hochkompetente, intelligente, welterfahrene Politikerin\u201c ablehnen.<\/i><br \/>\nOtti ist auch nie in der Lage gewesen, seinen vermeintlichen Hang zum Renegatentum, wenigstens im hohen Alter etwas zu verbergen, wenn ihm die k\u00fcnftige Wagenlenkerin solch eine EU-Fee erscheint, hat bestimmt nichts mit Altersweisheit zu tun, geht wohl mehr in Richtung des aufkommenden Starrsinns, im Angesicht der Urne&#8230;<br \/>\nJedem Tierchen sein Pl\u00e4sierchen!<br \/>\nZumindest kann man der <i>hochkompetenten, intelligenten, welterfahrenen Politikerin, <\/i>eins nicht absprechen, zumindest hat sie multilingual vielen Anwesenden, mit ihren Beschwichtigungsnotwahrheiten, genug Honig ums Maul geschmiert, dass sie demn\u00e4chst in ungeahnten Sph\u00e4ren schweben darf. Es wird damit beginnen, wenn US-Pr\u00e4sident Donald Trump die k\u00fcnftige EU-F\u00fchrerin mit Twitterk\u00fcsschen \u00fcberh\u00e4ufen wird, sie nat\u00fcrlich als <i>neue Freundin <\/i>auserw\u00e4hlt und Chinas Xi Jinping der blonden <i>Langnase <\/i>\u00e4hnlich Offerten zukommen l\u00e4sst&#8230;<br \/>\n<b>&#8211; <\/b>Gott nochmal, wie soll man in den kommenden f\u00fcnf Jahren, dieses demn\u00e4chst anstehende <i>scheindemokraturische<\/i> Prozedere, \u00fcberhaupt benennen? Weil sich der<i> Gernegro\u00df <\/i>aus dem Nachbarland, anl\u00e4sslich ihrer Nominierung mit hinein hing, gegebenenfalls unter dem Begriff <i>Merdokratie <\/i>firmieren?<i> <\/i><span style=\"font-family: Times New Roman, serif;\"><span style=\"font-size: small;\"><b>{<\/b><\/span><\/span><span style=\"font-size: small;\"><i>Aus merde <\/i><\/span><span style=\"font-size: small;\"><i><b>(<\/b><\/i><\/span><span style=\"font-size: small;\"><i>frz. f\u00fcr Schei\u00dfe<\/i><\/span><span style=\"font-size: small;\"><i><b>)<\/b><\/i><\/span><span style=\"font-size: small;\"><i> und -kratie <\/i><\/span><span style=\"font-size: small;\"><i><b>(<\/b><\/i><\/span><span style=\"font-size: small;\"><i>\u03ba\u03c1\u03ac\u03c4\u03bf\u03c2, kratos) \u2192 St\u00e4rke, Macht, Herrschaft<\/i><\/span><span style=\"font-family: Times New Roman, serif;\"><span style=\"font-size: small;\"><b>}<\/b><\/span><\/span><i><b> <\/b><\/i><br \/>\n&#8230;Klappe zu, Affe tot!<br \/>\nPS<i>. <\/i><br \/>\nAbschlie\u00dfend ein Satz von George Bernhard Shaw:<i> Demokratie ist ein Mechanismus, der sicherstellt, dass wir genau so regiert werden, wie wir es verdienen!<\/i><br \/>\nUnd da bei\u00dft keine Maus den Faden ab!<\/p>\n","protected":false},"excerpt":{"rendered":"<p>Dachte in dem Moment, als der Kommentator irgendwann nachschob, mit lediglich neun Stimmen mehr, als sie ben\u00f6tigte &#8211; eigentlich waren es sogar acht zu viel &#8211; daraus machte diese Gef\u00e4lligkeitsmedienpfeife eine gro\u00dfe Mehrheit! F\u00fcr wie dusselig werden WIR Untertanen*INNEN usw. eigentlich verkauft? Sie musste von aktuell 747 Mandatstr\u00e4ger*INNEN usw. , 374 Ja-Stimmen einsacken. Wobei laut [&hellip;]<\/p>\n","protected":false},"author":6,"featured_media":0,"comment_status":"open","ping_status":"open","sticky":false,"template":"","format":"standard","meta":{"footnotes":""},"categories":[55],"tags":[],"class_list":["post-32821","post","type-post","status-publish","format-standard","hentry","category-alltaeglicher-wahnwitz"],"_links":{"self":[{"href":"https:\/\/zonenklaus.de\/wordpress\/index.php?rest_route=\/wp\/v2\/posts\/32821","targetHints":{"allow":["GET"]}}],"collection":[{"href":"https:\/\/zonenklaus.de\/wordpress\/index.php?rest_route=\/wp\/v2\/posts"}],"about":[{"href":"https:\/\/zonenklaus.de\/wordpress\/index.php?rest_route=\/wp\/v2\/types\/post"}],"author":[{"embeddable":true,"href":"https:\/\/zonenklaus.de\/wordpress\/index.php?rest_route=\/wp\/v2\/users\/6"}],"replies":[{"embeddable":true,"href":"https:\/\/zonenklaus.de\/wordpress\/index.php?rest_route=%2Fwp%2Fv2%2Fcomments&post=32821"}],"version-history":[{"count":7,"href":"https:\/\/zonenklaus.de\/wordpress\/index.php?rest_route=\/wp\/v2\/posts\/32821\/revisions"}],"predecessor-version":[{"id":41612,"href":"https:\/\/zonenklaus.de\/wordpress\/index.php?rest_route=\/wp\/v2\/posts\/32821\/revisions\/41612"}],"wp:attachment":[{"href":"https:\/\/zonenklaus.de\/wordpress\/index.php?rest_route=%2Fwp%2Fv2%2Fmedia&parent=32821"}],"wp:term":[{"taxonomy":"category","embeddable":true,"href":"https:\/\/zonenklaus.de\/wordpress\/index.php?rest_route=%2Fwp%2Fv2%2Fcategories&post=32821"},{"taxonomy":"post_tag","embeddable":true,"href":"https:\/\/zonenklaus.de\/wordpress\/index.php?rest_route=%2Fwp%2Fv2%2Ftags&post=32821"}],"curies":[{"name":"wp","href":"https:\/\/api.w.org\/{rel}","templated":true}]}}