{"id":32839,"date":"2019-07-26T21:53:47","date_gmt":"2019-07-26T20:53:47","guid":{"rendered":"http:\/\/zonenklaus.de\/wordpress\/?p=32839"},"modified":"2024-04-19T22:58:28","modified_gmt":"2024-04-19T21:58:28","slug":"was-kann-dieser-vermeintliche-kompetenzsimulant-und-trittbrettfahrer-der-ostdeutschen-buergerbewegung-ueberhaupt-richtig","status":"publish","type":"post","link":"https:\/\/zonenklaus.de\/wordpress\/?p=32839","title":{"rendered":"Was kann dieser vermeintliche Kompetenzsimulant und Trittbrettfahrer der \u201eOstdeutschen B\u00fcrgerbewegung\u201c \u00fcberhaupt richtig?"},"content":{"rendered":"<p><a href=\"https:\/\/www.bild.de\/politik\/inland\/politik-inland\/joachim-gauck-ex-bundespraesident-mit-boot-in-ostsee-gekentert-63568992.bild.html\">Ex-Bundespr\u00e4sident Gauck mit Boot gekentert<\/a><\/p>\n<p><strong>Nachtrag vom 28. Juli.<\/strong><br \/>\nWeshalb man sich in den heutigen Abend<i>nachrichten <\/i>\u00fcber die <b>DGzRS (<\/b><span style=\"font-size: small;\">Deutsche Gesellschaft zur Rettung Schiffbr\u00fcchiger<\/span><b>)<\/b> auslie\u00df, wei\u00df der Deibel!<br \/>\nJedenfalls durfte irgendjemand der Hilfsgesellschaft etwas ablassen und jener Typ verga\u00df nat\u00fcrlich nicht den Hinweis auf den <strong>wichtigsten Einsatz der letzten Tage<\/strong> &#8211; den gekenterten Ex-Popen @ Ex-Bundespr\u00e4si aus<i> seiner Seenot<\/i> zu retten. Gaffer hatten wohl einen Hilferuf abgelassen, da seine Kommunikationsprothese abgesoffen ward und deshalb einen Rettungskreuzer bem\u00fcht.<br \/>\nWeshalb seine Securityknechte ihn nicht am Schlafittchen packten und aus dem brackigen Wasser zerrten, welches an der Stelle die ungeheure Tiefe von 90 cm aufwies, ist vollkommen unbekannt.<br \/>\nIst wohl medientr\u00e4chtig inszeniert worden. Wer alles zu der Aktion auflief, <a href=\"https:\/\/www.merkur.de\/politik\/joachim-gauck-ex-bundespraesident-in-seenot-mit-boot-gekentert-zr-12863504.html\">ist dem Artikel zu entnehmen.<\/a><br \/>\nWiedermal bewies sich: Sein Fall wurde zur Trag\u00f6die stilisiert, was ansonsten weiter weg, vor der libyschen K\u00fcste abl\u00e4uft, ist lediglich Statistik in tausendfacher Form&#8230;<br \/>\n<a href=\"http:\/\/zonenklaus.de\/wordpress\/?attachment_id=32849\" rel=\"attachment wp-att-32849\"><img loading=\"lazy\" decoding=\"async\" class=\"alignleft size-thumbnail wp-image-32849\" src=\"http:\/\/zonenklaus.de\/wordpress\/wp-content\/uploads\/2019\/07\/Gaukkii-und-seine-Einheitsgurkenwippe-150x113.jpg\" alt=\"\" width=\"150\" height=\"113\" srcset=\"https:\/\/zonenklaus.de\/wordpress\/wp-content\/uploads\/2019\/07\/Gaukkii-und-seine-Einheitsgurkenwippe-150x113.jpg 150w, https:\/\/zonenklaus.de\/wordpress\/wp-content\/uploads\/2019\/07\/Gaukkii-und-seine-Einheitsgurkenwippe-300x225.jpg 300w, https:\/\/zonenklaus.de\/wordpress\/wp-content\/uploads\/2019\/07\/Gaukkii-und-seine-Einheitsgurkenwippe-768x576.jpg 768w, https:\/\/zonenklaus.de\/wordpress\/wp-content\/uploads\/2019\/07\/Gaukkii-und-seine-Einheitsgurkenwippe-1024x768.jpg 1024w, https:\/\/zonenklaus.de\/wordpress\/wp-content\/uploads\/2019\/07\/Gaukkii-und-seine-Einheitsgurkenwippe-624x468.jpg 624w, https:\/\/zonenklaus.de\/wordpress\/wp-content\/uploads\/2019\/07\/Gaukkii-und-seine-Einheitsgurkenwippe.jpg 1408w\" sizes=\"auto, (max-width: 150px) 100vw, 150px\" \/><\/a>Was hatte eigentlich den gro\u00dfen Segler geritten, dass er seine Nussschale zum Kentern brachte? Garantiert waren seine Gedanken wieder bei<em> wesentlich wichtigeren Problemchen<\/em>, vielleicht bei der schauderhaften gurkenf\u00f6rmigen Einheitswippe oder war es die Vorfreude darauf, anschlie\u00dfend pudelnass die Untertanen mit dauerhaften Winke-winke-Orgien zu erfreuen&#8230;<br \/>\n<a href=\"http:\/\/zonenklaus.de\/wordpress\/?attachment_id=32850\" rel=\"attachment wp-att-32850\"><img loading=\"lazy\" decoding=\"async\" class=\"alignleft size-thumbnail wp-image-32850\" src=\"http:\/\/zonenklaus.de\/wordpress\/wp-content\/uploads\/2019\/07\/Winkeheinz-113x150.jpg\" alt=\"\" width=\"113\" height=\"150\" srcset=\"https:\/\/zonenklaus.de\/wordpress\/wp-content\/uploads\/2019\/07\/Winkeheinz-113x150.jpg 113w, https:\/\/zonenklaus.de\/wordpress\/wp-content\/uploads\/2019\/07\/Winkeheinz-226x300.jpg 226w, https:\/\/zonenklaus.de\/wordpress\/wp-content\/uploads\/2019\/07\/Winkeheinz-768x1020.jpg 768w, https:\/\/zonenklaus.de\/wordpress\/wp-content\/uploads\/2019\/07\/Winkeheinz-771x1024.jpg 771w, https:\/\/zonenklaus.de\/wordpress\/wp-content\/uploads\/2019\/07\/Winkeheinz-624x829.jpg 624w, https:\/\/zonenklaus.de\/wordpress\/wp-content\/uploads\/2019\/07\/Winkeheinz.jpg 2006w\" sizes=\"auto, (max-width: 113px) 100vw, 113px\" \/><\/a>Talkshow-Junkies k\u00f6nnen ihn und seine Zweitfrau demn\u00e4chst bestimmt wieder in der Glotze bewundern und Zeugen seiner unendlichen Legendenbildungen werden.<br \/>\nWie dr\u00fcckte <em>Schmidt-Schnauze<\/em> jenen uns\u00e4glichen Hang gewisser Leute mal aus?<br \/>\n<strong>&#8220;<\/strong>Die heutige politische Klasse ist gekennzeichnet durch ein \u00dcberma\u00df an Karrierestreben und Wichtigtuerei und durch ein \u00dcberma\u00df an Geilheit, in Talkshows aufzutreten.<strong>&#8220;<\/strong><\/p>\n<p>&nbsp;<\/p>\n","protected":false},"excerpt":{"rendered":"<p>Ex-Bundespr\u00e4sident Gauck mit Boot gekentert Nachtrag vom 28. Juli. Weshalb man sich in den heutigen Abendnachrichten \u00fcber die DGzRS (Deutsche Gesellschaft zur Rettung Schiffbr\u00fcchiger) auslie\u00df, wei\u00df der Deibel! Jedenfalls durfte irgendjemand der Hilfsgesellschaft etwas ablassen und jener Typ verga\u00df nat\u00fcrlich nicht den Hinweis auf den wichtigsten Einsatz der letzten Tage &#8211; den gekenterten Ex-Popen @ [&hellip;]<\/p>\n","protected":false},"author":6,"featured_media":0,"comment_status":"open","ping_status":"open","sticky":false,"template":"","format":"standard","meta":{"footnotes":""},"categories":[1,55],"tags":[],"class_list":["post-32839","post","type-post","status-publish","format-standard","hentry","category-allgemeines","category-alltaeglicher-wahnwitz"],"_links":{"self":[{"href":"https:\/\/zonenklaus.de\/wordpress\/index.php?rest_route=\/wp\/v2\/posts\/32839","targetHints":{"allow":["GET"]}}],"collection":[{"href":"https:\/\/zonenklaus.de\/wordpress\/index.php?rest_route=\/wp\/v2\/posts"}],"about":[{"href":"https:\/\/zonenklaus.de\/wordpress\/index.php?rest_route=\/wp\/v2\/types\/post"}],"author":[{"embeddable":true,"href":"https:\/\/zonenklaus.de\/wordpress\/index.php?rest_route=\/wp\/v2\/users\/6"}],"replies":[{"embeddable":true,"href":"https:\/\/zonenklaus.de\/wordpress\/index.php?rest_route=%2Fwp%2Fv2%2Fcomments&post=32839"}],"version-history":[{"count":7,"href":"https:\/\/zonenklaus.de\/wordpress\/index.php?rest_route=\/wp\/v2\/posts\/32839\/revisions"}],"predecessor-version":[{"id":41422,"href":"https:\/\/zonenklaus.de\/wordpress\/index.php?rest_route=\/wp\/v2\/posts\/32839\/revisions\/41422"}],"wp:attachment":[{"href":"https:\/\/zonenklaus.de\/wordpress\/index.php?rest_route=%2Fwp%2Fv2%2Fmedia&parent=32839"}],"wp:term":[{"taxonomy":"category","embeddable":true,"href":"https:\/\/zonenklaus.de\/wordpress\/index.php?rest_route=%2Fwp%2Fv2%2Fcategories&post=32839"},{"taxonomy":"post_tag","embeddable":true,"href":"https:\/\/zonenklaus.de\/wordpress\/index.php?rest_route=%2Fwp%2Fv2%2Ftags&post=32839"}],"curies":[{"name":"wp","href":"https:\/\/api.w.org\/{rel}","templated":true}]}}