{"id":32886,"date":"2019-08-07T20:23:55","date_gmt":"2019-08-07T19:23:55","guid":{"rendered":"http:\/\/zonenklaus.de\/wordpress\/?p=32886"},"modified":"2019-08-07T20:38:48","modified_gmt":"2019-08-07T19:38:48","slug":"karneval-satt-kanzleramt","status":"publish","type":"post","link":"https:\/\/zonenklaus.de\/wordpress\/?p=32886","title":{"rendered":"Karneval satt Kanzleramt"},"content":{"rendered":"<p>Annegretel Kramp<i>f<\/i>-Karrenbauer kann es nicht lassen, jenes uns\u00e4gliche m\u00e4andern auf multifunktionalen <i>Quotentantenpfaden<\/i>.<br \/>\nHier ein Link zur gestrigen <i><a href=\"https:\/\/www.morgenpost.de\/berlin\/article226695909\/Kramp-Karrenbauer-wird-Sonderbotschafterin-des-Karnevals.html\">Mottenpost<\/a> <\/i>zum betreffenden Thema, alles sehr gek\u00fcrzt, m\u00f6glicherweise wegen der permanent angesagten Gef\u00e4lligkeitsschreiberei auch noch zensiert, mit <i>dpa <\/i>Signierung versehen und folglich schlecht plagiatiert&#8230;<br \/>\nIn der heutigen <i>Berliner Zeitung<\/i>, stand alles etwas ausf\u00fchrlicher, selbstredend nicht online, deshalb der Scann.<br \/>\n<a href=\"http:\/\/zonenklaus.de\/wordpress\/?attachment_id=32888\" rel=\"attachment wp-att-32888\"><img loading=\"lazy\" decoding=\"async\" class=\"alignleft size-thumbnail wp-image-32888\" src=\"http:\/\/zonenklaus.de\/wordpress\/wp-content\/uploads\/2019\/08\/AKK.1-30x150.jpg\" alt=\"\" width=\"30\" height=\"150\" srcset=\"https:\/\/zonenklaus.de\/wordpress\/wp-content\/uploads\/2019\/08\/AKK.1-30x150.jpg 30w, https:\/\/zonenklaus.de\/wordpress\/wp-content\/uploads\/2019\/08\/AKK.1-60x300.jpg 60w, https:\/\/zonenklaus.de\/wordpress\/wp-content\/uploads\/2019\/08\/AKK.1-204x1024.jpg 204w, https:\/\/zonenklaus.de\/wordpress\/wp-content\/uploads\/2019\/08\/AKK.1-624x3134.jpg 624w, https:\/\/zonenklaus.de\/wordpress\/wp-content\/uploads\/2019\/08\/AKK.1.jpg 634w\" sizes=\"auto, (max-width: 30px) 100vw, 30px\" \/><\/a>Da mich jene erlauchte Frauensperson nicht sonderlich interessiert, ob in der Politik noch als Narr\u00adhalesin, habe ich mich auch noch nicht damit befasst, ob sie wenigstens einen Job100prozentig erledigt, gestehe ihr darin vollendete Narrenfreiheiten zu, allerdings interessieren mich deren anderweitigen Hinterlassenschaften \u00fcberhaupt nicht.<br \/>\nVielleicht ist es ja ganz einfach, wenn man die Summe von s\u00e4mtlichen nachweislich unmittelbaren H\u00e4ndeleien ihrerseits erstellt, wo sich in irgendeiner Form etwas <i>nachhaltig<\/i> leicht Verst\u00e4ndnisvolles basteln lie\u00dfe, k\u00e4me bestimmt eine verwertungsf\u00e4hige Ziffer weit \u00fcber 100%punkte heraus&#8230;<br \/>\nK\u00f6nnte diesen Sachverhalt allerdings nur positiv sehen, wenn ich s\u00e4mtliche Augen zudr\u00fccken w\u00fcrde, nebst der H\u00fchneraugen!<br \/>\nGratuliere zur Sonderbotschafterin des BDK!<br \/>\nSie kam ja zu dem <i>sehr wichtigen Posten<\/i>, wie weiland Blase Gabriel, f\u00fcr den sein <i>Politkumpan<\/i> den Posten eines Rockbeauftragten aus der Taufe hob. Wobei sie in den kommenden Jahren wenigstens dort keine bleibenden Sch\u00e4den anrichten kann.<br \/>\nEin dreifaches AKKauuuu!<!--more--><br \/>\nNun musste Danny V. unbedingt darauf hinweisen, dass die 56-j\u00e4hrige <i>Landtags-Putze Gretl <\/i>Diskriminierungsvorw\u00fcrfe auf sich gezogen hatte, nachdem sie bei einer Fastnachtsveranstaltung im <i>Musterl\u00e4ndle<\/i> zur Einf\u00fchrung von Toiletten f\u00fcr das dritte Geschlecht<b> (<\/b><i>in der n\u00e4chsten Zeit kommen da bestimmt noch weitere Klassifizierungen hinzu<\/i><b>)<\/b> ablie\u00df: ,,Das ist f\u00fcr die M\u00e4nner, die noch nicht wissen, ob sie noch stehen d\u00fcrfen beim Pinkeln oder schon sitzen m\u00fcssen. Daf\u00fcr, dazwischen, ist die Toilette.\u201c <sup><b>(*)<\/b><\/sup><br \/>\nSie nahm anschlie\u00dfend nichts zur\u00fcck, forderte stattdessen ihre vollkommen humorresistenten, <em>genderfaschistoid<\/em> angehauchten Politkorrektoren stattdessen auf, mal etwas lockerer zu werden. Gewiefte Narren-E<i>ks<\/i>perten werteten ihre Betrachtung <i>als Versuch, den konservativen Fl\u00fcgel der Union zu umgarnen.<\/i>Wei\u00df nicht so recht, da fehlt mir allerdings der entsprechende Draht f\u00fcr solcher Art von Erkl\u00e4rungsversuchen.<br \/>\nMuss allerdings bemerken, jener Spruch gefiel mir, der h\u00e4tte auch von mir sein k\u00f6nnen. Nebenbei empfand ich ihn, bei ihrer ganzen sonstigen Plapperei der letzten Monate, sogar aussagekr\u00e4ftig und verst\u00e4ndnisvoll!<br \/>\nDer BDK <b>(<\/b><i>Who the fuck are these weirdos?<\/i><b>)<\/b> lobt seine neue Botschafterin als ,,mutig, ironisch, schlagfertig und sich selbst nicht schonend\u201c.<br \/>\nAlso, ihr BDK-Leute:<i> Nehmt sie, nehmt sie mit Gott, aber nehmt sie! Verpasst ihr eine riesige Narrenkappe mit gro\u00dfen Schellen und viel Eichenlaub. Lobt ein doppeltes Ministergehalt aus und dies f\u00fcr den Rest ihres Lebens! Alles muss sich dann freilich nur in EUREM Verein abspielen! <\/i><\/p>\n<p><sup><b>(*) <\/b><\/sup>Zu Zeiten des noch medienfrischen AKK-Zitates, hockte ich als Quotenm\u00e4nnchen in einer recht gut zechenden <i>Weiberrunde<\/i> j\u00fcngeren Alters. Als sich bei mir irgendwann best\u00e4ndig steigender Blasendruck meldete.<br \/>\n<i>&#8211; Entschuldigung M\u00e4dels, ich muss mal kurz meinen Hamster melken gehen!<\/i><br \/>\n<i>&#8211; Ihr M\u00e4nner habt es gut, k\u00f6nnt ewig problemlos euer Gesch\u00e4ft erledigen&#8230;<\/i><br \/>\nKam zur\u00fcck, da wurde das Thema, nun geschlechtsspezifisch, weiterhin abgehandelt. Bekam dann noch die abschlie\u00dfenden S\u00e4tze mit, dass es auch f\u00fcr Frauen m\u00f6glich sei, im Stehen zu pinkeln, in freier Natur und an vollkommen unbeobachteten Stellen. Allerdings ein Rock sehr zum Vorteil gereichte, bei der angesagten Technik&#8230;<br \/>\n<i>&#8211; Ab eines bestimmten Alters ist damit aber auch Sense!<\/i><br \/>\n<i>&#8211; Typisch Klaus, der kann sein L\u00e4stermaul nie halten&#8230;<\/i><\/p>\n","protected":false},"excerpt":{"rendered":"<p>Annegretel Krampf-Karrenbauer kann es nicht lassen, jenes uns\u00e4gliche m\u00e4andern auf multifunktionalen Quotentantenpfaden. Hier ein Link zur gestrigen Mottenpost zum betreffenden Thema, alles sehr gek\u00fcrzt, m\u00f6glicherweise wegen der permanent angesagten Gef\u00e4lligkeitsschreiberei auch noch zensiert, mit dpa Signierung versehen und folglich schlecht plagiatiert&#8230; In der heutigen Berliner Zeitung, stand alles etwas ausf\u00fchrlicher, selbstredend nicht online, deshalb der [&hellip;]<\/p>\n","protected":false},"author":6,"featured_media":0,"comment_status":"open","ping_status":"open","sticky":false,"template":"","format":"standard","meta":{"footnotes":""},"categories":[55],"tags":[],"class_list":["post-32886","post","type-post","status-publish","format-standard","hentry","category-alltaeglicher-wahnwitz"],"_links":{"self":[{"href":"https:\/\/zonenklaus.de\/wordpress\/index.php?rest_route=\/wp\/v2\/posts\/32886","targetHints":{"allow":["GET"]}}],"collection":[{"href":"https:\/\/zonenklaus.de\/wordpress\/index.php?rest_route=\/wp\/v2\/posts"}],"about":[{"href":"https:\/\/zonenklaus.de\/wordpress\/index.php?rest_route=\/wp\/v2\/types\/post"}],"author":[{"embeddable":true,"href":"https:\/\/zonenklaus.de\/wordpress\/index.php?rest_route=\/wp\/v2\/users\/6"}],"replies":[{"embeddable":true,"href":"https:\/\/zonenklaus.de\/wordpress\/index.php?rest_route=%2Fwp%2Fv2%2Fcomments&post=32886"}],"version-history":[{"count":5,"href":"https:\/\/zonenklaus.de\/wordpress\/index.php?rest_route=\/wp\/v2\/posts\/32886\/revisions"}],"predecessor-version":[{"id":32892,"href":"https:\/\/zonenklaus.de\/wordpress\/index.php?rest_route=\/wp\/v2\/posts\/32886\/revisions\/32892"}],"wp:attachment":[{"href":"https:\/\/zonenklaus.de\/wordpress\/index.php?rest_route=%2Fwp%2Fv2%2Fmedia&parent=32886"}],"wp:term":[{"taxonomy":"category","embeddable":true,"href":"https:\/\/zonenklaus.de\/wordpress\/index.php?rest_route=%2Fwp%2Fv2%2Fcategories&post=32886"},{"taxonomy":"post_tag","embeddable":true,"href":"https:\/\/zonenklaus.de\/wordpress\/index.php?rest_route=%2Fwp%2Fv2%2Ftags&post=32886"}],"curies":[{"name":"wp","href":"https:\/\/api.w.org\/{rel}","templated":true}]}}