{"id":32898,"date":"2019-08-09T01:37:17","date_gmt":"2019-08-09T00:37:17","guid":{"rendered":"http:\/\/zonenklaus.de\/wordpress\/?p=32898"},"modified":"2020-03-21T09:12:50","modified_gmt":"2020-03-21T08:12:50","slug":"sie-wissen-selbst-was-fuer-sie-gut-ist","status":"publish","type":"post","link":"https:\/\/zonenklaus.de\/wordpress\/?p=32898","title":{"rendered":"Sie wissen selbst, was f\u00fcr sie gut ist"},"content":{"rendered":"<p>Kinderbuchreihe <a href=\"https:\/\/www.tagesspiegel.de\/kultur\/kinderbuchreihe-little-people-big-dreams-sie-wissen-selbst-was-fuer-sie-gut-ist\/24856854.html\">&#8220;Little People, Big Dreams&#8221;<\/a><br \/>\n<a href=\"http:\/\/zonenklaus.de\/wordpress\/?attachment_id=32900\" rel=\"attachment wp-att-32900\"><img loading=\"lazy\" decoding=\"async\" class=\"alignleft size-thumbnail wp-image-32900\" src=\"http:\/\/zonenklaus.de\/wordpress\/wp-content\/uploads\/2019\/08\/Frauen-116x150.jpg\" alt=\"\" width=\"116\" height=\"150\" srcset=\"https:\/\/zonenklaus.de\/wordpress\/wp-content\/uploads\/2019\/08\/Frauen-116x150.jpg 116w, https:\/\/zonenklaus.de\/wordpress\/wp-content\/uploads\/2019\/08\/Frauen-231x300.jpg 231w, https:\/\/zonenklaus.de\/wordpress\/wp-content\/uploads\/2019\/08\/Frauen-768x997.jpg 768w, https:\/\/zonenklaus.de\/wordpress\/wp-content\/uploads\/2019\/08\/Frauen-789x1024.jpg 789w, https:\/\/zonenklaus.de\/wordpress\/wp-content\/uploads\/2019\/08\/Frauen-624x810.jpg 624w, https:\/\/zonenklaus.de\/wordpress\/wp-content\/uploads\/2019\/08\/Frauen.jpg 1058w\" sizes=\"auto, (max-width: 116px) 100vw, 116px\" \/><\/a>Deren Ank\u00fcndigung war es dem TAGESSPITZEL wert, dazu etwas auf der Titelseite abzulichten.<br \/>\nAllerdings verstehe ich das <a href=\"https:\/\/de.wikipedia.org\/wiki\/Rubrum\"><i>Rubrum<\/i><\/a> absolut nicht, wie sollte es gemeint sein?<br \/>\nFrage mich, welches Klientel von Eltern wird seine Ableger damit \u00fcbersch\u00fctten, denn die<a href=\"https:\/\/www.amazon.de\/s?k=little+people+big+dreams+deutsch&amp;adgrpid=70032603806&amp;gclid=EAIaIQobChMI9Y2u__P24wIVguFRCh2AjgejEAAYASAAEgInGvD_BwE&amp;hvadid=353070690694&amp;hvdev=c&amp;hvlocphy=9061131&amp;hvnetw=g&amp;hvpos=1t1&amp;hvqmt=b&amp;hvrand=14584299968377999600&amp;hvtargid=kwd-428235667801&amp;hydadcr=3205_1736185&amp;qid=1565392201&amp;ref=sr_pg_1\"> Gesamtausgabe ist nicht gerade billig.<\/a><br \/>\nKann mir allerdings sehr bildlich vorstellen, dass ein Haufen alleinerziehende Helikopter-Mamis, <i>welche es zu etwas gebracht haben<\/i>, nun ihre Brut mit den entsprechenden Publikationen auf DAS <i>Leben<\/i> vorbereiten wollen. Alles verbunden mit Turboabitur und den entsprechenden <i>feministischen<\/i> Marschrichtungszahlen, womit sie ihre eigenen, recht d\u00fcnnen selektiven bildungsproletarischen Vorstellungen unbedingt toppen wollen &#8211; schlie\u00dflich soll es das Kind, besonders der <i>feminine Bonsai<\/i>, irgendwann mal der patriarchalischen U<i>n<\/i>welt etwas entgegensetzen k\u00f6nnen&#8230;<!--more--><br \/>\nWas soll dabei herauskommen? Wenn Mutti, als Empork\u00f6mmling<i>in <\/i>mit <i>nachhaltigen<\/i> p\u00e4dagogischen Defiziten behaftet, nebenher <i>zur verbl\u00f6denden I-Phon-Generation<\/i> geh\u00f6rt, die sich anonym in den <i>sozialen Medien<\/i> und mit Hilfe der privaten Fernsehprogramme ihre multiplen Bildungsorgasmen holt? Seit Jahren Heidi Klum und Verona Poth anhimmelt und niemals etwas von Frida Kahlo und den anderen M\u00e4dels jener <i>kindgerechten<\/i> Serie vernahm?<br \/>\nFiebernd auf den Newsletter von <a href=\"https:\/\/www.refinery29.com\/de-de\">REFINERY 29<\/a><strong>* <\/strong>harrt, der eigentlich ihrem angesagten Lifestyle entspricht &#8211; einer <i>modernen <\/i>Variante jener Regenbogenpresseerzeugnisse, die ihr aus Elternhaustagen immer noch gel\u00e4ufig sind&#8230;<br \/>\nEntsprechend des Bildungsauftrages der Schulen, muss nat\u00fcrlich entsprechen nachgezogen werden. Zu diesem Zweck bieten sich jene kleinen Schm\u00f6ker nat\u00fcrlich zwingend an. Damit solche <em>genderfaschistoid<\/em> mit grenzenloser <em>politischer Korrektheit<\/em> geklitterten Biographien pl\u00f6tzlich auf dem Lehrplan stehen. Letztlich es weiter geht mit solchen Aufsatzthemen, wie: \u201eMein Vorbild\u201c bzw. Vorbild<i>in. <\/i><br \/>\nIm ersten <em>demokratischen Schlaraffenland der Arbeiter und Bauern auf deutschem Boden<\/em>, wurde ich 1965 letztmalig mit solch einem Schmus behelligt.<br \/>\nF\u00fcr heutige Kids bieten sich da AKK, Anette Schavan o.a. zwingend an, bei den <em>moralisch\/ethischen<\/em> Abgr\u00fcnden, welchen sich gegenw\u00e4rtig \u00fcberall offen zeigen, aber keinesfalls Anne Frank!<\/p>\n<p>* <b>Unsere Mission<\/b><br \/>\nR29 ist die f\u00fchrende globale Medienplattform f\u00fcr junge Frauen. Wir inspirieren, unterhalten und empowern unsere Audience mit zeitgem\u00e4\u00dfem und inklusivem Storytelling, intimen Erfahrungen und frischen Perspektiven.<\/p>\n","protected":false},"excerpt":{"rendered":"<p>Kinderbuchreihe &#8220;Little People, Big Dreams&#8221; Deren Ank\u00fcndigung war es dem TAGESSPITZEL wert, dazu etwas auf der Titelseite abzulichten. Allerdings verstehe ich das Rubrum absolut nicht, wie sollte es gemeint sein? Frage mich, welches Klientel von Eltern wird seine Ableger damit \u00fcbersch\u00fctten, denn die Gesamtausgabe ist nicht gerade billig. Kann mir allerdings sehr bildlich vorstellen, dass [&hellip;]<\/p>\n","protected":false},"author":6,"featured_media":0,"comment_status":"open","ping_status":"open","sticky":false,"template":"","format":"standard","meta":{"footnotes":""},"categories":[55,9],"tags":[],"class_list":["post-32898","post","type-post","status-publish","format-standard","hentry","category-alltaeglicher-wahnwitz","category-bucher"],"_links":{"self":[{"href":"https:\/\/zonenklaus.de\/wordpress\/index.php?rest_route=\/wp\/v2\/posts\/32898","targetHints":{"allow":["GET"]}}],"collection":[{"href":"https:\/\/zonenklaus.de\/wordpress\/index.php?rest_route=\/wp\/v2\/posts"}],"about":[{"href":"https:\/\/zonenklaus.de\/wordpress\/index.php?rest_route=\/wp\/v2\/types\/post"}],"author":[{"embeddable":true,"href":"https:\/\/zonenklaus.de\/wordpress\/index.php?rest_route=\/wp\/v2\/users\/6"}],"replies":[{"embeddable":true,"href":"https:\/\/zonenklaus.de\/wordpress\/index.php?rest_route=%2Fwp%2Fv2%2Fcomments&post=32898"}],"version-history":[{"count":6,"href":"https:\/\/zonenklaus.de\/wordpress\/index.php?rest_route=\/wp\/v2\/posts\/32898\/revisions"}],"predecessor-version":[{"id":32906,"href":"https:\/\/zonenklaus.de\/wordpress\/index.php?rest_route=\/wp\/v2\/posts\/32898\/revisions\/32906"}],"wp:attachment":[{"href":"https:\/\/zonenklaus.de\/wordpress\/index.php?rest_route=%2Fwp%2Fv2%2Fmedia&parent=32898"}],"wp:term":[{"taxonomy":"category","embeddable":true,"href":"https:\/\/zonenklaus.de\/wordpress\/index.php?rest_route=%2Fwp%2Fv2%2Fcategories&post=32898"},{"taxonomy":"post_tag","embeddable":true,"href":"https:\/\/zonenklaus.de\/wordpress\/index.php?rest_route=%2Fwp%2Fv2%2Ftags&post=32898"}],"curies":[{"name":"wp","href":"https:\/\/api.w.org\/{rel}","templated":true}]}}