{"id":32919,"date":"2019-08-13T21:17:12","date_gmt":"2019-08-13T20:17:12","guid":{"rendered":"http:\/\/zonenklaus.de\/wordpress\/?p=32919"},"modified":"2019-08-14T21:40:09","modified_gmt":"2019-08-14T20:40:09","slug":"der-13-august-wat-warn-da","status":"publish","type":"post","link":"https:\/\/zonenklaus.de\/wordpress\/?p=32919","title":{"rendered":"Der 13. August, wat war\u00b4n da?"},"content":{"rendered":"<p>Irgendwelche welche Leute, die sich als ganz <i>wichtig <\/i>verkaufen, reihen an jenem Tag immer wieder m\u00e4chtig viel Worth\u00fclsen auf.<br \/>\nZum entsprechend ausgeknautschten Zeitpunkt latscht irgendeiner vor das erste Teil.<br \/>\nAus dem dabei entstehende Geklimper, w\u00e4hrend des kurzfristig Dominoeffekts, schnitzen dann unz\u00e4hlige Medienheinze ihre zu ver\u00f6ffentlichen Beitr\u00e4ge&#8230;<br \/>\nFast vergessen, nebenher wird auch noch ein schillerndes H\u00f6henfeuerwerk von implodierenden Betroffenheitssprechblasen abgefackelt, dessen <i>Nachhaltigkeit<\/i> immer f\u00fcr 365 Tage gen\u00fcgen muss.<br \/>\nHeute soll ja alles etwas heftiger abgelaufen sein.<br \/>\nLiegt vermutlich daran, weil 2020 ein Schaltjahr ist&#8230;<br \/>\nMeine mit dem Schmus nat\u00fcrlich jenen Tag, an dem das <i>z<\/i>owjetzonale Panko<i>ff<\/i>regime quer durch Gro\u00df-Berlin Autobahnteile aus Stahlbeton aufstellte, wobei sich deren Trockenperiode etwas l\u00e4nger hinausz\u00f6gerte&#8230;<br \/>\nEine Legende besagt, dass Onkel WU damals gesamt Westberlin einmauern lie\u00df &#8211; dies ist nat\u00fcrlich ganz falsch!<br \/>\n<a href=\"http:\/\/zonenklaus.de\/wordpress\/?attachment_id=32926\" rel=\"attachment wp-att-32926\"><img loading=\"lazy\" decoding=\"async\" class=\"alignleft size-thumbnail wp-image-32926\" src=\"http:\/\/zonenklaus.de\/wordpress\/wp-content\/uploads\/2019\/08\/Berlinkarte-DGB-150x108.jpg\" alt=\"\" width=\"150\" height=\"108\" srcset=\"https:\/\/zonenklaus.de\/wordpress\/wp-content\/uploads\/2019\/08\/Berlinkarte-DGB-150x108.jpg 150w, https:\/\/zonenklaus.de\/wordpress\/wp-content\/uploads\/2019\/08\/Berlinkarte-DGB-300x217.jpg 300w, https:\/\/zonenklaus.de\/wordpress\/wp-content\/uploads\/2019\/08\/Berlinkarte-DGB-768x555.jpg 768w, https:\/\/zonenklaus.de\/wordpress\/wp-content\/uploads\/2019\/08\/Berlinkarte-DGB-1024x741.jpg 1024w, https:\/\/zonenklaus.de\/wordpress\/wp-content\/uploads\/2019\/08\/Berlinkarte-DGB-624x451.jpg 624w, https:\/\/zonenklaus.de\/wordpress\/wp-content\/uploads\/2019\/08\/Berlinkarte-DGB.jpg 1640w\" sizes=\"auto, (max-width: 150px) 100vw, 150px\" \/><\/a>Wegen des permanent anstehenden Zementmangels belie\u00df man es lediglich bei runden 50 km im innerst\u00e4dtischen Bereich, der Rest von grob gesch\u00e4tzten <a href=\"https:\/\/www.flickr.com\/photos\/zonenklaus\/albums\/72157635054582245\">100 englischen Landmeilen<\/a>, bestand aus Streckmetallz\u00e4unen und entsprechend kunstvoller Makrameeverzierungen aus Stacheldraht.<!--more--><br \/>\nUm keine Legende soll es sich dabei handel, dass bundesgermanische Stahlfirmen mit beiden Metallprodukte aushalfen, da sie in der <i>Dunkel Deutschen Republik<\/i> als Mangelware galten, in der Menge auch nicht als <i>B\u00fcckware<\/i> erh\u00e4ltlich schien&#8230;<br \/>\nMerkw\u00fcrdig ist nebenher auch die Tatsache, dass anl\u00e4sslich solcher Betroffenheitsfeten immer die gleichen Larven <em>vermeintlicher <\/em>Kompetenzsimulanten auftauchen, allerdings entsprechende <i>Renommier-Opfer<\/i> immer mal ausgetauscht werden, dies h\u00e4ngt wahrscheinlich mit der Sterberate solcher Menschen zusammen.<br \/>\nHinzu kommt, wen interessiert \u00fcberhaupt noch dieses Datum?<br \/>\nPositiv wird der Mauerbau heutzutage allerdings wieder von vielen Ossis gesehen, weil es ihnen anschlie\u00dfend gef\u00fchlt besser ging in ihrem Schlaraffenland.<br \/>\nMir geht es \u00e4hnlich, allerdings habe ich eine andere Sichtweise zu der Problematik, schlie\u00dflich hat dieses Bauwerk mir all jene Leute vom Hals gehalten, wegen denen ich mal r\u00fcber machte und mir zugleich auch noch 14 fette Jahre im <i>kapitalistischen Sumpf der freien westlichen Welt<\/i> bescherte.<br \/>\nAbschlie\u00dfend noch eine Frage von gro\u00dfer Relevanz!<br \/>\nWeshalb erinnert eigentlich niemand an den Geburtstag von<a href=\"https:\/\/de.wikipedia.org\/wiki\/Alfred_Hitchcock\"> Alfred Hitchcock<\/a> &#8211; britisch-amerikanischer Filmregisseur (\u00abDie V\u00f6gel\u00bb, \u00abPsycho\u00bb) &#8211; der 1899, am heutigen Tag, geboren wurde?<\/p>\n","protected":false},"excerpt":{"rendered":"<p>Irgendwelche welche Leute, die sich als ganz wichtig verkaufen, reihen an jenem Tag immer wieder m\u00e4chtig viel Worth\u00fclsen auf. Zum entsprechend ausgeknautschten Zeitpunkt latscht irgendeiner vor das erste Teil. Aus dem dabei entstehende Geklimper, w\u00e4hrend des kurzfristig Dominoeffekts, schnitzen dann unz\u00e4hlige Medienheinze ihre zu ver\u00f6ffentlichen Beitr\u00e4ge&#8230; Fast vergessen, nebenher wird auch noch ein schillerndes H\u00f6henfeuerwerk [&hellip;]<\/p>\n","protected":false},"author":6,"featured_media":0,"comment_status":"open","ping_status":"open","sticky":false,"template":"","format":"standard","meta":{"footnotes":""},"categories":[1],"tags":[],"class_list":["post-32919","post","type-post","status-publish","format-standard","hentry","category-allgemeines"],"_links":{"self":[{"href":"https:\/\/zonenklaus.de\/wordpress\/index.php?rest_route=\/wp\/v2\/posts\/32919","targetHints":{"allow":["GET"]}}],"collection":[{"href":"https:\/\/zonenklaus.de\/wordpress\/index.php?rest_route=\/wp\/v2\/posts"}],"about":[{"href":"https:\/\/zonenklaus.de\/wordpress\/index.php?rest_route=\/wp\/v2\/types\/post"}],"author":[{"embeddable":true,"href":"https:\/\/zonenklaus.de\/wordpress\/index.php?rest_route=\/wp\/v2\/users\/6"}],"replies":[{"embeddable":true,"href":"https:\/\/zonenklaus.de\/wordpress\/index.php?rest_route=%2Fwp%2Fv2%2Fcomments&post=32919"}],"version-history":[{"count":7,"href":"https:\/\/zonenklaus.de\/wordpress\/index.php?rest_route=\/wp\/v2\/posts\/32919\/revisions"}],"predecessor-version":[{"id":32928,"href":"https:\/\/zonenklaus.de\/wordpress\/index.php?rest_route=\/wp\/v2\/posts\/32919\/revisions\/32928"}],"wp:attachment":[{"href":"https:\/\/zonenklaus.de\/wordpress\/index.php?rest_route=%2Fwp%2Fv2%2Fmedia&parent=32919"}],"wp:term":[{"taxonomy":"category","embeddable":true,"href":"https:\/\/zonenklaus.de\/wordpress\/index.php?rest_route=%2Fwp%2Fv2%2Fcategories&post=32919"},{"taxonomy":"post_tag","embeddable":true,"href":"https:\/\/zonenklaus.de\/wordpress\/index.php?rest_route=%2Fwp%2Fv2%2Ftags&post=32919"}],"curies":[{"name":"wp","href":"https:\/\/api.w.org\/{rel}","templated":true}]}}