{"id":32944,"date":"2019-08-15T20:20:04","date_gmt":"2019-08-15T19:20:04","guid":{"rendered":"http:\/\/zonenklaus.de\/wordpress\/?p=32944"},"modified":"2019-08-16T20:38:59","modified_gmt":"2019-08-16T19:38:59","slug":"fussnote-wg-franzi-giffey","status":"publish","type":"post","link":"https:\/\/zonenklaus.de\/wordpress\/?p=32944","title":{"rendered":"Fu\u00dfnote: wg. Franzi Giffey"},"content":{"rendered":"<p>Hat man der<a href=\"https:\/\/www.berliner-zeitung.de\/politik\/meinung\/kommentar-zu-franziska-giffey-die-ruecktrittsankuendigung-ist-konsequent-und-schade-33016508\"> Ministerin<\/a> vielleicht versprochen, wenn sie sich unauff\u00e4llig sehr ruhig verh\u00e4lt, werden bestimmt viele Untertanen ihr kleines Malheur einfach vergessen, anderseits, im Dunkeln ist sehr gut munkeln, dazu alles \u00fcbrige stillschweigend und geduldig abgewartet werden muss.<br \/>\nBereits vor Monaten waren sich zechende E<i>ks<\/i>perten, w\u00e4hrend ihrer verbalen Luftschlachten am Tresen einig, dass Gottes M\u00fchlen sehr langsam mahlen, aber die der unabh\u00e4ngigen <i>toitschen<\/i> Gerichtsbarkeit sind so viel schneller auch nicht. Es ist bestimmt nicht einfach, mit vermeintlich gut getarnten Winkelz\u00fcgen hinter den Kulissen, entsprechenden Bestrebungen freien Lauf zulassen f\u00fcr eine <i>positive<\/i> Verlautbarung. Denn in dem Zusammenhang sollen schlie\u00dflich, wegen mehrerer anstehender Wahlen im abgeh\u00e4ngten <i>Neuf\u00fcnfland<\/i>, auf keinen Fall weitere Steilvorlage f\u00fcr die rechten und linken R\u00e4nder dabei erauskommen.<br \/>\nAnsonsten l\u00e4uft f\u00fcr jemanden, welcher schon lange nicht mehr so richtig \u00fcberzeugt ist, was die <i>Recht<\/i>sprechung im Land betrifft, weil eine Menge permanent schief l\u00e4uft. Davon ab, man sitzt in der Regel sowieso einem weit verbreiteten Irrglauben auf, n\u00e4mlich jenem, dass Gerichte <i>Recht sprechen<\/i>, <i>sie f\u00e4llen Urteile<\/i>!<!--more--><br \/>\nMit dem vermeintlichen, monatelangem Nichtstun, kann man doch nur zu befremdlich Schlussfolgerungen gelangen. Dabei existierten sogar in der Bundesrepublik Politiker, die gleicht zu Beginn der geringsten Zweifel an ihrer politischen Handlungsweise, sofort zur\u00fccktraten. Denke dabei an Willy Brandt, er h\u00e4tte im Fall der <a href=\"https:\/\/de.wikipedia.org\/wiki\/Guillaume-Aff%C3%A4re\">Guillaume-Aff\u00e4re<\/a>, im April 1974, absolut nicht zur\u00fccktreten m\u00fcssen, schlie\u00dflich hatte der BND auf ganzer Linie versagt, zumal diese <a href=\"https:\/\/www.mdr.de\/zeitreise\/brd-kontrollierte-massenhaft-westpakete-100.html\">zweifelhafte Organisation<\/a> sogar von einem <a href=\"https:\/\/www.n-tv.de\/wissen\/Niemals-in-der-ersten-Liga-der-Spione-article3596571.html\">Nazi aus der Taufe gehoben<\/a> ward. Aber der SPD-Kanzler wollte nicht, dass wegen der erheblichen Hetze gegen ihn, welche haupts\u00e4chlich von christdemokratischer Seite ausging, seiner Partei immenser Schaden zugef\u00fchrt worden w\u00e4re&#8230;<br \/>\nMan bedenke seine menschliche Gr\u00f6\u00dfe, die ihn trotzdem zu jenem Schritt bewog.<br \/>\nEs ist doch mehr als nur ein dr\u00f6ges Trauerspiel, wenn sich Giffey\u00b4s Doktormutti pl\u00f6tzlich hinstellte und lapidar erkl\u00e4rte, es h\u00e4tte alles seine Richtigkeit gehabt, da sie lediglich Pr\u00fcfungsma\u00dfst\u00e4be amerikanischer Universit\u00e4ten gebrauchte. Da sich ihr Elfenbeinturm aber auf bundesdeutschem Boden befindet, entsprach alles aber einer Fehlkalkulation und dazu kam noch die unversch\u00e4mte Rechtfertigung ihrerseits.<br \/>\nJedem Angeh\u00f6rige aus dem Rund des werkelnden Lohngesindels, w\u00e4re bei solch grober Verfehlung sofort die K\u00fcndigung nahegelegt worden&#8230;<br \/>\nW\u00fcrde der <em>lehrenden<\/em> und <em>kontrollierenden<\/em> Dame sicher auch gut anstehen. Ihrem Wunsch weiter an der Universit\u00e4t zu bleiben, h\u00e4tte man bestimmt ebenso entsprechen k\u00f6nnen, vielleicht als Facilitymanagerin im dort angestellten Besengeschwader oder in der Pf\u00f6rtner-Lounge &#8211; aber mit der dort vorgesehenen Entlohnung!<\/p>\n<p><strong>Fu\u00dfnote: 2019.08.16.<\/strong><br \/>\n<a href=\"https:\/\/www.morgenpost.de\/berlin\/article226790355\/Franziska-Giffey-bietet-Ruecktritt-als-Minsterin-an-und-will-nicht-SPD-Chefin-werden.html\">Franziska Giffey bietet R\u00fccktritt als Ministerin an<\/a><\/p>\n<p>&nbsp;<\/p>\n","protected":false},"excerpt":{"rendered":"<p>Hat man der Ministerin vielleicht versprochen, wenn sie sich unauff\u00e4llig sehr ruhig verh\u00e4lt, werden bestimmt viele Untertanen ihr kleines Malheur einfach vergessen, anderseits, im Dunkeln ist sehr gut munkeln, dazu alles \u00fcbrige stillschweigend und geduldig abgewartet werden muss. Bereits vor Monaten waren sich zechende Eksperten, w\u00e4hrend ihrer verbalen Luftschlachten am Tresen einig, dass Gottes M\u00fchlen [&hellip;]<\/p>\n","protected":false},"author":6,"featured_media":0,"comment_status":"open","ping_status":"open","sticky":false,"template":"","format":"standard","meta":{"footnotes":""},"categories":[1],"tags":[],"class_list":["post-32944","post","type-post","status-publish","format-standard","hentry","category-allgemeines"],"_links":{"self":[{"href":"https:\/\/zonenklaus.de\/wordpress\/index.php?rest_route=\/wp\/v2\/posts\/32944","targetHints":{"allow":["GET"]}}],"collection":[{"href":"https:\/\/zonenklaus.de\/wordpress\/index.php?rest_route=\/wp\/v2\/posts"}],"about":[{"href":"https:\/\/zonenklaus.de\/wordpress\/index.php?rest_route=\/wp\/v2\/types\/post"}],"author":[{"embeddable":true,"href":"https:\/\/zonenklaus.de\/wordpress\/index.php?rest_route=\/wp\/v2\/users\/6"}],"replies":[{"embeddable":true,"href":"https:\/\/zonenklaus.de\/wordpress\/index.php?rest_route=%2Fwp%2Fv2%2Fcomments&post=32944"}],"version-history":[{"count":2,"href":"https:\/\/zonenklaus.de\/wordpress\/index.php?rest_route=\/wp\/v2\/posts\/32944\/revisions"}],"predecessor-version":[{"id":32946,"href":"https:\/\/zonenklaus.de\/wordpress\/index.php?rest_route=\/wp\/v2\/posts\/32944\/revisions\/32946"}],"wp:attachment":[{"href":"https:\/\/zonenklaus.de\/wordpress\/index.php?rest_route=%2Fwp%2Fv2%2Fmedia&parent=32944"}],"wp:term":[{"taxonomy":"category","embeddable":true,"href":"https:\/\/zonenklaus.de\/wordpress\/index.php?rest_route=%2Fwp%2Fv2%2Fcategories&post=32944"},{"taxonomy":"post_tag","embeddable":true,"href":"https:\/\/zonenklaus.de\/wordpress\/index.php?rest_route=%2Fwp%2Fv2%2Ftags&post=32944"}],"curies":[{"name":"wp","href":"https:\/\/api.w.org\/{rel}","templated":true}]}}