{"id":32992,"date":"2019-08-26T22:35:09","date_gmt":"2019-08-26T21:35:09","guid":{"rendered":"http:\/\/zonenklaus.de\/wordpress\/?p=32992"},"modified":"2019-08-28T02:45:24","modified_gmt":"2019-08-28T01:45:24","slug":"brandenburgs-ministerpraesident-woidke-in-der-afd-sind-nicht-nur-rechtsradikale-und-neonazis","status":"publish","type":"post","link":"https:\/\/zonenklaus.de\/wordpress\/?p=32992","title":{"rendered":"Brandenburgs Ministerpr\u00e4sident Woidke, \u201eIn der AfD sind nicht nur Rechtsradikale und Neonazis\u201c"},"content":{"rendered":"<p>Mit der rasanten Geschwindigkeit eines Berner Blitzes gelangte der hellroten Genossen nun endlich zu der Erkenntnis &#8211; was sind aber seine Schlussfolgerungen daraus?<br \/>\nNach der Lekt\u00fcre seiner <a href=\"https:\/\/www.tagesspiegel.de\/politik\/brandenburgs-ministerpraesident-woidke-in-der-afd-sind-nicht-nur-rechtsradikale-und-neonazis\/24938926.html\">implodierten Sprechblasen<\/a>, fiel mir fast nichts mehr ein. Bemerkte in der Tat, dass auch er sich in guter Gesellschaft befindet, wenn es um die Beantwortung von recht schlicht gestellten Fragen geht. Es er\u00fcbrigt sich die Frage, ob viele Politiker intellektuell einfach nicht in der Lage sind, auf dieser Art von Frage und Antwortspiel auch nur ansatzweise einzugehen. Nein, so ist dem sicher nicht, denn viele haben an irgendeiner <i>Unit\u00e4t stupidiert<\/i>, was irgendwie belegbar ist, nebenher so manchem ein schm\u00fcckender Titel gelang, der recht h\u00e4ufig in plagiatierter Form, schwer erarbeitet wurde!<br \/>\nOftmals h\u00e4ngt jene Mentalit\u00e4t einfach nur damit zusammen, dass es sp\u00e4ter fast nicht m\u00f6glich erscheint, p\u00e4dagogische Defizite aus jungen Jahren, irgendwann doch mal zu beseitigen. Es liegt mir fern, auf jene Umst\u00e4nde auch nur ansatzweise einzugehen, welche letztlich in deren Elternh\u00e4usern, zu den verinnerlichten und respektlosen Untugenden f\u00fchrten. Allerdings sind bestimmte nicht erlernte F\u00e4higkeiten, wie z. B. die des Zuh\u00f6rens, des taktvollen Artikulierens nachvollziehbarer Bed\u00fcrfnisse zur rechten Zeit \u0438 \u0442\u0430\u043a \u0434\u0430\u043b\u0435\u0435, sp\u00e4ter f\u00fcr jene gewaltigen L\u00fccken innerhalb des zwischenmenschlicher Informationsaustausches verantwortlich.<br \/>\nSolche fast un\u00fcberwindbaren Zwischenr\u00e4ume lassen sich aber ganz bequem mit <i>nettem<\/i> politisch korrekten Salbadern optimal flickschustern!<br \/>\nBelegbar in den Interviews vom Genossen Woidke und seinem \u00e4u\u00dferst komischen Christenwidersacher, dem baldigen M\u00f6chte-gern-Star auf dem feink\u00f6rnigen Boden der brandenburgischen Streusandb\u00fcchse&#8230;<br \/>\nWill derer beiden Texte absolut nicht nach irgendwelchen <i>gehaltvollen Aussagen<\/i> nachhaltig durchforsten, denn mit ihren seichten populistischen Anwandlungen k\u00f6nnen beide noch nicht mal ansatzweise der AfD etwas entgegensetzen. Die bunten Mehrheitsbeschaffer im Hintergrund schon gar nicht, weil sie auch nur mit ihren Selbstdarstellungen besch\u00e4ftigt sind und nur mit ihren Hufen scharren, f\u00fcr den eventuell anstehenden m\u00e4andernden Parcours in Richtung h\u00f6herer Weihen als ratlose Probierpolitiker.<!--more--><br \/>\nScheint sich wohl doch um ein echtes Fragespielchen seitens Thorsten Metzner und Paul Starzmann und dem hellroten Landestiefv\u00e4terchen gehandelt zuhaben. Ohne das vorherige schriftliche Einreichen der anstehenden Problematik an Woidkes Redenschreiber und so kam es an einer Stelle zur unbewussten Darstellung von SPD-spezifischen Handlungsweisen. Welche sich bis zu den ewigen Nachwehen, seit dem Abgang von Luxemburg und Liebknecht zur\u00fcckverfolgen lassen. Der daraus gewachsenen Hickhack wurde besonders in den letzten Jahrzehnten, von s\u00e4mtlichen gro\u00dfen H\u00e4uptlingen der vermeintlichen Volkspartei ungemein gehegt und gepflegt. Besonders seit den Tagen jenes kleinen G\u00e4rtners in seiner Brioni-Kledage&#8230;<br \/>\nWobei niemand bemerkte, wie nebenher viele AfD-Pfl\u00e4nzchen zu betr\u00e4chtlichem Buschwerk heranwuchsen.<br \/>\nWas aber nicht hei\u00dfen soll, dass ich <b>s\u00e4mtliche<\/b> anderen Vereine von ihrer Mitschuld freispreche!<br \/>\nBiegt man die Parteienlandschaft, besonders die in Neuf\u00fcnfland zu einem Ring, ich meine die daraus entstehende graphische Darstellung eines Tortendiagramms, so landet die AfD neben den Neobolschewisten oder umgedreht.<br \/>\nWitzigerweise pr\u00e4sentieren sich beide St\u00fccken dann sogar in den Anarchofarben!<br \/>\nHinzu kommen haufenweise Schnittmengen, was moralische Wertigkeiten des t\u00e4glichen Lebens betreffen&#8230;<br \/>\nAm Ehesten wird es sicherlich, zum wiederholten Male, zu einer braun\/schwarzen Koalition kommen. \u00dcbung macht in letzter Konsequenz den Meister, war es doch das katholischen Zentrum &#8211; aus dem nach den 1000 Jahren die CDU entstand &#8211; welches sich Anfang der 1930er zum Steigb\u00fcgelhalter f\u00fcr<em> Adol Fitler<\/em> mauserte&#8230;<br \/>\nLande endlich wieder beim Mitte\/links-Populisten, im Bl\u00e4ttchen kommen irgendwann folgende S\u00e4tze: <i><b>&#8230;auch Dompteurqualit\u00e4ten..?<\/b><\/i><br \/>\n<i>&#8230;sondern F\u00fchrungsst\u00e4rke mit sozialer Kompetenz. Es wird im Dezember eine gute Entscheidung geben. Wenn eine Brandenburgerin Parteivorsitzende wird, ist das f\u00fcr uns eine riesengro\u00dfe Ehre. Klara Geywitz ist eine gestandene Politikerin, mit gutem Humor und Durchsetzungskraft, strategisch sehr gut aufgestellt. Sie handelt nicht spontan, \u00fcberlegt sich den dritten und vierten Schritt vorher. Alles zusammengenommen w\u00e4re es ein hervorragendes Team. <\/i><br \/>\nWenn ich Genossin Geywitz agieren sehe, da frage ich mich jetzt nat\u00fcrlich, welche Art von Humor meint denn ihr Scheffchen da? Etwa in der Preislagen von AKK? Dies k\u00f6nnte ich mir sogar bestens vorstellen. Aber darum geht es mir momentan wirklich nicht &#8211; trotzdem ein fr\u00f6hlich\/kr\u00e4ftiges <b>Helau <\/b>in ihre Richtung.<br \/>\nWoidke preist seine Ostquotin wie folgt an: <i>Sie handelt nicht spontan, \u00fcberlegt sich den dritten und vierten Schritt vorher. Alles zusammengenommen w\u00e4re es ein hervorragendes Team. <\/i><br \/>\nMit der Spontanit\u00e4t hat es nie jemand bei der SPD so richtig gehabt! Ausnahmen best\u00e4tigen allerdings die Regel, vielleicht k\u00f6nnte man den Genossen Noske davon ausschlie\u00dfen&#8230;<br \/>\nSo sind sie halt immer gewesen, zaudernd und nicht bereit, sehr standhaft den ersten Schritt zu tun, weil davor, bereits ein Kompromiss vorhanden sein muss. Um gegebenenfalls belegen zu k\u00f6nnen, warum man ihn nicht gleich spontan vor dem zweiten t\u00e4tigte. M\u00f6glicherweise aber auch den zweiten gleich auslassen will, wei\u00df der Deibel warum? Man stelle sich mal vor, jene \u00dcberlegung w\u00e4hrend eines Marsches, immer die \u00dcberlegung dabei, was k\u00f6nnte beim n\u00e4chsten und \u00fcbern\u00e4chsten Schritt anliegen<br \/>\nSo sind sie halt, jene gro\u00dfen Schaumschl\u00e4ger<sup><b>*INNEN usw.<\/b><\/sup> in der Politik!<br \/>\nWei\u00df nicht mehr, wie dieses Spiel hie\u00df, wo von zwei Leuten jeweils das rechte und vom anderen das linke Bein zusammengebunden wurde und ab ging dann die Luzie im Wettlauf mit einem anderen Paar. So stelle ich mir jegliche Doppelspitzen immer vor&#8230;<br \/>\n&#8230;mal sehen, ob ich wegen dieser Spielchen mit der freiwilligen unmittelbaren N\u00e4he, dem unbewussten und bewussten Betatschen an den unterschiedlichsten K\u00f6rperstellen, irgendwann noch, in den ach so sozialen Medien, mit einem Hashtag verziert werde. Denn der eigentliche Gag bestand darin, unbedingt an ein <i>Fr\u00e4ulein<\/i> gefesselt zu werden&#8230;<br \/>\nUnter dem Titel<a href=\"https:\/\/www.pressreader.com\/\">: <i>Von Br\u00fccken und Gr\u00e4ben<\/i><\/a><br \/>\n<i>,, Angenervt\u201c vom Frust vieler M\u00e4rker, ging <a href=\"https:\/\/www.cdu-brandenburg.de\/\">CDU-Spitzenkandidat Ingo Senftleben<\/a> auf ,,Bock auf Brandenburg\u201c -Tour&#8230;- <\/i>steht irgendwo bei <em>pressreader<\/em> die ebenso nichtssagende Dampfplauderei von I.S.<\/p>\n","protected":false},"excerpt":{"rendered":"<p>Mit der rasanten Geschwindigkeit eines Berner Blitzes gelangte der hellroten Genossen nun endlich zu der Erkenntnis &#8211; was sind aber seine Schlussfolgerungen daraus? Nach der Lekt\u00fcre seiner implodierten Sprechblasen, fiel mir fast nichts mehr ein. Bemerkte in der Tat, dass auch er sich in guter Gesellschaft befindet, wenn es um die Beantwortung von recht schlicht [&hellip;]<\/p>\n","protected":false},"author":6,"featured_media":0,"comment_status":"open","ping_status":"open","sticky":false,"template":"","format":"standard","meta":{"footnotes":""},"categories":[55],"tags":[],"class_list":["post-32992","post","type-post","status-publish","format-standard","hentry","category-alltaeglicher-wahnwitz"],"_links":{"self":[{"href":"https:\/\/zonenklaus.de\/wordpress\/index.php?rest_route=\/wp\/v2\/posts\/32992","targetHints":{"allow":["GET"]}}],"collection":[{"href":"https:\/\/zonenklaus.de\/wordpress\/index.php?rest_route=\/wp\/v2\/posts"}],"about":[{"href":"https:\/\/zonenklaus.de\/wordpress\/index.php?rest_route=\/wp\/v2\/types\/post"}],"author":[{"embeddable":true,"href":"https:\/\/zonenklaus.de\/wordpress\/index.php?rest_route=\/wp\/v2\/users\/6"}],"replies":[{"embeddable":true,"href":"https:\/\/zonenklaus.de\/wordpress\/index.php?rest_route=%2Fwp%2Fv2%2Fcomments&post=32992"}],"version-history":[{"count":4,"href":"https:\/\/zonenklaus.de\/wordpress\/index.php?rest_route=\/wp\/v2\/posts\/32992\/revisions"}],"predecessor-version":[{"id":32996,"href":"https:\/\/zonenklaus.de\/wordpress\/index.php?rest_route=\/wp\/v2\/posts\/32992\/revisions\/32996"}],"wp:attachment":[{"href":"https:\/\/zonenklaus.de\/wordpress\/index.php?rest_route=%2Fwp%2Fv2%2Fmedia&parent=32992"}],"wp:term":[{"taxonomy":"category","embeddable":true,"href":"https:\/\/zonenklaus.de\/wordpress\/index.php?rest_route=%2Fwp%2Fv2%2Fcategories&post=32992"},{"taxonomy":"post_tag","embeddable":true,"href":"https:\/\/zonenklaus.de\/wordpress\/index.php?rest_route=%2Fwp%2Fv2%2Ftags&post=32992"}],"curies":[{"name":"wp","href":"https:\/\/api.w.org\/{rel}","templated":true}]}}