{"id":33063,"date":"2019-09-19T23:08:05","date_gmt":"2019-09-19T22:08:05","guid":{"rendered":"http:\/\/zonenklaus.de\/wordpress\/?p=33063"},"modified":"2019-09-20T11:49:03","modified_gmt":"2019-09-20T10:49:03","slug":"neuer-freitag-fuer-die-zukunft","status":"publish","type":"post","link":"https:\/\/zonenklaus.de\/wordpress\/?p=33063","title":{"rendered":"Neuer Freitag f\u00fcr die kontinuierlich abnibbelnde Zukunft"},"content":{"rendered":"<p><a href=\"https:\/\/www.tagesspiegel.de\/berlin\/fridays-for-future-hier-wird-am-freitag-in-berlin-fuers-klima-demonstriert\/25029874.html\">Wird mal wieder etwas gr\u00f6\u00dfer<\/a>, obwohl in den vergangenen<a href=\"http:\/\/zonenklaus.de\/wordpress\/?p=33060\"> vier Monaten<\/a> nichts weiter passierte.<br \/>\nStimmt nicht, falls man mit sehr viel H\u00e4ngen und W\u00fcrgen den Versuch startet und sch\u00f6nf\u00e4rberisch &#8211; nat\u00fcrlich genderfaschistoid get\u00fcncht, dazu auch noch alles abg\u00f6ttisch mit politischer Korrektheit aufbrezelt &#8211; dann ist es bestimmt irgendwie m\u00f6glich, unbedeutenden kosmischen Staub langatmiger Verbalhurereien aufzuwirbeln, ihn tiefgr\u00fcndig irgendwie positiv zu deuteln und nebenher sogar, im \u00dcberschwang aufkommender kleinb\u00fcrgerlicher Protestgef\u00fchlsanwandlungen vielfacher <i>demokraturischer <\/i>Art und Weise, auch noch ekstatische Freudent\u00e4nzchen aufzuf\u00fchren.<br \/>\nAuf jeden Fall bietet sich da jene Live\u00fcbertragung des neoliberalen Raps der Frau Kanzler an, wenn sie zu ihren gekonnten Herumhampeleien am Rednerpult, ein fulminantes Brillantfeuerwerk von implodieren Sprechblasen abfackelt&#8230;<br \/>\nWas bleibt nun eigentlich von den fr\u00fcheren Intensionen der <i>altklugen<\/i> Greta <em>Thunberg<\/em> \u00fcbrig?<br \/>\nZu ihrem seltsamen Betroffenheits-Segelt\u00f6rn f\u00e4llt mir <i>n\u00fcscht<\/i> mehr ein, zumindest hat sie mit Onkel Obama den Fist Bump einstudiert.<br \/>\nWelche Klimaaktion steht ihrerseits demn\u00e4chst eigentlich an?<br \/>\nZur\u00fcckschwimmen etwa?<br \/>\nWird wohl nicht auf ihrem Programm stehen, da sie bei solch Kraftanstrengungen zus\u00e4tzlich Unmassen von <i>carbonic acid gas <\/i>in die Umgebung pusten w\u00fcrde&#8230;<i> <\/i><\/p>\n<p><a href=\"http:\/\/zonenklaus.de\/wordpress\/?s=friday\">Fridays For Future, 24. Mai 2019<\/a><br \/>\n<a href=\"https:\/\/www.flickr.com\/photos\/zonenklaus\/albums\/72157708906645652\">24.05. 2019, SKOLSTREJK F\u00d6R KLIMATET&#8230;<\/a><\/p>\n","protected":false},"excerpt":{"rendered":"<p>Wird mal wieder etwas gr\u00f6\u00dfer, obwohl in den vergangenen vier Monaten nichts weiter passierte. Stimmt nicht, falls man mit sehr viel H\u00e4ngen und W\u00fcrgen den Versuch startet und sch\u00f6nf\u00e4rberisch &#8211; nat\u00fcrlich genderfaschistoid get\u00fcncht, dazu auch noch alles abg\u00f6ttisch mit politischer Korrektheit aufbrezelt &#8211; dann ist es bestimmt irgendwie m\u00f6glich, unbedeutenden kosmischen Staub langatmiger Verbalhurereien aufzuwirbeln, [&hellip;]<\/p>\n","protected":false},"author":6,"featured_media":0,"comment_status":"open","ping_status":"open","sticky":false,"template":"","format":"standard","meta":{"footnotes":""},"categories":[1],"tags":[],"class_list":["post-33063","post","type-post","status-publish","format-standard","hentry","category-allgemeines"],"_links":{"self":[{"href":"https:\/\/zonenklaus.de\/wordpress\/index.php?rest_route=\/wp\/v2\/posts\/33063","targetHints":{"allow":["GET"]}}],"collection":[{"href":"https:\/\/zonenklaus.de\/wordpress\/index.php?rest_route=\/wp\/v2\/posts"}],"about":[{"href":"https:\/\/zonenklaus.de\/wordpress\/index.php?rest_route=\/wp\/v2\/types\/post"}],"author":[{"embeddable":true,"href":"https:\/\/zonenklaus.de\/wordpress\/index.php?rest_route=\/wp\/v2\/users\/6"}],"replies":[{"embeddable":true,"href":"https:\/\/zonenklaus.de\/wordpress\/index.php?rest_route=%2Fwp%2Fv2%2Fcomments&post=33063"}],"version-history":[{"count":3,"href":"https:\/\/zonenklaus.de\/wordpress\/index.php?rest_route=\/wp\/v2\/posts\/33063\/revisions"}],"predecessor-version":[{"id":33066,"href":"https:\/\/zonenklaus.de\/wordpress\/index.php?rest_route=\/wp\/v2\/posts\/33063\/revisions\/33066"}],"wp:attachment":[{"href":"https:\/\/zonenklaus.de\/wordpress\/index.php?rest_route=%2Fwp%2Fv2%2Fmedia&parent=33063"}],"wp:term":[{"taxonomy":"category","embeddable":true,"href":"https:\/\/zonenklaus.de\/wordpress\/index.php?rest_route=%2Fwp%2Fv2%2Fcategories&post=33063"},{"taxonomy":"post_tag","embeddable":true,"href":"https:\/\/zonenklaus.de\/wordpress\/index.php?rest_route=%2Fwp%2Fv2%2Ftags&post=33063"}],"curies":[{"name":"wp","href":"https:\/\/api.w.org\/{rel}","templated":true}]}}