{"id":33069,"date":"2019-09-20T21:33:52","date_gmt":"2019-09-20T20:33:52","guid":{"rendered":"http:\/\/zonenklaus.de\/wordpress\/?p=33069"},"modified":"2019-09-21T21:42:48","modified_gmt":"2019-09-21T20:42:48","slug":"der-heutige-freitag-aber-fuer-welche-zukunft","status":"publish","type":"post","link":"https:\/\/zonenklaus.de\/wordpress\/?p=33069","title":{"rendered":"Der heutige Freitag, aber f\u00fcr welche Zukunft?"},"content":{"rendered":"<p>Die Gegenwart ist lediglich ein vollkommen untauglicher phantasieloser Adapter von ausgesprochener pathologischer Eleganz zwischen der ewig irgendwie verschandelten Vergangenheit und jener anschlie\u00dfenden, ebenso deformierten \u00c4ra, der man f\u00fcr die kommende Periode hoffnungsfroh den irritierenden Begriff Zukunft anh\u00e4ngt. Und dies alles geschieht seit Jahrtausenden unter der Regentschaft jener Kompetenz simulierenden niveaulosen Imitate sog. F\u00fchrungseliten. Ohne Unterscheidungen, nach Rasse, Farbe, Geschlecht, Sprache, Religion, politischer und sonstiger \u00dcberzeugung, nationaler oder sozialer Herkunft, Geburt oder sonstigen Umst\u00e4nden&#8230;<br \/>\nWobei im weltumspannenden Hamsterrad der dauerhaften gesellschaftlichen Miseren, die jeweils folgenden Generationen zwangsl\u00e4ufig eben sowenig bereits sind, aus den fatalen zwischenmenschlichen Missgriffen der Altvorderen auch nur ansatzweise entsprechende Lehren zuziehen. Im Gegenteil, sie tuen es ihnen vollkommen gleich. Alles geschieht dann lediglich auf immer niedertr\u00e4chtigeren nachhaltig vollkommen undurchschaubaren Ebenen des gerade angesagten Zeitgeistes. Daf\u00fcr wird die Vergangenheit mit nebul\u00f6sen Mythen verschleiert und im weiteren Verlauf ganz dramatisch unter Ulk verbucht&#8230;<br \/>\n<a href=\"https:\/\/www.flickr.com\/photos\/zonenklaus\/48767050747\/in\/datetaken-public\/\">Was blieb nun bei mir h\u00e4ngen?<\/a><br \/>\nAuf meiner Radtour vom Alex zum Brandenburger T\u00fcrchen, gewahrte ich anfangs die vielen Anti-Terrorpralinen, welche zu UNSEREM Schutz, jenen saumistigen Platz zierten. Diese dreckige Ansicht wurde ich bis zum Schluss nicht los, am Ziel meiner kurzen Reise kamen \u00fcberall noch unendlich viele E-Scooter hinzu&#8230;<br \/>\nDabei ist diese zentrale Gegend optimal mit S- und U-Bahn zu erreichen! Ist halt immer das gleiche Spielchen &#8211; der gravierende Unterschied zwischen Theorie und Praxis &#8211; was ganz bestimmte Handlungsweisen betreffen.<br \/>\nObwohl mir das hysterische Gekreische des M\u00e4dels auf der B\u00fchne, doch m\u00e4chtig auf den Keks ging, fand ich die Stimmung recht gut. Gut, manche Aktionen erinnerten an den Ausflug, von allen Angeh\u00f6rigen s\u00e4mtlicher Waldorfschulen dieser Republik, will aber sonst nicht weiter meckern.<!--more--><br \/>\nUnverst\u00e4ndlich war f\u00fcr mich, dass sich die Veranstalter auf die gleiche Route, vom 24. Mai, einlie\u00dfen, alles weit weg vom Zentrum. F\u00fcr jenen abseitigen Marsch, h\u00e4tte man auf einem entsprechender Parcours auf dem Tempelhofer Feld, doch wesentlich gem\u00fctlicher herum latschen k\u00f6nnen.<br \/>\nKurzzeitig erinnerte ich mich an Rotenburg ob der Tauber, vor einigen Jahren, als vier Gr\u00fcppchen von kichernden mandel\u00e4ugigen Sch\u00f6nheiten* anfragten, ob sie mich fotografieren d\u00fcrften&#8230;<br \/>\n<span style=\"font-size: small;\"><b>*(<\/b><i>Mir schon klar, diese Bezeichnung wird heutzutage als<\/i> chauvinistisch\/rassistisch<i> ausgelegt. Auf den anderen Seite, bezeichne ich die Sehschlitze einer gewissen recht unh\u00fcbsche Politikerin, auch nicht glubsch\u00e4ugig.<\/i><b>) <\/b><i> <\/i><\/span><br \/>\nWas das weltweite demokratische Klimabrimborium betraf, landete ich w\u00e4hrend der <a href=\"https:\/\/www.zdf.de\/nachrichten\/heute-19-uhr\/190920-heute-sendung-19-uhr-100.html\">ZDF-Nachrichten<\/a> wieder auf dem Boden der Tatsachen. Dies taten die Figuren der \u00fcbermackerte GroKo-Runde auf der B\u00fchne, mit Hilfe ihrer absolut nichts sagenden Dampfplauderei,<br \/>\nWer sich da nicht verschei\u00dfert vorkam, wee\u00df nich!<br \/>\nAbsolut gelungen war nat\u00fcrlich die Einspielung vom VW-Pr\u00e4sident-Ober-Scheff-Lobbyisten T. Steg.<br \/>\nAls zweckpessimistische Mumie ist mir allerdings klar, jener angek\u00fcndigte und letztlich ausbleibende Schmus sollte mich nicht weiter interessieren, da am Horizont bereits die Urne dr\u00e4ut&#8230;<\/p>\n","protected":false},"excerpt":{"rendered":"<p>Die Gegenwart ist lediglich ein vollkommen untauglicher phantasieloser Adapter von ausgesprochener pathologischer Eleganz zwischen der ewig irgendwie verschandelten Vergangenheit und jener anschlie\u00dfenden, ebenso deformierten \u00c4ra, der man f\u00fcr die kommende Periode hoffnungsfroh den irritierenden Begriff Zukunft anh\u00e4ngt. Und dies alles geschieht seit Jahrtausenden unter der Regentschaft jener Kompetenz simulierenden niveaulosen Imitate sog. F\u00fchrungseliten. Ohne Unterscheidungen, [&hellip;]<\/p>\n","protected":false},"author":6,"featured_media":0,"comment_status":"open","ping_status":"open","sticky":false,"template":"","format":"standard","meta":{"footnotes":""},"categories":[55],"tags":[],"class_list":["post-33069","post","type-post","status-publish","format-standard","hentry","category-alltaeglicher-wahnwitz"],"_links":{"self":[{"href":"https:\/\/zonenklaus.de\/wordpress\/index.php?rest_route=\/wp\/v2\/posts\/33069","targetHints":{"allow":["GET"]}}],"collection":[{"href":"https:\/\/zonenklaus.de\/wordpress\/index.php?rest_route=\/wp\/v2\/posts"}],"about":[{"href":"https:\/\/zonenklaus.de\/wordpress\/index.php?rest_route=\/wp\/v2\/types\/post"}],"author":[{"embeddable":true,"href":"https:\/\/zonenklaus.de\/wordpress\/index.php?rest_route=\/wp\/v2\/users\/6"}],"replies":[{"embeddable":true,"href":"https:\/\/zonenklaus.de\/wordpress\/index.php?rest_route=%2Fwp%2Fv2%2Fcomments&post=33069"}],"version-history":[{"count":4,"href":"https:\/\/zonenklaus.de\/wordpress\/index.php?rest_route=\/wp\/v2\/posts\/33069\/revisions"}],"predecessor-version":[{"id":33075,"href":"https:\/\/zonenklaus.de\/wordpress\/index.php?rest_route=\/wp\/v2\/posts\/33069\/revisions\/33075"}],"wp:attachment":[{"href":"https:\/\/zonenklaus.de\/wordpress\/index.php?rest_route=%2Fwp%2Fv2%2Fmedia&parent=33069"}],"wp:term":[{"taxonomy":"category","embeddable":true,"href":"https:\/\/zonenklaus.de\/wordpress\/index.php?rest_route=%2Fwp%2Fv2%2Fcategories&post=33069"},{"taxonomy":"post_tag","embeddable":true,"href":"https:\/\/zonenklaus.de\/wordpress\/index.php?rest_route=%2Fwp%2Fv2%2Ftags&post=33069"}],"curies":[{"name":"wp","href":"https:\/\/api.w.org\/{rel}","templated":true}]}}