{"id":33192,"date":"2019-11-10T22:23:31","date_gmt":"2019-11-10T21:23:31","guid":{"rendered":"http:\/\/zonenklaus.de\/wordpress\/?p=33192"},"modified":"2019-11-11T03:45:46","modified_gmt":"2019-11-11T02:45:46","slug":"kann-armin-laschet-kanzler","status":"publish","type":"post","link":"https:\/\/zonenklaus.de\/wordpress\/?p=33192","title":{"rendered":"Kann Armin Laschet Kanzler?"},"content":{"rendered":"<p><a href=\"https:\/\/www.gmx.net\/magazine\/politik\/armin-laschet-kanzler-angela-merkel-nachfolger-gehandelt-34171544\">Er wird bereits als Merkel-Nachfolger gehandelt<\/a><br \/>\nNat\u00fcrlich, den jeder Humanoide*<sup><b>IN usw. <\/b><\/sup>ist dazu in der Lage, falls es seine Laufmaschen an den Synapsen hergeben, dass<i> er, sie, es,<\/i> <i>usw. &#8211; <\/i>noch mit einem IQ aufwarten k\u00f6nnen, der etwas h\u00f6her angesiedelt ist, als die Ziffer der h\u00f6chsten Hochsommertemperatur diesen Jahres, in Grad Celsius gemessen! Meinetwegen auch in Fahrenheit ausgedr\u00fcckt&#8230;<br \/>\n<a href=\"https:\/\/www.youtube.com\/watch?v=chvXdJHMUqA\"><i>Uns-Harald<\/i><\/a> h\u00e4tte ich mir f\u00fcr solch einen Kanzlerposten sehr gut vorstellen k\u00f6nnen, leider geht er ja bekannterweise, schon lange nicht mehr einkaufen!<br \/>\nLasst mal den Laschet machen!<br \/>\nWobei sicher nicht viel dazugeh\u00f6rt, die allseitig anzutreffende Mentalit\u00e4t von AKK irgendwie zu \u00fcbertrumpfen&#8230;<br \/>\nEigentlich sollte man bei Politikern endlich mal so etwas wie ein Gardema\u00df einf\u00fchren! Bedenklich finde ich n\u00e4mlich die Tatsache, dass der mediengehypte und in nostalgischen Seilschaften verpuppte Kanzleraspirant, lediglich anderthalb Zoll gr\u00f6\u00dfer erscheint, als die Narrenkappenqueen mit ihrem <i>subtilen Humor<\/i>.<br \/>\nWobei ich gerade dieses <a href=\"https:\/\/www.tagesspiegel.de\/politik\/akk-beim-karneval-ein-klowitz-als-traurige-bilanz\/24081662.html\">Charaktermerkmal<\/a> an ihr recht menschlich finde,<a href=\"https:\/\/www.derwesten.de\/politik\/heute-show-zdf-akk-sagt-diesen-satz-welke-kann-nicht-mehr-vor-lachen-bitte-id227601749.html\"> <i>an and peach<\/i><b>*<\/b> <\/a>nehme ich sie ansonsten vollkommen farblos wahr&#8230;<br \/>\nMuss aber noch etwas ablassen, wobei ich ihr sogar in die Seite treten muss, was ihr Hobby betrifft.<br \/>\nDa k\u00f6nnte sie n\u00e4mlich von mir sogar noch einiges lernen!<br \/>\nHabe Jahrzehnte, anl\u00e4sslich von Julklapp- und Weihnachtsfeiern, oftmals den Ruprecht gespielt, in Anwaltskanzleien, B\u00fcros, Kneipen, kleinen Firmen und anderswo. Einmal befand sich darunter sogar ein Angebot, jenen Auftritt in einem renommierten Berliner Bordell nachzukommen, was sich dann kurzfristig aber zerschlug&#8230;<br \/>\nJeder Auftritt begann mit <a href=\"http:\/\/zonenklaus.de\/wordpress\/?cat=18\">Vortr\u00e4gen kleinb\u00fcrgerlicher Klassiker<\/a> von gro\u00dfem Rang und Namen, pers\u00f6nlich fing alles immer mit <a href=\"https:\/\/www.youtube.com\/watch?v=v1SwcR5Vwis\">Loriots ADVENT<\/a> (den ich heutzutage leider ablesen muss) an.<br \/>\nSchlie\u00dflich war noch nicht mal mehr Unterkante Stammtisch angesagt, sondern Oberkante Scheuerleiste und dann auch noch, wenn in solchen Runden Frauen in der \u00dcberzahl anwesend waren.<\/p>\n<p>*L\u00fcbke-Englisch, zu Deutsch: <i>an und f\u00fcr sich <\/i><\/p>\n<p><strong>Fu\u00dfnote: <\/strong>Wei\u00df nicht, weshalb mich Herr Laschet ewig an <i>Akakij Akakijewitsch <\/i>erinnert, jener tragischen Figur aus Nikolai Wassiljewitsch Gogol\u00b4s: Petersburger Erz\u00e4hlungen, <a href=\"https:\/\/gutenberg.spiegel.de\/buch\/petersburger-erzahlungen-7029\/4\">DER MANTEL (Kapitel 4)<\/a><\/p>\n","protected":false},"excerpt":{"rendered":"<p>Er wird bereits als Merkel-Nachfolger gehandelt Nat\u00fcrlich, den jeder Humanoide*IN usw. ist dazu in der Lage, falls es seine Laufmaschen an den Synapsen hergeben, dass er, sie, es, usw. &#8211; noch mit einem IQ aufwarten k\u00f6nnen, der etwas h\u00f6her angesiedelt ist, als die Ziffer der h\u00f6chsten Hochsommertemperatur diesen Jahres, in Grad Celsius gemessen! Meinetwegen auch [&hellip;]<\/p>\n","protected":false},"author":6,"featured_media":0,"comment_status":"open","ping_status":"open","sticky":false,"template":"","format":"standard","meta":{"footnotes":""},"categories":[55],"tags":[],"class_list":["post-33192","post","type-post","status-publish","format-standard","hentry","category-alltaeglicher-wahnwitz"],"_links":{"self":[{"href":"https:\/\/zonenklaus.de\/wordpress\/index.php?rest_route=\/wp\/v2\/posts\/33192","targetHints":{"allow":["GET"]}}],"collection":[{"href":"https:\/\/zonenklaus.de\/wordpress\/index.php?rest_route=\/wp\/v2\/posts"}],"about":[{"href":"https:\/\/zonenklaus.de\/wordpress\/index.php?rest_route=\/wp\/v2\/types\/post"}],"author":[{"embeddable":true,"href":"https:\/\/zonenklaus.de\/wordpress\/index.php?rest_route=\/wp\/v2\/users\/6"}],"replies":[{"embeddable":true,"href":"https:\/\/zonenklaus.de\/wordpress\/index.php?rest_route=%2Fwp%2Fv2%2Fcomments&post=33192"}],"version-history":[{"count":3,"href":"https:\/\/zonenklaus.de\/wordpress\/index.php?rest_route=\/wp\/v2\/posts\/33192\/revisions"}],"predecessor-version":[{"id":33195,"href":"https:\/\/zonenklaus.de\/wordpress\/index.php?rest_route=\/wp\/v2\/posts\/33192\/revisions\/33195"}],"wp:attachment":[{"href":"https:\/\/zonenklaus.de\/wordpress\/index.php?rest_route=%2Fwp%2Fv2%2Fmedia&parent=33192"}],"wp:term":[{"taxonomy":"category","embeddable":true,"href":"https:\/\/zonenklaus.de\/wordpress\/index.php?rest_route=%2Fwp%2Fv2%2Fcategories&post=33192"},{"taxonomy":"post_tag","embeddable":true,"href":"https:\/\/zonenklaus.de\/wordpress\/index.php?rest_route=%2Fwp%2Fv2%2Ftags&post=33192"}],"curies":[{"name":"wp","href":"https:\/\/api.w.org\/{rel}","templated":true}]}}