{"id":33223,"date":"2019-11-22T22:15:20","date_gmt":"2019-11-22T21:15:20","guid":{"rendered":"http:\/\/zonenklaus.de\/wordpress\/?p=33223"},"modified":"2019-11-23T02:29:00","modified_gmt":"2019-11-23T01:29:00","slug":"gestern-verpasste-ich-erstmals-die-verleihung-des-guelden-schimmernde-langbeinige-kurzohrkarnickels-aus-dem-hause-burda-nicht","status":"publish","type":"post","link":"https:\/\/zonenklaus.de\/wordpress\/?p=33223","title":{"rendered":"Gestern verpasste ich erstmals die Verleihung des g\u00fclden schimmernde langbeinige Kurzohrkarnickels aus dem Hause Burda nicht"},"content":{"rendered":"<p>Eigentlich stimmt es gar nicht! Registrierte lediglich drei kurze Ausschnitte jener e<i>uphorischen<\/i> Sternstunde des heutigen medialen Kulturverst\u00e4ndnisses, mit seinem Mordsrummel w\u00e4hrend des Tanzes um das Goldene Langbeinkurzohrkarnickel.<br \/>\nMadame kam zur obligatorischen Werberauchpause in die K\u00fcche und lie\u00df ab, \u201egerade l\u00e4uft ein Film mit <a href=\"https:\/\/www.youtube.com\/watch?v=U57kusgI7ho\">Denzel Washington<\/a>, den magst du doch auch.&#8221; Stimmte schon, aber der Schmarren lief auf einer privaten Station. Machte mich trotzdem auf und wollte wissen, um was es da ging. Fand nur eine sehr magere Info, zappte anschlie\u00dfend weiter, landete deshalb im Ersten.<br \/>\nDa begann gerade eine Nase und stellte drei ber\u00fchmte bundesdeutsche Mimichen vor &#8211; Glas, Dohm, die dritte sagte mir \u00fcberhaupt nichts. Es begann eine exorbitante Lobhudelei, dass sich \u00fcberall die Balken bogen. Dann schwebte sie bedeutsam nach vorn, dann ging der Film auch weiter. N\u00e4chste Pause ging es dann retour. Irgendwann kam mir die Vermutung, auf dem D\u00f6delkanal liefen lediglich Werbespots mit st\u00f6renden Unterbrechungen von irgendeinem Thriller.<br \/>\nDachte mir, schaust doch heute mal in der Mediathek nach, was den m\u00fcndigen Fernsehkonsumenten da eigentlich geboten wird. <a href=\"https:\/\/www.daserste.de\/unterhaltung\/show\/bambi\/videosextern\/die-bambi-gala-2019-100.html\">Nach 1:47 Stunden<\/a> begann auch die Sequenz mit den drei Grazien. Nicht zufassen was der Plapperer vom Dienst ablie\u00df. <b>(<\/b><i>Was macht eigentlich der Filius von Uschi, <a href=\"https:\/\/de.wikipedia.org\/wiki\/Benjamin_Tewaag\">Benjamin \u201eBen\u201c Matthias Christian Tewaag,<\/a> gegenw\u00e4rtig \u00fcberhaupt? Vernahm schon l\u00e4ngere Zeit nichts mehr im Weltspiegel des TAGESSPITZELs von ihm. Atmet er m\u00f6glicherweise gerade wieder gesiebte Luft?<\/i><b>) <\/b><br \/>\n<!--more-->Bin begeistert, wie die \u00f6ffentlich\/rechtlichen Anstalten<b> <\/b>ihren Unterhaltungs- und Bildungsauftrag wahrnehmen und dazu die eingetrieben Geb\u00fchren verbraten. Kein Wunder, wenn z.B. bei Dauerkonsumenten von solchem <i>Live-Entertainment<\/i>, zwangsl\u00e4ufig in deren Hirnwindungen geistige Sahelzonen entstehen, auch wenn sie sich nebenher mit fl\u00fcssigen Volksdrogen die Kante geben&#8230;<br \/>\nMuss aber eins sagen, dieses dargebotene Leipziger Allerlei als Augen- und Ohrenschmaus hat es in sich! Da bestimmt jeder etwas f\u00fcr sein pseudo-hedonistisches Seelenheil herauspicken konnte. Sogar unterschiedlichster Betroffenheitskitsch kam nicht zu kurz.<br \/>\nDa m\u00fcssen sich Myriaden von E<i>ks<\/i>perten sehr viel M\u00fche gegeben haben, angefangen bei sehr umtriebigen <i>P\u00fccholochen<\/i>&#8230;<br \/>\nH\u00f6re hier mit meinen Betrachtungen auf, denn es hei\u00dft doch so sch\u00f6n: <i>Jedem Tierchen sein Pl\u00e4sierchen! <\/i><br \/>\nWas ich tags\u00fcber registrierte, ging es auf dem CDU-Bundesparteitag in Leipzig \u00e4hnlich weiter&#8230;<br \/>\nBILD titelte: <a href=\"https:\/\/www.bild.de\/politik\/inland\/politik-inland\/cdu-parteitag-in-leipzig-merkel-rede-duell-zwischen-akk-und-merz-erwartet-66197040.bild.html\"><i>1:0 f\u00fcr AKK!<\/i><\/a><br \/>\n<i>Merz macht \u201eDefensiv-R\u00fcckzieher\u201c<\/i>, sehr sch\u00f6n verklausuliert f\u00fcr die Plebse!<br \/>\nF\u00fcr wie bl\u00f6de halten die Medien Fritze Merz \u00fcberhaupt, weshalb sollte er sich weit im Vorfeld, denn jetzt schon auf <a href=\"https:\/\/www.youtube.com\/watch?v=bi_aFqzXZKg\">Putzfrau Gretel<\/a>? Au\u00dferdem ist die \u00fcberhaupt nicht n\u00f6tig, denn die Frau wird sich demn\u00e4chst noch rasant selbst demontieren, da walte Hugo. Da kann Merz Ruhe bewahren, sein Einsatz als Brutus wird im richtigen Augenblick erfolgen. Nichtsdestotrotz lauern auch hinter ihm die entsprechenden Getreuen, die bereits ihre Messer wetzen&#8230;<br \/>\nAllerdings wird AKK f\u00fcr ihren <i>Parteifreund<\/i> <b>(<\/b><i>Wer von solchen Parteifreunden umgeben ist, braucht weiter keine anderen Feinde zu f\u00fcrchten!<\/i><b>) <\/b> auch gen\u00fcgend Tellereisen auf Reserve haben.<br \/>\nLetztlich werden beide draufzahlen, denn keiner von beiden wird in der Lage sein, <a href=\"https:\/\/www.bild.de\/politik\/inland\/politik-inland\/nach-14-jahren-kanzlerschaft-fluechtlingskrise-ist-merkels-erbe-66217706.bild.html\">dieses uns\u00e4gliche Erbe<\/a> von Mutti wegzur\u00e4umen&#8230;<\/p>\n","protected":false},"excerpt":{"rendered":"<p>Eigentlich stimmt es gar nicht! Registrierte lediglich drei kurze Ausschnitte jener euphorischen Sternstunde des heutigen medialen Kulturverst\u00e4ndnisses, mit seinem Mordsrummel w\u00e4hrend des Tanzes um das Goldene Langbeinkurzohrkarnickel. Madame kam zur obligatorischen Werberauchpause in die K\u00fcche und lie\u00df ab, \u201egerade l\u00e4uft ein Film mit Denzel Washington, den magst du doch auch.&#8221; Stimmte schon, aber der Schmarren [&hellip;]<\/p>\n","protected":false},"author":6,"featured_media":0,"comment_status":"open","ping_status":"open","sticky":false,"template":"","format":"standard","meta":{"footnotes":""},"categories":[1],"tags":[],"class_list":["post-33223","post","type-post","status-publish","format-standard","hentry","category-allgemeines"],"_links":{"self":[{"href":"https:\/\/zonenklaus.de\/wordpress\/index.php?rest_route=\/wp\/v2\/posts\/33223","targetHints":{"allow":["GET"]}}],"collection":[{"href":"https:\/\/zonenklaus.de\/wordpress\/index.php?rest_route=\/wp\/v2\/posts"}],"about":[{"href":"https:\/\/zonenklaus.de\/wordpress\/index.php?rest_route=\/wp\/v2\/types\/post"}],"author":[{"embeddable":true,"href":"https:\/\/zonenklaus.de\/wordpress\/index.php?rest_route=\/wp\/v2\/users\/6"}],"replies":[{"embeddable":true,"href":"https:\/\/zonenklaus.de\/wordpress\/index.php?rest_route=%2Fwp%2Fv2%2Fcomments&post=33223"}],"version-history":[{"count":2,"href":"https:\/\/zonenklaus.de\/wordpress\/index.php?rest_route=\/wp\/v2\/posts\/33223\/revisions"}],"predecessor-version":[{"id":33225,"href":"https:\/\/zonenklaus.de\/wordpress\/index.php?rest_route=\/wp\/v2\/posts\/33223\/revisions\/33225"}],"wp:attachment":[{"href":"https:\/\/zonenklaus.de\/wordpress\/index.php?rest_route=%2Fwp%2Fv2%2Fmedia&parent=33223"}],"wp:term":[{"taxonomy":"category","embeddable":true,"href":"https:\/\/zonenklaus.de\/wordpress\/index.php?rest_route=%2Fwp%2Fv2%2Fcategories&post=33223"},{"taxonomy":"post_tag","embeddable":true,"href":"https:\/\/zonenklaus.de\/wordpress\/index.php?rest_route=%2Fwp%2Fv2%2Ftags&post=33223"}],"curies":[{"name":"wp","href":"https:\/\/api.w.org\/{rel}","templated":true}]}}