{"id":33367,"date":"2019-12-28T22:31:09","date_gmt":"2019-12-28T21:31:09","guid":{"rendered":"http:\/\/zonenklaus.de\/wordpress\/?p=33367"},"modified":"2019-12-30T01:35:33","modified_gmt":"2019-12-30T00:35:33","slug":"liebe-paarhufer-der-domestizierten-gattung-von-wildschweinen-mit-aeusserlichem-look-des-homo-sapiens","status":"publish","type":"post","link":"https:\/\/zonenklaus.de\/wordpress\/?p=33367","title":{"rendered":"Liebe Paarhufer der domestizierten Gattung von Wildschweinen mit \u00e4u\u00dferlichem Look des \u201eHomo sapiens\u201c!"},"content":{"rendered":"<p>Zur Erkl\u00e4rung ist bei WIKI zu lesen &#8211; <i>Der Mensch (Homo sapiens, lateinisch \u201everstehender, verst\u00e4ndiger\u201c oder \u201eweiser, gescheiter, kluger, vern\u00fcnftiger Mensch\u201c) ist nach der biologischen Systematik eine Art der Gattung Homo <\/i><span style=\"font-size: xx-small;\"><b>(<\/b><\/span><span style=\"font-size: xx-small;\">Hier eine kurze Fu\u00dfnote f\u00fcr all jene Zeitgenossen<\/span><sup><span style=\"font-size: xx-small;\"><b>*INNEN usw.<\/b><\/span><\/sup><span style=\"font-size: xx-small;\">, die weder in der Lage sind korrekt zuzuh\u00f6ren, allerdings auch bestimmte Worte im Bereich ihrer selektiven Wahrnehmungen permanent \u00fcberlesen und verstandesm\u00e4\u00dfig deshalb auch nicht vollends raffen, was man damit \u00fcberhaupt formulieren will. Hier sind n\u00e4mlich mit dem Begriff:<\/span><b> <\/b><i><span style=\"font-size: xx-small;\"><b>Homo<\/b><\/span><\/i><span style=\"font-size: xx-small;\">, auf keinen Fall die<\/span><i><span style=\"font-size: xx-small;\"> lauwarmen<\/span><\/i><span style=\"font-size: xx-small;\"> Br\u00fcder und Schwestern vom anderen Stern gemeint!<\/span><span style=\"font-size: xx-small;\"><b>)<\/b><\/span> <i>aus der Familie der Menschenaffen, die zur Ordnung der Primaten und damit zu den h\u00f6heren S\u00e4ugetieren geh\u00f6rt.<\/i><br \/>\nEs war bereits fr\u00fcher schon gang und g\u00e4be, dass gerade Wissenschaftler aus ihren Elfenbeint\u00fcrmen heraus, recht weltfremde Ansichten unters Volk streuten. Sehr deutlich kommt diese Eigenheit auch heute noch zum Tragen, wenn sie mit Hilfe der lateinischen Sprache, beliebige Erkenntnisse wunderlich und auch noch seltsam infantil verkl\u00e4ren. Kann es mir nur so erkl\u00e4ren, dass ihnen oftmals Diplome und Titel nicht gen\u00fcgen, um sich von der breiten Masse abzuheben, aus deren Bodensatz der Gesellschaft, sie auf Grund des vorherrschenden \u201eBildungssystems\u201c, aufsteigen durften&#8230;<br \/>\n<!--more-->Homo sapiens: <i>\u201everstehender, verst\u00e4ndiger\u201c oder \u201eweiser, gescheiter, kluger, vern\u00fcnftiger Mensch\u201c, <\/i>dieses verbr\u00e4mte Erkl\u00e4rungsmuster war doch immer schon ein tragischer<i> Running Gag<\/i>! Heutzutage wird nun von den \u00fcberall gehypten E<i>ks<\/i>perten noch eins drauf gegeben, daf\u00fcr dienen in UNSEREN Tagen die teilweise idiotischen Verst\u00e4ndigungs-Pirouetten der politisch korrekten Verbalhurerei. Besonders gut zu beobachten, wenn intellektuell weichgesp\u00fclte monologisierende <i>Flachzangen des<\/i> <i>\u00f6ffentlichen Lebens, <\/i>w\u00e4hrend<i> ganz wichtiger <\/i>Schwadronaden-Live-Auftritte quotengef\u00e4llig <i>nett<\/i> aneinander vorbei plappern.<br \/>\nWobei mit der staatlich gef\u00f6rderten Verbreitung von ebendiesen populistischen D\u00fcnnschiss, das Ende der Fahnenstange UNSERER gesellschaftlichen Auseinandersetzung noch nicht erreicht ist!<br \/>\nAlles wird einmal mehr noch getoppt, wenn Myriaden von Nutzern der verbl\u00f6denden iPhone-Generation ihre <a href=\"http:\/\/zonenklaus.de\/wordpress\/?p=19694\"><i>Meinungen <\/i><b>anonym<\/b><\/a> in ihre Kommunikationsprothesen hacken und sogar ohne weitere juristische Folgen Rundumschl\u00e4gen gegen alles und jeden verteilen d\u00fcrfen&#8230;<br \/>\nEndlich gab der WDR mit seiner jugendlichen Hymne den Ansto\u00df: <a href=\"https:\/\/web.de\/magazine\/panorama\/oma-ne-umweltsau-wdr-loescht-satirisches-kinderchorlied-34302418\">&#8220;Oma ist &#8216;ne Umweltsau&#8221;<\/a>, wodurch der deutsche Spie\u00dfer und seine Ableger die Chance haben, sich volkst\u00fcmlich ausschei\u00dfen zu k\u00f6nnen, zum Jahresende noch ein gewaltiger Orgasmus f\u00fcr\u00b4s Netz.<\/p>\n","protected":false},"excerpt":{"rendered":"<p>Zur Erkl\u00e4rung ist bei WIKI zu lesen &#8211; Der Mensch (Homo sapiens, lateinisch \u201everstehender, verst\u00e4ndiger\u201c oder \u201eweiser, gescheiter, kluger, vern\u00fcnftiger Mensch\u201c) ist nach der biologischen Systematik eine Art der Gattung Homo (Hier eine kurze Fu\u00dfnote f\u00fcr all jene Zeitgenossen*INNEN usw., die weder in der Lage sind korrekt zuzuh\u00f6ren, allerdings auch bestimmte Worte im Bereich ihrer [&hellip;]<\/p>\n","protected":false},"author":6,"featured_media":0,"comment_status":"open","ping_status":"open","sticky":false,"template":"","format":"standard","meta":{"footnotes":""},"categories":[55],"tags":[],"class_list":["post-33367","post","type-post","status-publish","format-standard","hentry","category-alltaeglicher-wahnwitz"],"_links":{"self":[{"href":"https:\/\/zonenklaus.de\/wordpress\/index.php?rest_route=\/wp\/v2\/posts\/33367","targetHints":{"allow":["GET"]}}],"collection":[{"href":"https:\/\/zonenklaus.de\/wordpress\/index.php?rest_route=\/wp\/v2\/posts"}],"about":[{"href":"https:\/\/zonenklaus.de\/wordpress\/index.php?rest_route=\/wp\/v2\/types\/post"}],"author":[{"embeddable":true,"href":"https:\/\/zonenklaus.de\/wordpress\/index.php?rest_route=\/wp\/v2\/users\/6"}],"replies":[{"embeddable":true,"href":"https:\/\/zonenklaus.de\/wordpress\/index.php?rest_route=%2Fwp%2Fv2%2Fcomments&post=33367"}],"version-history":[{"count":3,"href":"https:\/\/zonenklaus.de\/wordpress\/index.php?rest_route=\/wp\/v2\/posts\/33367\/revisions"}],"predecessor-version":[{"id":33370,"href":"https:\/\/zonenklaus.de\/wordpress\/index.php?rest_route=\/wp\/v2\/posts\/33367\/revisions\/33370"}],"wp:attachment":[{"href":"https:\/\/zonenklaus.de\/wordpress\/index.php?rest_route=%2Fwp%2Fv2%2Fmedia&parent=33367"}],"wp:term":[{"taxonomy":"category","embeddable":true,"href":"https:\/\/zonenklaus.de\/wordpress\/index.php?rest_route=%2Fwp%2Fv2%2Fcategories&post=33367"},{"taxonomy":"post_tag","embeddable":true,"href":"https:\/\/zonenklaus.de\/wordpress\/index.php?rest_route=%2Fwp%2Fv2%2Ftags&post=33367"}],"curies":[{"name":"wp","href":"https:\/\/api.w.org\/{rel}","templated":true}]}}